{"id":1024,"date":"2015-08-26T22:46:59","date_gmt":"2015-08-26T21:46:59","guid":{"rendered":"http:\/\/rheinhessen-imker.de\/?p=1024"},"modified":"2015-09-15T22:37:46","modified_gmt":"2015-09-15T21:37:46","slug":"abschleudern-und-erste-varroa-behandlung","status":"publish","type":"post","link":"https:\/\/rheinhessen-imker.de\/?p=1024","title":{"rendered":"Abschleudern und erste Varroa-Behandlung"},"content":{"rendered":"<p>Die\u00a0Honigsaison 2015 ist fast beendet. Letzte Woche\u00a0haben wir &#8222;abgeschleudert&#8220;, also die letzte Ernte in diesem Jahr eingebracht.<\/p>\n<p>Insgesamt sind wir sehr zufrieden: Etwas \u00fcber 200 kg haben unsere Bienen in Heidesheim eingetragen; die Bienen in der Mainzer Neustadt weitere 75 kg.<\/p>\n<p>Obwohl noch Sommerferien sind, beginnen wir nun mit den Herbstarbeiten und der Wintervorbereitung. Als erstes\u00a0haben wir mit der (ersten)\u00a0Varroa-Behandlung begonnen: Der \u00a0&#8222;Schwammtuch-Methode&#8220; als Kurzzeitbehandlung. Hierbei wird ein normales K\u00fcchen-Schwammtuch auf die R\u00e4hmchen (in der oberen Zarge) gelegt und mit 60%-iger Ameisens\u00e4ure begossen. Diese verdunstet dann \u00fcber zwei Tage in der Beute. So wird vor dem Einf\u00fcttern ein Teil der Varroa-Last aus den V\u00f6lkern genommen.<\/p>\n<p>Hilfreich f\u00fcr die Wahl des richtigen Zeitpunkts ist das &#8222;<a href=\"http:\/\/www.bienenkunde.rlp.de\/Internet\/global\/inetcntr.nsf\/dlr_web_full.xsp?src=849610M9L3&amp;p1=8X114P7ADW&amp;p3=D2KEU5C709&amp;p4=XF10F330RV\">Varroa-Wetter<\/a>&#8220; des <a href=\"http:\/\/www.bienenkunde.rlp.de\">Bieneninstituts in Mayen<\/a>.<\/p>\n<div class=\"tiled-gallery type-rectangular tiled-gallery-unresized\" data-original-width=\"660\" data-carousel-extra='{&quot;blog_id&quot;:1,&quot;permalink&quot;:&quot;https:\\\/\\\/rheinhessen-imker.de\\\/?p=1024&quot;,&quot;likes_blog_id&quot;:80830978}' itemscope itemtype=\"http:\/\/schema.org\/ImageGallery\" > <div class=\"gallery-row\" style=\"width: 660px; height: 496px;\" data-original-width=\"660\" data-original-height=\"496\" > <div class=\"gallery-group images-1\" style=\"width: 660px; height: 496px;\" data-original-width=\"660\" data-original-height=\"496\" > <div class=\"tiled-gallery-item tiled-gallery-item-large\" itemprop=\"associatedMedia\" itemscope itemtype=\"http:\/\/schema.org\/ImageObject\"> <a href=\"https:\/\/rheinhessen-imker.de\/?attachment_id=1035\" border=\"0\" itemprop=\"url\"> <meta itemprop=\"width\" content=\"656\"> <meta itemprop=\"height\" content=\"492\"> <img decoding=\"async\" class=\"\" data-attachment-id=\"1035\" data-orig-file=\"https:\/\/rheinhessen-imker.de\/wp-content\/uploads\/2015\/08\/Bienen_2015-08-19_19-47-56.jpg\" data-orig-size=\"1000,750\" data-comments-opened=\"1\" data-image-meta=\"{&quot;aperture&quot;:&quot;0&quot;,&quot;credit&quot;:&quot;&quot;,&quot;camera&quot;:&quot;&quot;,&quot;caption&quot;:&quot;&quot;,&quot;created_timestamp&quot;:&quot;0&quot;,&quot;copyright&quot;:&quot;Michael Gr\\u00fcger&quot;,&quot;focal_length&quot;:&quot;0&quot;,&quot;iso&quot;:&quot;0&quot;,&quot;shutter_speed&quot;:&quot;0&quot;,&quot;title&quot;:&quot;&quot;,&quot;orientation&quot;:&quot;1&quot;}\" data-image-title=\"Bienen_2015-08-19_19-47-56\" data-image-description=\"\" data-medium-file=\"https:\/\/rheinhessen-imker.de\/wp-content\/uploads\/2015\/08\/Bienen_2015-08-19_19-47-56-300x225.jpg\" data-large-file=\"https:\/\/rheinhessen-imker.de\/wp-content\/uploads\/2015\/08\/Bienen_2015-08-19_19-47-56.jpg\" src=\"https:\/\/i0.wp.com\/rheinhessen-imker.de\/wp-content\/uploads\/2015\/08\/Bienen_2015-08-19_19-47-56.jpg?w=656&#038;h=492&#038;ssl=1\" srcset=\"https:\/\/rheinhessen-imker.de\/wp-content\/uploads\/2015\/08\/Bienen_2015-08-19_19-47-56.jpg 1000w, https:\/\/rheinhessen-imker.de\/wp-content\/uploads\/2015\/08\/Bienen_2015-08-19_19-47-56-150x113.jpg 150w, https:\/\/rheinhessen-imker.de\/wp-content\/uploads\/2015\/08\/Bienen_2015-08-19_19-47-56-300x225.jpg 300w, https:\/\/rheinhessen-imker.de\/wp-content\/uploads\/2015\/08\/Bienen_2015-08-19_19-47-56-700x525.jpg 700w\" width=\"656\" height=\"492\" loading=\"lazy\" data-original-width=\"656\" data-original-height=\"492\" itemprop=\"http:\/\/schema.org\/image\" title=\"Bienen_2015-08-19_19-47-56\" alt=\"Ameisens\u00e4ure wird auf das Schwammtuch gegossen.\" style=\"width: 656px; height: 492px;\" \/> <\/a> <div class=\"tiled-gallery-caption\" itemprop=\"caption description\"> Ameisens\u00e4ure wird auf das Schwammtuch gegossen. <\/div> <\/div> <\/div> <!-- close group --> <\/div> <!-- close row --> <\/div>\n<p>&nbsp;<\/p>\n<p>&nbsp;<\/p>\n<p>&nbsp;<\/p>\n","protected":false},"excerpt":{"rendered":"<p>Die\u00a0Honigsaison 2015 ist fast beendet. Letzte Woche\u00a0haben wir &#8222;abgeschleudert&#8220;, also die letzte Ernte in diesem Jahr eingebracht. Insgesamt sind wir sehr zufrieden: Etwas \u00fcber 200 kg haben unsere Bienen in Heidesheim eingetragen; die Bienen in der Mainzer Neustadt weitere 75 kg. Obwohl noch Sommerferien sind, beginnen wir nun mit den &#8230;<\/p>\n","protected":false},"author":1,"featured_media":1035,"comment_status":"open","ping_status":"closed","sticky":false,"template":"","format":"standard","meta":{"_jetpack_memberships_contains_paid_content":false,"footnotes":""},"categories":[35,3],"tags":[],"class_list":["post-1024","post","type-post","status-publish","format-standard","has-post-thumbnail","hentry","category-bienengesundheit","category-bienenhaltung","column","twocol","has-thumbnail"],"jetpack_sharing_enabled":true,"jetpack_featured_media_url":"https:\/\/rheinhessen-imker.de\/wp-content\/uploads\/2015\/08\/Bienen_2015-08-19_19-47-56.jpg","jetpack_shortlink":"https:\/\/wp.me\/p5t9Ps-gw","_links":{"self":[{"href":"https:\/\/rheinhessen-imker.de\/index.php?rest_route=\/wp\/v2\/posts\/1024","targetHints":{"allow":["GET"]}}],"collection":[{"href":"https:\/\/rheinhessen-imker.de\/index.php?rest_route=\/wp\/v2\/posts"}],"about":[{"href":"https:\/\/rheinhessen-imker.de\/index.php?rest_route=\/wp\/v2\/types\/post"}],"author":[{"embeddable":true,"href":"https:\/\/rheinhessen-imker.de\/index.php?rest_route=\/wp\/v2\/users\/1"}],"replies":[{"embeddable":true,"href":"https:\/\/rheinhessen-imker.de\/index.php?rest_route=%2Fwp%2Fv2%2Fcomments&post=1024"}],"version-history":[{"count":4,"href":"https:\/\/rheinhessen-imker.de\/index.php?rest_route=\/wp\/v2\/posts\/1024\/revisions"}],"predecessor-version":[{"id":1037,"href":"https:\/\/rheinhessen-imker.de\/index.php?rest_route=\/wp\/v2\/posts\/1024\/revisions\/1037"}],"wp:featuredmedia":[{"embeddable":true,"href":"https:\/\/rheinhessen-imker.de\/index.php?rest_route=\/wp\/v2\/media\/1035"}],"wp:attachment":[{"href":"https:\/\/rheinhessen-imker.de\/index.php?rest_route=%2Fwp%2Fv2%2Fmedia&parent=1024"}],"wp:term":[{"taxonomy":"category","embeddable":true,"href":"https:\/\/rheinhessen-imker.de\/index.php?rest_route=%2Fwp%2Fv2%2Fcategories&post=1024"},{"taxonomy":"post_tag","embeddable":true,"href":"https:\/\/rheinhessen-imker.de\/index.php?rest_route=%2Fwp%2Fv2%2Ftags&post=1024"}],"curies":[{"name":"wp","href":"https:\/\/api.w.org\/{rel}","templated":true}]}}