{"id":1074,"date":"2015-09-15T22:21:01","date_gmt":"2015-09-15T21:21:01","guid":{"rendered":"http:\/\/rheinhessen-imker.de\/?p=1074"},"modified":"2015-09-16T08:12:45","modified_gmt":"2015-09-16T07:12:45","slug":"zweite-varroabehandlung-mit-ameisensaeure","status":"publish","type":"post","link":"https:\/\/rheinhessen-imker.de\/?p=1074","title":{"rendered":"Zweite Varroabehandlung mit Ameisens\u00e4ure"},"content":{"rendered":"<p>Direkt nach Ende des Einf\u00fctterns stand nun die zweite Varroa-Behandlung auf dem Plan. Bei passendem Wetter (sehr hilfreich ist hier das <a href=\"http:\/\/www.bienenkunde.rlp.de\/Internet\/global\/inetcntr.nsf\/dlr_web_full.xsp?src=849610M9L3&amp;p1=8X114P7ADW&amp;p3=D2KEU5C709&amp;p4=XF10F330RV\">&#8222;Varroawetter&#8220;<\/a> des Bieneninstitutes in Mayen), wurden die V\u00f6lker diesmal mit 60%-iger Ameisens\u00e4ure im Liebig-Dispenser behandelt.<\/p>\n<p>Dabei wird je nach Volksst\u00e4rke und Zargengr\u00f6\u00dfe eine entsprechende Menge Ameisens\u00e4ure in eine Flasche gef\u00fcllt, die anschlie\u00dfend im Volk kopf\u00fcber auf ein Blatt &#8222;L\u00f6schpapier&#8220; gestellt wird. Hierdurch verdunstet die Ameisens\u00e4ure \u00fcber einen l\u00e4ngeren Zeitraum und kann so ihre Wirkung sehr intensiv entfalten.<\/p>\n<p>Um die S\u00e4urekonzentration im Bienenstock hoch zu halten wird zur Unterst\u00fctzung auch die Varroa-Windel eingeschoben und so die Frischluftzufuhr in das Volk vermindert. Gleichzeitig dient\u00a0die Varroa-Windel aber auch dem\u00a0Z\u00e4hlen der gefallenen Milben und erm\u00f6glicht somit auch eine Wirkungskontrolle der Behandlung.<\/p>\n<div class=\"tiled-gallery type-rectangular tiled-gallery-unresized\" data-original-width=\"660\" data-carousel-extra='{&quot;blog_id&quot;:1,&quot;permalink&quot;:&quot;https:\\\/\\\/rheinhessen-imker.de\\\/?p=1074&quot;,&quot;likes_blog_id&quot;:80830978}' itemscope itemtype=\"http:\/\/schema.org\/ImageGallery\" > <div class=\"gallery-row\" style=\"width: 660px; height: 331px;\" data-original-width=\"660\" data-original-height=\"331\" > <div class=\"gallery-group images-1\" style=\"width: 440px; height: 331px;\" data-original-width=\"440\" data-original-height=\"331\" > <div class=\"tiled-gallery-item tiled-gallery-item-large\" itemprop=\"associatedMedia\" itemscope itemtype=\"http:\/\/schema.org\/ImageObject\"> <a href=\"https:\/\/rheinhessen-imker.de\/?attachment_id=1067\" border=\"0\" itemprop=\"url\"> <meta itemprop=\"width\" content=\"436\"> <meta itemprop=\"height\" content=\"327\"> <img decoding=\"async\" class=\"\" data-attachment-id=\"1067\" data-orig-file=\"https:\/\/rheinhessen-imker.de\/wp-content\/uploads\/2015\/09\/Bienen_2015-09-12_13-58-40.jpg\" data-orig-size=\"1000,750\" data-comments-opened=\"1\" data-image-meta=\"{&quot;aperture&quot;:&quot;0&quot;,&quot;credit&quot;:&quot;&quot;,&quot;camera&quot;:&quot;&quot;,&quot;caption&quot;:&quot;&quot;,&quot;created_timestamp&quot;:&quot;0&quot;,&quot;copyright&quot;:&quot;Michael Gr\\u00fcger&quot;,&quot;focal_length&quot;:&quot;0&quot;,&quot;iso&quot;:&quot;0&quot;,&quot;shutter_speed&quot;:&quot;0&quot;,&quot;title&quot;:&quot;&quot;,&quot;orientation&quot;:&quot;1&quot;}\" data-image-title=\"Bienen_2015-09-12_13-58-40\" data-image-description=\"\" data-medium-file=\"https:\/\/rheinhessen-imker.de\/wp-content\/uploads\/2015\/09\/Bienen_2015-09-12_13-58-40-300x225.jpg\" data-large-file=\"https:\/\/rheinhessen-imker.de\/wp-content\/uploads\/2015\/09\/Bienen_2015-09-12_13-58-40.jpg\" src=\"https:\/\/i0.wp.com\/rheinhessen-imker.de\/wp-content\/uploads\/2015\/09\/Bienen_2015-09-12_13-58-40.jpg?w=436&#038;h=327&#038;ssl=1\" srcset=\"https:\/\/rheinhessen-imker.de\/wp-content\/uploads\/2015\/09\/Bienen_2015-09-12_13-58-40.jpg 1000w, https:\/\/rheinhessen-imker.de\/wp-content\/uploads\/2015\/09\/Bienen_2015-09-12_13-58-40-150x113.jpg 150w, https:\/\/rheinhessen-imker.de\/wp-content\/uploads\/2015\/09\/Bienen_2015-09-12_13-58-40-300x225.jpg 300w, https:\/\/rheinhessen-imker.de\/wp-content\/uploads\/2015\/09\/Bienen_2015-09-12_13-58-40-700x525.jpg 700w\" width=\"436\" height=\"327\" loading=\"lazy\" data-original-width=\"436\" data-original-height=\"327\" itemprop=\"http:\/\/schema.org\/image\" title=\"Bienen_2015-09-12_13-58-40\" alt=\"Ben\u00f6tigtes Material\" style=\"width: 436px; height: 327px;\" \/> <\/a> <div class=\"tiled-gallery-caption\" itemprop=\"caption description\"> Ben\u00f6tigtes Material <\/div> <\/div> <\/div> <!-- close group --> <div class=\"gallery-group images-2\" style=\"width: 220px; height: 331px;\" data-original-width=\"220\" data-original-height=\"331\" > <div class=\"tiled-gallery-item tiled-gallery-item-small\" itemprop=\"associatedMedia\" itemscope itemtype=\"http:\/\/schema.org\/ImageObject\"> <a href=\"https:\/\/rheinhessen-imker.de\/?attachment_id=1068\" border=\"0\" itemprop=\"url\"> <meta itemprop=\"width\" content=\"216\"> <meta itemprop=\"height\" content=\"162\"> <img decoding=\"async\" class=\"\" data-attachment-id=\"1068\" data-orig-file=\"https:\/\/rheinhessen-imker.de\/wp-content\/uploads\/2015\/09\/Bienen_2015-09-12_14-07-37.jpg\" data-orig-size=\"1000,750\" data-comments-opened=\"1\" data-image-meta=\"{&quot;aperture&quot;:&quot;0&quot;,&quot;credit&quot;:&quot;&quot;,&quot;camera&quot;:&quot;&quot;,&quot;caption&quot;:&quot;&quot;,&quot;created_timestamp&quot;:&quot;0&quot;,&quot;copyright&quot;:&quot;Michael Gr\\u00fcger&quot;,&quot;focal_length&quot;:&quot;0&quot;,&quot;iso&quot;:&quot;0&quot;,&quot;shutter_speed&quot;:&quot;0&quot;,&quot;title&quot;:&quot;&quot;,&quot;orientation&quot;:&quot;1&quot;}\" data-image-title=\"Bienen_2015-09-12_14-07-37\" data-image-description=\"\" data-medium-file=\"https:\/\/rheinhessen-imker.de\/wp-content\/uploads\/2015\/09\/Bienen_2015-09-12_14-07-37-300x225.jpg\" data-large-file=\"https:\/\/rheinhessen-imker.de\/wp-content\/uploads\/2015\/09\/Bienen_2015-09-12_14-07-37.jpg\" src=\"https:\/\/i0.wp.com\/rheinhessen-imker.de\/wp-content\/uploads\/2015\/09\/Bienen_2015-09-12_14-07-37.jpg?w=216&#038;h=162&#038;ssl=1\" srcset=\"https:\/\/rheinhessen-imker.de\/wp-content\/uploads\/2015\/09\/Bienen_2015-09-12_14-07-37.jpg 1000w, https:\/\/rheinhessen-imker.de\/wp-content\/uploads\/2015\/09\/Bienen_2015-09-12_14-07-37-150x113.jpg 150w, https:\/\/rheinhessen-imker.de\/wp-content\/uploads\/2015\/09\/Bienen_2015-09-12_14-07-37-300x225.jpg 300w, https:\/\/rheinhessen-imker.de\/wp-content\/uploads\/2015\/09\/Bienen_2015-09-12_14-07-37-700x525.jpg 700w\" width=\"216\" height=\"162\" loading=\"lazy\" data-original-width=\"216\" data-original-height=\"162\" itemprop=\"http:\/\/schema.org\/image\" title=\"Bienen_2015-09-12_14-07-37\" alt=\"Abf\u00fcllen der Ameisens\u00e4ure\" style=\"width: 216px; height: 162px;\" \/> <\/a> <div class=\"tiled-gallery-caption\" itemprop=\"caption description\"> Abf\u00fcllen der Ameisens\u00e4ure <\/div> <\/div> <div class=\"tiled-gallery-item tiled-gallery-item-small\" itemprop=\"associatedMedia\" itemscope itemtype=\"http:\/\/schema.org\/ImageObject\"> <a href=\"https:\/\/rheinhessen-imker.de\/?attachment_id=1071\" border=\"0\" itemprop=\"url\"> <meta itemprop=\"width\" content=\"216\"> <meta itemprop=\"height\" content=\"161\"> <img decoding=\"async\" class=\"\" data-attachment-id=\"1071\" data-orig-file=\"https:\/\/rheinhessen-imker.de\/wp-content\/uploads\/2015\/09\/Bienen_2015-09-12_14-21-29.jpg\" data-orig-size=\"1000,750\" data-comments-opened=\"1\" data-image-meta=\"{&quot;aperture&quot;:&quot;0&quot;,&quot;credit&quot;:&quot;&quot;,&quot;camera&quot;:&quot;&quot;,&quot;caption&quot;:&quot;&quot;,&quot;created_timestamp&quot;:&quot;0&quot;,&quot;copyright&quot;:&quot;Michael Gr\\u00fcger&quot;,&quot;focal_length&quot;:&quot;0&quot;,&quot;iso&quot;:&quot;0&quot;,&quot;shutter_speed&quot;:&quot;0&quot;,&quot;title&quot;:&quot;&quot;,&quot;orientation&quot;:&quot;1&quot;}\" data-image-title=\"Bienen_2015-09-12_14-21-29\" data-image-description=\"\" data-medium-file=\"https:\/\/rheinhessen-imker.de\/wp-content\/uploads\/2015\/09\/Bienen_2015-09-12_14-21-29-300x225.jpg\" data-large-file=\"https:\/\/rheinhessen-imker.de\/wp-content\/uploads\/2015\/09\/Bienen_2015-09-12_14-21-29.jpg\" src=\"https:\/\/i0.wp.com\/rheinhessen-imker.de\/wp-content\/uploads\/2015\/09\/Bienen_2015-09-12_14-21-29.jpg?w=216&#038;h=161&#038;ssl=1\" srcset=\"https:\/\/rheinhessen-imker.de\/wp-content\/uploads\/2015\/09\/Bienen_2015-09-12_14-21-29.jpg 1000w, https:\/\/rheinhessen-imker.de\/wp-content\/uploads\/2015\/09\/Bienen_2015-09-12_14-21-29-150x113.jpg 150w, https:\/\/rheinhessen-imker.de\/wp-content\/uploads\/2015\/09\/Bienen_2015-09-12_14-21-29-300x225.jpg 300w, https:\/\/rheinhessen-imker.de\/wp-content\/uploads\/2015\/09\/Bienen_2015-09-12_14-21-29-700x525.jpg 700w\" width=\"216\" height=\"161\" loading=\"lazy\" data-original-width=\"216\" data-original-height=\"161\" itemprop=\"http:\/\/schema.org\/image\" title=\"Bienen_2015-09-12_14-21-29\" alt=\"Aufsetzen der Flasche auf das L\u00f6schpapier\" style=\"width: 216px; height: 161px;\" \/> <\/a> <div class=\"tiled-gallery-caption\" itemprop=\"caption description\"> Aufsetzen der Flasche auf das L\u00f6schpapier <\/div> <\/div> <\/div> <!-- close group --> <\/div> <!-- close row --> <div class=\"gallery-row\" style=\"width: 660px; height: 249px;\" data-original-width=\"660\" data-original-height=\"249\" > <div class=\"gallery-group images-1\" style=\"width: 330px; height: 249px;\" data-original-width=\"330\" data-original-height=\"249\" > <div class=\"tiled-gallery-item tiled-gallery-item-large\" itemprop=\"associatedMedia\" itemscope itemtype=\"http:\/\/schema.org\/ImageObject\"> <a href=\"https:\/\/rheinhessen-imker.de\/?attachment_id=1072\" border=\"0\" itemprop=\"url\"> <meta itemprop=\"width\" content=\"326\"> <meta itemprop=\"height\" content=\"245\"> <img decoding=\"async\" class=\"\" data-attachment-id=\"1072\" data-orig-file=\"https:\/\/rheinhessen-imker.de\/wp-content\/uploads\/2015\/09\/Bienen_2015-09-12_14-21-43.jpg\" data-orig-size=\"1000,750\" data-comments-opened=\"1\" data-image-meta=\"{&quot;aperture&quot;:&quot;0&quot;,&quot;credit&quot;:&quot;&quot;,&quot;camera&quot;:&quot;&quot;,&quot;caption&quot;:&quot;&quot;,&quot;created_timestamp&quot;:&quot;0&quot;,&quot;copyright&quot;:&quot;Michael Gr\\u00fcger&quot;,&quot;focal_length&quot;:&quot;0&quot;,&quot;iso&quot;:&quot;0&quot;,&quot;shutter_speed&quot;:&quot;0&quot;,&quot;title&quot;:&quot;&quot;,&quot;orientation&quot;:&quot;1&quot;}\" data-image-title=\"Bienen_2015-09-12_14-21-43\" data-image-description=\"\" data-medium-file=\"https:\/\/rheinhessen-imker.de\/wp-content\/uploads\/2015\/09\/Bienen_2015-09-12_14-21-43-300x225.jpg\" data-large-file=\"https:\/\/rheinhessen-imker.de\/wp-content\/uploads\/2015\/09\/Bienen_2015-09-12_14-21-43.jpg\" src=\"https:\/\/i0.wp.com\/rheinhessen-imker.de\/wp-content\/uploads\/2015\/09\/Bienen_2015-09-12_14-21-43.jpg?w=326&#038;h=245&#038;ssl=1\" srcset=\"https:\/\/rheinhessen-imker.de\/wp-content\/uploads\/2015\/09\/Bienen_2015-09-12_14-21-43.jpg 1000w, https:\/\/rheinhessen-imker.de\/wp-content\/uploads\/2015\/09\/Bienen_2015-09-12_14-21-43-150x113.jpg 150w, https:\/\/rheinhessen-imker.de\/wp-content\/uploads\/2015\/09\/Bienen_2015-09-12_14-21-43-300x225.jpg 300w, https:\/\/rheinhessen-imker.de\/wp-content\/uploads\/2015\/09\/Bienen_2015-09-12_14-21-43-700x525.jpg 700w\" width=\"326\" height=\"245\" loading=\"lazy\" data-original-width=\"326\" data-original-height=\"245\" itemprop=\"http:\/\/schema.org\/image\" title=\"Bienen_2015-09-12_14-21-43\" alt=\"Bienen_2015-09-12_14-21-43\" style=\"width: 326px; height: 245px;\" \/> <\/a> <\/div> <\/div> <!-- close group --> <div class=\"gallery-group images-1\" style=\"width: 330px; height: 249px;\" data-original-width=\"330\" data-original-height=\"249\" > <div class=\"tiled-gallery-item tiled-gallery-item-large\" itemprop=\"associatedMedia\" itemscope itemtype=\"http:\/\/schema.org\/ImageObject\"> <a href=\"https:\/\/rheinhessen-imker.de\/?attachment_id=1073\" border=\"0\" itemprop=\"url\"> <meta itemprop=\"width\" content=\"326\"> <meta itemprop=\"height\" content=\"245\"> <img decoding=\"async\" class=\"\" data-attachment-id=\"1073\" data-orig-file=\"https:\/\/rheinhessen-imker.de\/wp-content\/uploads\/2015\/09\/Bienen_2015-09-12_14-35-26.jpg\" data-orig-size=\"1000,750\" data-comments-opened=\"1\" data-image-meta=\"{&quot;aperture&quot;:&quot;0&quot;,&quot;credit&quot;:&quot;&quot;,&quot;camera&quot;:&quot;&quot;,&quot;caption&quot;:&quot;&quot;,&quot;created_timestamp&quot;:&quot;0&quot;,&quot;copyright&quot;:&quot;Michael Gr\\u00fcger&quot;,&quot;focal_length&quot;:&quot;0&quot;,&quot;iso&quot;:&quot;0&quot;,&quot;shutter_speed&quot;:&quot;0&quot;,&quot;title&quot;:&quot;&quot;,&quot;orientation&quot;:&quot;1&quot;}\" data-image-title=\"Bienen_2015-09-12_14-35-26\" data-image-description=\"\" data-medium-file=\"https:\/\/rheinhessen-imker.de\/wp-content\/uploads\/2015\/09\/Bienen_2015-09-12_14-35-26-300x225.jpg\" data-large-file=\"https:\/\/rheinhessen-imker.de\/wp-content\/uploads\/2015\/09\/Bienen_2015-09-12_14-35-26.jpg\" src=\"https:\/\/i0.wp.com\/rheinhessen-imker.de\/wp-content\/uploads\/2015\/09\/Bienen_2015-09-12_14-35-26.jpg?w=326&#038;h=245&#038;ssl=1\" srcset=\"https:\/\/rheinhessen-imker.de\/wp-content\/uploads\/2015\/09\/Bienen_2015-09-12_14-35-26.jpg 1000w, https:\/\/rheinhessen-imker.de\/wp-content\/uploads\/2015\/09\/Bienen_2015-09-12_14-35-26-150x113.jpg 150w, https:\/\/rheinhessen-imker.de\/wp-content\/uploads\/2015\/09\/Bienen_2015-09-12_14-35-26-300x225.jpg 300w, https:\/\/rheinhessen-imker.de\/wp-content\/uploads\/2015\/09\/Bienen_2015-09-12_14-35-26-700x525.jpg 700w\" width=\"326\" height=\"245\" loading=\"lazy\" data-original-width=\"326\" data-original-height=\"245\" itemprop=\"http:\/\/schema.org\/image\" title=\"Bienen_2015-09-12_14-35-26\" alt=\"Einlegen der Varroa-Windel\" style=\"width: 326px; height: 245px;\" \/> <\/a> <div class=\"tiled-gallery-caption\" itemprop=\"caption description\"> Einlegen der Varroa-Windel <\/div> <\/div> <\/div> <!-- close group --> <\/div> <!-- close row --> <\/div>\n","protected":false},"excerpt":{"rendered":"<p>Direkt nach Ende des Einf\u00fctterns stand nun die zweite Varroa-Behandlung auf dem Plan. Bei passendem Wetter (sehr hilfreich ist hier das &#8222;Varroawetter&#8220; des Bieneninstitutes in Mayen), wurden die V\u00f6lker diesmal mit 60%-iger Ameisens\u00e4ure im Liebig-Dispenser behandelt. Dabei wird je nach Volksst\u00e4rke und Zargengr\u00f6\u00dfe eine entsprechende Menge Ameisens\u00e4ure in eine Flasche &#8230;<\/p>\n","protected":false},"author":1,"featured_media":1067,"comment_status":"open","ping_status":"closed","sticky":false,"template":"","format":"standard","meta":{"_jetpack_memberships_contains_paid_content":false,"footnotes":""},"categories":[35,3],"tags":[],"class_list":["post-1074","post","type-post","status-publish","format-standard","has-post-thumbnail","hentry","category-bienengesundheit","category-bienenhaltung","column","twocol","has-thumbnail"],"jetpack_sharing_enabled":true,"jetpack_featured_media_url":"https:\/\/rheinhessen-imker.de\/wp-content\/uploads\/2015\/09\/Bienen_2015-09-12_13-58-40.jpg","jetpack_shortlink":"https:\/\/wp.me\/p5t9Ps-hk","_links":{"self":[{"href":"https:\/\/rheinhessen-imker.de\/index.php?rest_route=\/wp\/v2\/posts\/1074","targetHints":{"allow":["GET"]}}],"collection":[{"href":"https:\/\/rheinhessen-imker.de\/index.php?rest_route=\/wp\/v2\/posts"}],"about":[{"href":"https:\/\/rheinhessen-imker.de\/index.php?rest_route=\/wp\/v2\/types\/post"}],"author":[{"embeddable":true,"href":"https:\/\/rheinhessen-imker.de\/index.php?rest_route=\/wp\/v2\/users\/1"}],"replies":[{"embeddable":true,"href":"https:\/\/rheinhessen-imker.de\/index.php?rest_route=%2Fwp%2Fv2%2Fcomments&post=1074"}],"version-history":[{"count":3,"href":"https:\/\/rheinhessen-imker.de\/index.php?rest_route=\/wp\/v2\/posts\/1074\/revisions"}],"predecessor-version":[{"id":1077,"href":"https:\/\/rheinhessen-imker.de\/index.php?rest_route=\/wp\/v2\/posts\/1074\/revisions\/1077"}],"wp:featuredmedia":[{"embeddable":true,"href":"https:\/\/rheinhessen-imker.de\/index.php?rest_route=\/wp\/v2\/media\/1067"}],"wp:attachment":[{"href":"https:\/\/rheinhessen-imker.de\/index.php?rest_route=%2Fwp%2Fv2%2Fmedia&parent=1074"}],"wp:term":[{"taxonomy":"category","embeddable":true,"href":"https:\/\/rheinhessen-imker.de\/index.php?rest_route=%2Fwp%2Fv2%2Fcategories&post=1074"},{"taxonomy":"post_tag","embeddable":true,"href":"https:\/\/rheinhessen-imker.de\/index.php?rest_route=%2Fwp%2Fv2%2Ftags&post=1074"}],"curies":[{"name":"wp","href":"https:\/\/api.w.org\/{rel}","templated":true}]}}