{"id":1154,"date":"2015-12-29T20:38:48","date_gmt":"2015-12-29T19:38:48","guid":{"rendered":"http:\/\/rheinhessen-imker.de\/?p=1154"},"modified":"2016-01-02T23:16:29","modified_gmt":"2016-01-02T22:16:29","slug":"oxalsaeurebehandlung","status":"publish","type":"post","link":"https:\/\/rheinhessen-imker.de\/?p=1154","title":{"rendered":"Oxals\u00e4urebehandlung"},"content":{"rendered":"<p>Nachdem wir die letzten Wochen interessiert den Wetterbericht verfolgt hatten, war f\u00fcr heute geplant, die Oxals\u00e4urebehandlung zu machen. Denn nach der &#8222;Dezember-Hitzewelle&#8220;, wurden nun die Temperaturen doch noch niedrig genug f\u00fcr eine Behandlung.<\/p>\n<p>Durch die relativ hohen Temperaturen der letzen Wochen haben die\u00a0meisten unserer V\u00f6lker\u00a0nicht mit dem Br\u00fcten aufgeh\u00f6rt und vermutlich auch schon eifrig Pollen von unserer Hasel (bei uns \u00fcblicher Bl\u00fchbeginn Ende Januar \/ Anfang Februar) eingesammelt.<\/p>\n<p>Dies ist f\u00fcr die Oxals\u00e4urebehandlung nicht ideal, da diese f\u00fcr die Anwendung in\u00a0brutfreien V\u00f6lkern genutzt werden soll. Anders als bei der Behandlung mit Ameisens\u00e4ure werden nur\u00a0die Milben, die nicht\u00a0in der Brut sitzen, bek\u00e4mpft.\u00a0Daher sollten f\u00fcr eine optimalen Behandlungserfolg die V\u00f6lker brutfrei sein.<\/p>\n<p>Wir haben uns aber entschieden die Behandlung trotzdem durchzuf\u00fchren, um zumindest die auf den Bienen sitzenden Milben zu erreichen und so die Milbenlast vor dem Fr\u00fchjahr\u00a0m\u00f6glichst weit zu reduzieren. So wollen wir den V\u00f6lkern einen weniger belasteten Start in die neue Saison 2016 erm\u00f6glichen.<\/p>\n<p>So\u00a0konnten wir heute unterst\u00fctzt von unserem Freund Arnold noch einen guten\u00a0Eindruck von der St\u00e4rke der V\u00f6lker gewinnen. Diese war recht unterschiedlich. Alles V\u00f6lkern geht es gut, wir haben keine Verluste zu beklagen. Zwei V\u00f6lker waren recht schwach und wir hoffen, dass sie \u00fcber die nun anstehenden kalten Tage gen\u00fcgend W\u00e4rme in Ihrer Wintertraube produzieren k\u00f6nnen. Dies war jedoch auch keine \u00dcberraschung, da sie auch nicht zu\u00a0stark beim Einf\u00fcttern waren.<\/p>\n<p>Vier\u00a0V\u00f6lker waren hingegen richtig\u00a0stark und auch sehr aktiv, als wir die Beuten f\u00fcr die Behandlung \u00f6ffneten. Bei diesen\u00a0m\u00fcssen wir zum Fr\u00fchjahr einen besonderen Blick auf deren\u00a0Futtervorr\u00e4te haben. Alles in allem sind wir also recht zufrieden mit dem Zustand.<\/p>\n<p>In einigen Tagen werden wir uns dann noch einen \u00dcberblick \u00fcber die heute eingelegten &#8222;Windeln&#8220; machen, und schauen, wie die Behandlung angeschlagen hat, und was es sonst so zu &#8222;lesen&#8220; gibt.<\/p>\n<div class=\"tiled-gallery type-rectangular tiled-gallery-unresized\" data-original-width=\"660\" data-carousel-extra='{&quot;blog_id&quot;:1,&quot;permalink&quot;:&quot;https:\\\/\\\/rheinhessen-imker.de\\\/?p=1154&quot;,&quot;likes_blog_id&quot;:80830978}' itemscope itemtype=\"http:\/\/schema.org\/ImageGallery\" > <div class=\"gallery-row\" style=\"width: 660px; height: 331px;\" data-original-width=\"660\" data-original-height=\"331\" > <div class=\"gallery-group images-1\" style=\"width: 440px; height: 331px;\" data-original-width=\"440\" data-original-height=\"331\" > <div class=\"tiled-gallery-item tiled-gallery-item-large\" itemprop=\"associatedMedia\" itemscope itemtype=\"http:\/\/schema.org\/ImageObject\"> <a href=\"https:\/\/rheinhessen-imker.de\/?attachment_id=1149\" border=\"0\" itemprop=\"url\"> <meta itemprop=\"width\" content=\"436\"> <meta itemprop=\"height\" content=\"327\"> <img decoding=\"async\" class=\"\" data-attachment-id=\"1149\" data-orig-file=\"https:\/\/rheinhessen-imker.de\/wp-content\/uploads\/2015\/12\/Bienen_2015-12-29_11-14-48.jpg\" data-orig-size=\"1000,750\" data-comments-opened=\"1\" data-image-meta=\"{&quot;aperture&quot;:&quot;2.2&quot;,&quot;credit&quot;:&quot;Michael Gr\\u00fcger&quot;,&quot;camera&quot;:&quot;&quot;,&quot;caption&quot;:&quot;&quot;,&quot;created_timestamp&quot;:&quot;1451387688&quot;,&quot;copyright&quot;:&quot;Michael Gr\\u00fcger&quot;,&quot;focal_length&quot;:&quot;4.15&quot;,&quot;iso&quot;:&quot;32&quot;,&quot;shutter_speed&quot;:&quot;0.00071428571428571&quot;,&quot;title&quot;:&quot;&quot;,&quot;orientation&quot;:&quot;1&quot;}\" data-image-title=\"Bienen_2015-12-29_11-14-48\" data-image-description=\"\" data-medium-file=\"https:\/\/rheinhessen-imker.de\/wp-content\/uploads\/2015\/12\/Bienen_2015-12-29_11-14-48-300x225.jpg\" data-large-file=\"https:\/\/rheinhessen-imker.de\/wp-content\/uploads\/2015\/12\/Bienen_2015-12-29_11-14-48.jpg\" src=\"https:\/\/i0.wp.com\/rheinhessen-imker.de\/wp-content\/uploads\/2015\/12\/Bienen_2015-12-29_11-14-48.jpg?w=436&#038;h=327&#038;ssl=1\" srcset=\"https:\/\/rheinhessen-imker.de\/wp-content\/uploads\/2015\/12\/Bienen_2015-12-29_11-14-48.jpg 1000w, https:\/\/rheinhessen-imker.de\/wp-content\/uploads\/2015\/12\/Bienen_2015-12-29_11-14-48-150x113.jpg 150w, https:\/\/rheinhessen-imker.de\/wp-content\/uploads\/2015\/12\/Bienen_2015-12-29_11-14-48-300x225.jpg 300w, https:\/\/rheinhessen-imker.de\/wp-content\/uploads\/2015\/12\/Bienen_2015-12-29_11-14-48-768x576.jpg 768w, https:\/\/rheinhessen-imker.de\/wp-content\/uploads\/2015\/12\/Bienen_2015-12-29_11-14-48-700x525.jpg 700w\" width=\"436\" height=\"327\" loading=\"lazy\" data-original-width=\"436\" data-original-height=\"327\" itemprop=\"http:\/\/schema.org\/image\" title=\"Bienen_2015-12-29_11-14-48\" alt=\"Sch\u00f6ne Lichtstimmung im Winter\" style=\"width: 436px; height: 327px;\" \/> <\/a> <div class=\"tiled-gallery-caption\" itemprop=\"caption description\"> Sch\u00f6ne Lichtstimmung im Winter <\/div> <\/div> <\/div> <!-- close group --> <div class=\"gallery-group images-2\" style=\"width: 220px; height: 331px;\" data-original-width=\"220\" data-original-height=\"331\" > <div class=\"tiled-gallery-item tiled-gallery-item-small\" itemprop=\"associatedMedia\" itemscope itemtype=\"http:\/\/schema.org\/ImageObject\"> <a href=\"https:\/\/rheinhessen-imker.de\/?attachment_id=1151\" border=\"0\" itemprop=\"url\"> <meta itemprop=\"width\" content=\"216\"> <meta itemprop=\"height\" content=\"162\"> <img decoding=\"async\" class=\"\" data-attachment-id=\"1151\" data-orig-file=\"https:\/\/rheinhessen-imker.de\/wp-content\/uploads\/2015\/12\/Bienen_2015-12-29_11-21-19.jpg\" data-orig-size=\"1000,750\" data-comments-opened=\"1\" data-image-meta=\"{&quot;aperture&quot;:&quot;2.2&quot;,&quot;credit&quot;:&quot;Michael Gr\\u00fcger&quot;,&quot;camera&quot;:&quot;&quot;,&quot;caption&quot;:&quot;&quot;,&quot;created_timestamp&quot;:&quot;1451388079&quot;,&quot;copyright&quot;:&quot;Michael Gr\\u00fcger&quot;,&quot;focal_length&quot;:&quot;4.15&quot;,&quot;iso&quot;:&quot;32&quot;,&quot;shutter_speed&quot;:&quot;0.0083333333333333&quot;,&quot;title&quot;:&quot;&quot;,&quot;orientation&quot;:&quot;1&quot;}\" data-image-title=\"Bienen_2015-12-29_11-21-19\" data-image-description=\"\" data-medium-file=\"https:\/\/rheinhessen-imker.de\/wp-content\/uploads\/2015\/12\/Bienen_2015-12-29_11-21-19-300x225.jpg\" data-large-file=\"https:\/\/rheinhessen-imker.de\/wp-content\/uploads\/2015\/12\/Bienen_2015-12-29_11-21-19.jpg\" src=\"https:\/\/i0.wp.com\/rheinhessen-imker.de\/wp-content\/uploads\/2015\/12\/Bienen_2015-12-29_11-21-19.jpg?w=216&#038;h=162&#038;ssl=1\" srcset=\"https:\/\/rheinhessen-imker.de\/wp-content\/uploads\/2015\/12\/Bienen_2015-12-29_11-21-19.jpg 1000w, https:\/\/rheinhessen-imker.de\/wp-content\/uploads\/2015\/12\/Bienen_2015-12-29_11-21-19-150x113.jpg 150w, https:\/\/rheinhessen-imker.de\/wp-content\/uploads\/2015\/12\/Bienen_2015-12-29_11-21-19-300x225.jpg 300w, https:\/\/rheinhessen-imker.de\/wp-content\/uploads\/2015\/12\/Bienen_2015-12-29_11-21-19-768x576.jpg 768w, https:\/\/rheinhessen-imker.de\/wp-content\/uploads\/2015\/12\/Bienen_2015-12-29_11-21-19-700x525.jpg 700w\" width=\"216\" height=\"162\" loading=\"lazy\" data-original-width=\"216\" data-original-height=\"162\" itemprop=\"http:\/\/schema.org\/image\" title=\"Bienen_2015-12-29_11-21-19\" alt=\"Vorbereiten der Oxals\u00e4uredihydratl\u00f6sung\" style=\"width: 216px; height: 162px;\" \/> <\/a> <div class=\"tiled-gallery-caption\" itemprop=\"caption description\"> Vorbereiten der Oxals\u00e4uredihydratl\u00f6sung <\/div> <\/div> <div class=\"tiled-gallery-item tiled-gallery-item-small\" itemprop=\"associatedMedia\" itemscope itemtype=\"http:\/\/schema.org\/ImageObject\"> <a href=\"https:\/\/rheinhessen-imker.de\/?attachment_id=1145\" border=\"0\" itemprop=\"url\"> <meta itemprop=\"width\" content=\"216\"> <meta itemprop=\"height\" content=\"161\"> <img decoding=\"async\" class=\"\" data-attachment-id=\"1145\" data-orig-file=\"https:\/\/rheinhessen-imker.de\/wp-content\/uploads\/2015\/12\/Bienen_2015-12-29_10-47-12.jpg\" data-orig-size=\"1000,750\" data-comments-opened=\"1\" data-image-meta=\"{&quot;aperture&quot;:&quot;2.2&quot;,&quot;credit&quot;:&quot;Michael Gr\\u00fcger&quot;,&quot;camera&quot;:&quot;&quot;,&quot;caption&quot;:&quot;&quot;,&quot;created_timestamp&quot;:&quot;1451386032&quot;,&quot;copyright&quot;:&quot;Michael Gr\\u00fcger&quot;,&quot;focal_length&quot;:&quot;4.15&quot;,&quot;iso&quot;:&quot;32&quot;,&quot;shutter_speed&quot;:&quot;0.00033333333333333&quot;,&quot;title&quot;:&quot;&quot;,&quot;orientation&quot;:&quot;1&quot;}\" data-image-title=\"Bienen_2015-12-29_10-47-12\" data-image-description=\"\" data-medium-file=\"https:\/\/rheinhessen-imker.de\/wp-content\/uploads\/2015\/12\/Bienen_2015-12-29_10-47-12-300x225.jpg\" data-large-file=\"https:\/\/rheinhessen-imker.de\/wp-content\/uploads\/2015\/12\/Bienen_2015-12-29_10-47-12.jpg\" src=\"https:\/\/i0.wp.com\/rheinhessen-imker.de\/wp-content\/uploads\/2015\/12\/Bienen_2015-12-29_10-47-12.jpg?w=216&#038;h=161&#038;ssl=1\" srcset=\"https:\/\/rheinhessen-imker.de\/wp-content\/uploads\/2015\/12\/Bienen_2015-12-29_10-47-12.jpg 1000w, https:\/\/rheinhessen-imker.de\/wp-content\/uploads\/2015\/12\/Bienen_2015-12-29_10-47-12-150x113.jpg 150w, https:\/\/rheinhessen-imker.de\/wp-content\/uploads\/2015\/12\/Bienen_2015-12-29_10-47-12-300x225.jpg 300w, https:\/\/rheinhessen-imker.de\/wp-content\/uploads\/2015\/12\/Bienen_2015-12-29_10-47-12-768x576.jpg 768w, https:\/\/rheinhessen-imker.de\/wp-content\/uploads\/2015\/12\/Bienen_2015-12-29_10-47-12-700x525.jpg 700w\" width=\"216\" height=\"161\" loading=\"lazy\" data-original-width=\"216\" data-original-height=\"161\" itemprop=\"http:\/\/schema.org\/image\" title=\"Bienen_2015-12-29_10-47-12\" alt=\"Erster Blick ins Volk\" style=\"width: 216px; height: 161px;\" \/> <\/a> <div class=\"tiled-gallery-caption\" itemprop=\"caption description\"> Erster Blick ins Volk <\/div> <\/div> <\/div> <!-- close group --> <\/div> <!-- close row --> <div class=\"gallery-row\" style=\"width: 660px; height: 140px;\" data-original-width=\"660\" data-original-height=\"140\" > <div class=\"gallery-group images-1\" style=\"width: 185px; height: 140px;\" data-original-width=\"185\" data-original-height=\"140\" > <div class=\"tiled-gallery-item tiled-gallery-item-small\" itemprop=\"associatedMedia\" itemscope itemtype=\"http:\/\/schema.org\/ImageObject\"> <a href=\"https:\/\/rheinhessen-imker.de\/?attachment_id=1150\" border=\"0\" itemprop=\"url\"> <meta itemprop=\"width\" content=\"181\"> <meta itemprop=\"height\" content=\"136\"> <img decoding=\"async\" class=\"\" data-attachment-id=\"1150\" data-orig-file=\"https:\/\/rheinhessen-imker.de\/wp-content\/uploads\/2015\/12\/Bienen_2015-12-29_11-18-27.jpg\" data-orig-size=\"1000,750\" data-comments-opened=\"1\" data-image-meta=\"{&quot;aperture&quot;:&quot;2.2&quot;,&quot;credit&quot;:&quot;Michael Gr\\u00fcger&quot;,&quot;camera&quot;:&quot;&quot;,&quot;caption&quot;:&quot;&quot;,&quot;created_timestamp&quot;:&quot;1451387907&quot;,&quot;copyright&quot;:&quot;Michael Gr\\u00fcger&quot;,&quot;focal_length&quot;:&quot;4.15&quot;,&quot;iso&quot;:&quot;32&quot;,&quot;shutter_speed&quot;:&quot;0.00055555555555556&quot;,&quot;title&quot;:&quot;&quot;,&quot;orientation&quot;:&quot;1&quot;}\" data-image-title=\"Bienen_2015-12-29_11-18-27\" data-image-description=\"\" data-medium-file=\"https:\/\/rheinhessen-imker.de\/wp-content\/uploads\/2015\/12\/Bienen_2015-12-29_11-18-27-300x225.jpg\" data-large-file=\"https:\/\/rheinhessen-imker.de\/wp-content\/uploads\/2015\/12\/Bienen_2015-12-29_11-18-27.jpg\" src=\"https:\/\/i0.wp.com\/rheinhessen-imker.de\/wp-content\/uploads\/2015\/12\/Bienen_2015-12-29_11-18-27.jpg?w=181&#038;h=136&#038;ssl=1\" srcset=\"https:\/\/rheinhessen-imker.de\/wp-content\/uploads\/2015\/12\/Bienen_2015-12-29_11-18-27.jpg 1000w, https:\/\/rheinhessen-imker.de\/wp-content\/uploads\/2015\/12\/Bienen_2015-12-29_11-18-27-150x113.jpg 150w, https:\/\/rheinhessen-imker.de\/wp-content\/uploads\/2015\/12\/Bienen_2015-12-29_11-18-27-300x225.jpg 300w, https:\/\/rheinhessen-imker.de\/wp-content\/uploads\/2015\/12\/Bienen_2015-12-29_11-18-27-768x576.jpg 768w, https:\/\/rheinhessen-imker.de\/wp-content\/uploads\/2015\/12\/Bienen_2015-12-29_11-18-27-700x525.jpg 700w\" width=\"181\" height=\"136\" loading=\"lazy\" data-original-width=\"181\" data-original-height=\"136\" itemprop=\"http:\/\/schema.org\/image\" title=\"Bienen_2015-12-29_11-18-27\" alt=\"Behandlung\" style=\"width: 181px; height: 136px;\" \/> <\/a> <div class=\"tiled-gallery-caption\" itemprop=\"caption description\"> Behandlung <\/div> <\/div> <\/div> <!-- close group --> <div class=\"gallery-group images-1\" style=\"width: 105px; height: 140px;\" data-original-width=\"105\" data-original-height=\"140\" > <div class=\"tiled-gallery-item tiled-gallery-item-small\" itemprop=\"associatedMedia\" itemscope itemtype=\"http:\/\/schema.org\/ImageObject\"> <a href=\"https:\/\/rheinhessen-imker.de\/?attachment_id=1152\" border=\"0\" itemprop=\"url\"> <meta itemprop=\"width\" content=\"101\"> <meta itemprop=\"height\" content=\"136\"> <img decoding=\"async\" class=\"\" data-attachment-id=\"1152\" data-orig-file=\"https:\/\/rheinhessen-imker.de\/wp-content\/uploads\/2015\/12\/Bienen_2015-12-29_11-28-26.jpg\" data-orig-size=\"750,1000\" data-comments-opened=\"1\" data-image-meta=\"{&quot;aperture&quot;:&quot;2.2&quot;,&quot;credit&quot;:&quot;Michael Gr\\u00fcger&quot;,&quot;camera&quot;:&quot;&quot;,&quot;caption&quot;:&quot;&quot;,&quot;created_timestamp&quot;:&quot;1451388506&quot;,&quot;copyright&quot;:&quot;Michael Gr\\u00fcger&quot;,&quot;focal_length&quot;:&quot;4.15&quot;,&quot;iso&quot;:&quot;32&quot;,&quot;shutter_speed&quot;:&quot;0.0010526315789474&quot;,&quot;title&quot;:&quot;&quot;,&quot;orientation&quot;:&quot;1&quot;}\" data-image-title=\"Bienen_2015-12-29_11-28-26\" data-image-description=\"\" data-medium-file=\"https:\/\/rheinhessen-imker.de\/wp-content\/uploads\/2015\/12\/Bienen_2015-12-29_11-28-26-225x300.jpg\" data-large-file=\"https:\/\/rheinhessen-imker.de\/wp-content\/uploads\/2015\/12\/Bienen_2015-12-29_11-28-26.jpg\" src=\"https:\/\/i0.wp.com\/rheinhessen-imker.de\/wp-content\/uploads\/2015\/12\/Bienen_2015-12-29_11-28-26.jpg?w=101&#038;h=136&#038;ssl=1\" srcset=\"https:\/\/rheinhessen-imker.de\/wp-content\/uploads\/2015\/12\/Bienen_2015-12-29_11-28-26.jpg 750w, https:\/\/rheinhessen-imker.de\/wp-content\/uploads\/2015\/12\/Bienen_2015-12-29_11-28-26-225x300.jpg 225w, https:\/\/rheinhessen-imker.de\/wp-content\/uploads\/2015\/12\/Bienen_2015-12-29_11-28-26-700x933.jpg 700w\" width=\"101\" height=\"136\" loading=\"lazy\" data-original-width=\"101\" data-original-height=\"136\" itemprop=\"http:\/\/schema.org\/image\" title=\"Bienen_2015-12-29_11-28-26\" alt=\"Behandlung eines richtig starken Volkes\" style=\"width: 101px; height: 136px;\" \/> <\/a> <div class=\"tiled-gallery-caption\" itemprop=\"caption description\"> Behandlung eines richtig starken Volkes <\/div> <\/div> <\/div> <!-- close group --> <div class=\"gallery-group images-1\" style=\"width: 185px; height: 140px;\" data-original-width=\"185\" data-original-height=\"140\" > <div class=\"tiled-gallery-item tiled-gallery-item-small\" itemprop=\"associatedMedia\" itemscope itemtype=\"http:\/\/schema.org\/ImageObject\"> <a href=\"https:\/\/rheinhessen-imker.de\/?attachment_id=1147\" border=\"0\" itemprop=\"url\"> <meta itemprop=\"width\" content=\"181\"> <meta itemprop=\"height\" content=\"136\"> <img decoding=\"async\" class=\"\" data-attachment-id=\"1147\" data-orig-file=\"https:\/\/rheinhessen-imker.de\/wp-content\/uploads\/2015\/12\/Bienen_2015-12-29_11-00-05.jpg\" data-orig-size=\"1000,750\" data-comments-opened=\"1\" data-image-meta=\"{&quot;aperture&quot;:&quot;2.2&quot;,&quot;credit&quot;:&quot;Michael Gr\\u00fcger&quot;,&quot;camera&quot;:&quot;&quot;,&quot;caption&quot;:&quot;&quot;,&quot;created_timestamp&quot;:&quot;1451386805&quot;,&quot;copyright&quot;:&quot;Michael Gr\\u00fcger&quot;,&quot;focal_length&quot;:&quot;4.15&quot;,&quot;iso&quot;:&quot;32&quot;,&quot;shutter_speed&quot;:&quot;0.0032258064516129&quot;,&quot;title&quot;:&quot;&quot;,&quot;orientation&quot;:&quot;1&quot;}\" data-image-title=\"Bienen_2015-12-29_11-00-05\" data-image-description=\"\" data-medium-file=\"https:\/\/rheinhessen-imker.de\/wp-content\/uploads\/2015\/12\/Bienen_2015-12-29_11-00-05-300x225.jpg\" data-large-file=\"https:\/\/rheinhessen-imker.de\/wp-content\/uploads\/2015\/12\/Bienen_2015-12-29_11-00-05.jpg\" src=\"https:\/\/i0.wp.com\/rheinhessen-imker.de\/wp-content\/uploads\/2015\/12\/Bienen_2015-12-29_11-00-05.jpg?w=181&#038;h=136&#038;ssl=1\" srcset=\"https:\/\/rheinhessen-imker.de\/wp-content\/uploads\/2015\/12\/Bienen_2015-12-29_11-00-05.jpg 1000w, https:\/\/rheinhessen-imker.de\/wp-content\/uploads\/2015\/12\/Bienen_2015-12-29_11-00-05-150x113.jpg 150w, https:\/\/rheinhessen-imker.de\/wp-content\/uploads\/2015\/12\/Bienen_2015-12-29_11-00-05-300x225.jpg 300w, https:\/\/rheinhessen-imker.de\/wp-content\/uploads\/2015\/12\/Bienen_2015-12-29_11-00-05-768x576.jpg 768w, https:\/\/rheinhessen-imker.de\/wp-content\/uploads\/2015\/12\/Bienen_2015-12-29_11-00-05-700x525.jpg 700w\" width=\"181\" height=\"136\" loading=\"lazy\" data-original-width=\"181\" data-original-height=\"136\" itemprop=\"http:\/\/schema.org\/image\" title=\"Bienen_2015-12-29_11-00-05\" alt=\"Behandlung eines &quot;normalen&quot; Volkes, das etwas tiefer sa\u00df\" style=\"width: 181px; height: 136px;\" \/> <\/a> <div class=\"tiled-gallery-caption\" itemprop=\"caption description\"> Behandlung eines &#8222;normalen&#8220; Volkes, das etwas tiefer sa\u00df <\/div> <\/div> <\/div> <!-- close group --> <div class=\"gallery-group images-1\" style=\"width: 185px; height: 140px;\" data-original-width=\"185\" data-original-height=\"140\" > <div class=\"tiled-gallery-item tiled-gallery-item-small\" itemprop=\"associatedMedia\" itemscope itemtype=\"http:\/\/schema.org\/ImageObject\"> <a href=\"https:\/\/rheinhessen-imker.de\/?attachment_id=1146\" border=\"0\" itemprop=\"url\"> <meta itemprop=\"width\" content=\"181\"> <meta itemprop=\"height\" content=\"136\"> <img decoding=\"async\" class=\"\" data-attachment-id=\"1146\" data-orig-file=\"https:\/\/rheinhessen-imker.de\/wp-content\/uploads\/2015\/12\/Bienen_2015-12-29_10-53-22.jpg\" data-orig-size=\"1000,750\" data-comments-opened=\"1\" data-image-meta=\"{&quot;aperture&quot;:&quot;2.2&quot;,&quot;credit&quot;:&quot;Michael Gr\\u00fcger&quot;,&quot;camera&quot;:&quot;&quot;,&quot;caption&quot;:&quot;&quot;,&quot;created_timestamp&quot;:&quot;1451386402&quot;,&quot;copyright&quot;:&quot;Michael Gr\\u00fcger&quot;,&quot;focal_length&quot;:&quot;4.15&quot;,&quot;iso&quot;:&quot;32&quot;,&quot;shutter_speed&quot;:&quot;0.0021276595744681&quot;,&quot;title&quot;:&quot;&quot;,&quot;orientation&quot;:&quot;1&quot;}\" data-image-title=\"Bienen_2015-12-29_10-53-22\" data-image-description=\"\" data-medium-file=\"https:\/\/rheinhessen-imker.de\/wp-content\/uploads\/2015\/12\/Bienen_2015-12-29_10-53-22-300x225.jpg\" data-large-file=\"https:\/\/rheinhessen-imker.de\/wp-content\/uploads\/2015\/12\/Bienen_2015-12-29_10-53-22.jpg\" src=\"https:\/\/i0.wp.com\/rheinhessen-imker.de\/wp-content\/uploads\/2015\/12\/Bienen_2015-12-29_10-53-22.jpg?w=181&#038;h=136&#038;ssl=1\" srcset=\"https:\/\/rheinhessen-imker.de\/wp-content\/uploads\/2015\/12\/Bienen_2015-12-29_10-53-22.jpg 1000w, https:\/\/rheinhessen-imker.de\/wp-content\/uploads\/2015\/12\/Bienen_2015-12-29_10-53-22-150x113.jpg 150w, https:\/\/rheinhessen-imker.de\/wp-content\/uploads\/2015\/12\/Bienen_2015-12-29_10-53-22-300x225.jpg 300w, https:\/\/rheinhessen-imker.de\/wp-content\/uploads\/2015\/12\/Bienen_2015-12-29_10-53-22-768x576.jpg 768w, https:\/\/rheinhessen-imker.de\/wp-content\/uploads\/2015\/12\/Bienen_2015-12-29_10-53-22-700x525.jpg 700w\" width=\"181\" height=\"136\" loading=\"lazy\" data-original-width=\"181\" data-original-height=\"136\" itemprop=\"http:\/\/schema.org\/image\" title=\"Bienen_2015-12-29_10-53-22\" alt=\"Wundersch\u00f6ne, fr\u00fch bl\u00fchende Haselnuss\" style=\"width: 181px; height: 136px;\" \/> <\/a> <div class=\"tiled-gallery-caption\" itemprop=\"caption description\"> Wundersch\u00f6ne, fr\u00fch bl\u00fchende Haselnuss <\/div> <\/div> <\/div> <!-- close group --> <\/div> <!-- close row --> <\/div>\n","protected":false},"excerpt":{"rendered":"<p>Nachdem wir die letzten Wochen interessiert den Wetterbericht verfolgt hatten, war f\u00fcr heute geplant, die Oxals\u00e4urebehandlung zu machen. Denn nach der &#8222;Dezember-Hitzewelle&#8220;, wurden nun die Temperaturen doch noch niedrig genug f\u00fcr eine Behandlung. Durch die relativ hohen Temperaturen der letzen Wochen haben die\u00a0meisten unserer V\u00f6lker\u00a0nicht mit dem Br\u00fcten aufgeh\u00f6rt und &#8230;<\/p>\n","protected":false},"author":1,"featured_media":1147,"comment_status":"open","ping_status":"closed","sticky":false,"template":"","format":"standard","meta":{"_jetpack_memberships_contains_paid_content":false,"footnotes":""},"categories":[7],"tags":[],"class_list":["post-1154","post","type-post","status-publish","format-standard","has-post-thumbnail","hentry","category-allgemein","column","twocol","has-thumbnail"],"jetpack_sharing_enabled":true,"jetpack_featured_media_url":"https:\/\/rheinhessen-imker.de\/wp-content\/uploads\/2015\/12\/Bienen_2015-12-29_11-00-05.jpg","jetpack_shortlink":"https:\/\/wp.me\/p5t9Ps-iC","_links":{"self":[{"href":"https:\/\/rheinhessen-imker.de\/index.php?rest_route=\/wp\/v2\/posts\/1154","targetHints":{"allow":["GET"]}}],"collection":[{"href":"https:\/\/rheinhessen-imker.de\/index.php?rest_route=\/wp\/v2\/posts"}],"about":[{"href":"https:\/\/rheinhessen-imker.de\/index.php?rest_route=\/wp\/v2\/types\/post"}],"author":[{"embeddable":true,"href":"https:\/\/rheinhessen-imker.de\/index.php?rest_route=\/wp\/v2\/users\/1"}],"replies":[{"embeddable":true,"href":"https:\/\/rheinhessen-imker.de\/index.php?rest_route=%2Fwp%2Fv2%2Fcomments&post=1154"}],"version-history":[{"count":7,"href":"https:\/\/rheinhessen-imker.de\/index.php?rest_route=\/wp\/v2\/posts\/1154\/revisions"}],"predecessor-version":[{"id":1164,"href":"https:\/\/rheinhessen-imker.de\/index.php?rest_route=\/wp\/v2\/posts\/1154\/revisions\/1164"}],"wp:featuredmedia":[{"embeddable":true,"href":"https:\/\/rheinhessen-imker.de\/index.php?rest_route=\/wp\/v2\/media\/1147"}],"wp:attachment":[{"href":"https:\/\/rheinhessen-imker.de\/index.php?rest_route=%2Fwp%2Fv2%2Fmedia&parent=1154"}],"wp:term":[{"taxonomy":"category","embeddable":true,"href":"https:\/\/rheinhessen-imker.de\/index.php?rest_route=%2Fwp%2Fv2%2Fcategories&post=1154"},{"taxonomy":"post_tag","embeddable":true,"href":"https:\/\/rheinhessen-imker.de\/index.php?rest_route=%2Fwp%2Fv2%2Ftags&post=1154"}],"curies":[{"name":"wp","href":"https:\/\/api.w.org\/{rel}","templated":true}]}}