{"id":1160,"date":"2015-12-29T20:58:36","date_gmt":"2015-12-29T19:58:36","guid":{"rendered":"http:\/\/rheinhessen-imker.de\/?p=1160"},"modified":"2015-12-29T20:58:36","modified_gmt":"2015-12-29T19:58:36","slug":"wir-wuenschen-einen-guten-start-in-das-bienen-jahr-2016","status":"publish","type":"post","link":"https:\/\/rheinhessen-imker.de\/?p=1160","title":{"rendered":"Wir w\u00fcnschen einen guten Start in das (Bienen-)Jahr 2016"},"content":{"rendered":"<p>Wir danken allen Lesern unseres &#8222;Blogs&#8220; f\u00fcr die Begleitung durch das spannende Bienenjahr 2015.<\/p>\n<p>Wir sind sehr gespannt, was das n\u00e4chste zu bieten hat und w\u00fcnschen allerseits einen guten Rutsch in das Jahr 2016.<\/p>\n<div class=\"tiled-gallery type-rectangular tiled-gallery-unresized\" data-original-width=\"660\" data-carousel-extra='{&quot;blog_id&quot;:1,&quot;permalink&quot;:&quot;https:\\\/\\\/rheinhessen-imker.de\\\/?p=1160&quot;,&quot;likes_blog_id&quot;:80830978}' itemscope itemtype=\"http:\/\/schema.org\/ImageGallery\" > <div class=\"gallery-row\" style=\"width: 660px; height: 322px;\" data-original-width=\"660\" data-original-height=\"322\" > <div class=\"gallery-group images-1\" style=\"width: 660px; height: 322px;\" data-original-width=\"660\" data-original-height=\"322\" > <div class=\"tiled-gallery-item tiled-gallery-item-large\" itemprop=\"associatedMedia\" itemscope itemtype=\"http:\/\/schema.org\/ImageObject\"> <a href=\"https:\/\/rheinhessen-imker.de\/?attachment_id=1153\" border=\"0\" itemprop=\"url\"> <meta itemprop=\"width\" content=\"656\"> <meta itemprop=\"height\" content=\"318\"> <img decoding=\"async\" class=\"\" data-attachment-id=\"1153\" data-orig-file=\"https:\/\/rheinhessen-imker.de\/wp-content\/uploads\/2015\/12\/Bienen_2015-12-29_11-53-04.jpg\" data-orig-size=\"1000,484\" data-comments-opened=\"1\" data-image-meta=\"{&quot;aperture&quot;:&quot;2.2&quot;,&quot;credit&quot;:&quot;Michael Gr\\u00fcger&quot;,&quot;camera&quot;:&quot;&quot;,&quot;caption&quot;:&quot;&quot;,&quot;created_timestamp&quot;:&quot;1451389984&quot;,&quot;copyright&quot;:&quot;Michael Gr\\u00fcger&quot;,&quot;focal_length&quot;:&quot;4.15&quot;,&quot;iso&quot;:&quot;32&quot;,&quot;shutter_speed&quot;:&quot;0.0008&quot;,&quot;title&quot;:&quot;&quot;,&quot;orientation&quot;:&quot;1&quot;}\" data-image-title=\"Bienen_2015-12-29_11-53-04\" data-image-description=\"\" data-medium-file=\"https:\/\/rheinhessen-imker.de\/wp-content\/uploads\/2015\/12\/Bienen_2015-12-29_11-53-04-300x145.jpg\" data-large-file=\"https:\/\/rheinhessen-imker.de\/wp-content\/uploads\/2015\/12\/Bienen_2015-12-29_11-53-04.jpg\" src=\"https:\/\/i0.wp.com\/rheinhessen-imker.de\/wp-content\/uploads\/2015\/12\/Bienen_2015-12-29_11-53-04.jpg?w=656&#038;h=318&#038;ssl=1\" srcset=\"https:\/\/rheinhessen-imker.de\/wp-content\/uploads\/2015\/12\/Bienen_2015-12-29_11-53-04.jpg 1000w, https:\/\/rheinhessen-imker.de\/wp-content\/uploads\/2015\/12\/Bienen_2015-12-29_11-53-04-150x73.jpg 150w, https:\/\/rheinhessen-imker.de\/wp-content\/uploads\/2015\/12\/Bienen_2015-12-29_11-53-04-300x145.jpg 300w, https:\/\/rheinhessen-imker.de\/wp-content\/uploads\/2015\/12\/Bienen_2015-12-29_11-53-04-768x372.jpg 768w, https:\/\/rheinhessen-imker.de\/wp-content\/uploads\/2015\/12\/Bienen_2015-12-29_11-53-04-700x339.jpg 700w\" width=\"656\" height=\"318\" loading=\"lazy\" data-original-width=\"656\" data-original-height=\"318\" itemprop=\"http:\/\/schema.org\/image\" title=\"Bienen_2015-12-29_11-53-04\" alt=\"Herrliches Wetter am Bienenstand\" style=\"width: 656px; height: 318px;\" \/> <\/a> <div class=\"tiled-gallery-caption\" itemprop=\"caption description\"> Herrliches Wetter am Bienenstand <\/div> <\/div> <\/div> <!-- close group --> <\/div> <!-- close row --> <div class=\"gallery-row\" style=\"width: 660px; height: 249px;\" data-original-width=\"660\" data-original-height=\"249\" > <div class=\"gallery-group images-1\" style=\"width: 330px; height: 249px;\" data-original-width=\"330\" data-original-height=\"249\" > <div class=\"tiled-gallery-item tiled-gallery-item-large\" itemprop=\"associatedMedia\" itemscope itemtype=\"http:\/\/schema.org\/ImageObject\"> <a href=\"https:\/\/rheinhessen-imker.de\/?attachment_id=1148\" border=\"0\" itemprop=\"url\"> <meta itemprop=\"width\" content=\"326\"> <meta itemprop=\"height\" content=\"245\"> <img decoding=\"async\" class=\"\" data-attachment-id=\"1148\" data-orig-file=\"https:\/\/rheinhessen-imker.de\/wp-content\/uploads\/2015\/12\/Bienen_2015-12-29_11-04-29.jpg\" data-orig-size=\"1000,750\" data-comments-opened=\"1\" data-image-meta=\"{&quot;aperture&quot;:&quot;2.2&quot;,&quot;credit&quot;:&quot;Michael Gr\\u00fcger&quot;,&quot;camera&quot;:&quot;&quot;,&quot;caption&quot;:&quot;&quot;,&quot;created_timestamp&quot;:&quot;1451387069&quot;,&quot;copyright&quot;:&quot;Michael Gr\\u00fcger&quot;,&quot;focal_length&quot;:&quot;4.15&quot;,&quot;iso&quot;:&quot;32&quot;,&quot;shutter_speed&quot;:&quot;0.0025641025641026&quot;,&quot;title&quot;:&quot;&quot;,&quot;orientation&quot;:&quot;1&quot;}\" data-image-title=\"Bienen_2015-12-29_11-04-29\" data-image-description=\"\" data-medium-file=\"https:\/\/rheinhessen-imker.de\/wp-content\/uploads\/2015\/12\/Bienen_2015-12-29_11-04-29-300x225.jpg\" data-large-file=\"https:\/\/rheinhessen-imker.de\/wp-content\/uploads\/2015\/12\/Bienen_2015-12-29_11-04-29.jpg\" src=\"https:\/\/i0.wp.com\/rheinhessen-imker.de\/wp-content\/uploads\/2015\/12\/Bienen_2015-12-29_11-04-29.jpg?w=326&#038;h=245&#038;ssl=1\" srcset=\"https:\/\/rheinhessen-imker.de\/wp-content\/uploads\/2015\/12\/Bienen_2015-12-29_11-04-29.jpg 1000w, https:\/\/rheinhessen-imker.de\/wp-content\/uploads\/2015\/12\/Bienen_2015-12-29_11-04-29-150x113.jpg 150w, https:\/\/rheinhessen-imker.de\/wp-content\/uploads\/2015\/12\/Bienen_2015-12-29_11-04-29-300x225.jpg 300w, https:\/\/rheinhessen-imker.de\/wp-content\/uploads\/2015\/12\/Bienen_2015-12-29_11-04-29-768x576.jpg 768w, https:\/\/rheinhessen-imker.de\/wp-content\/uploads\/2015\/12\/Bienen_2015-12-29_11-04-29-700x525.jpg 700w\" width=\"326\" height=\"245\" loading=\"lazy\" data-original-width=\"326\" data-original-height=\"245\" itemprop=\"http:\/\/schema.org\/image\" title=\"Bienen_2015-12-29_11-04-29\" alt=\"Bienen_2015-12-29_11-04-29\" style=\"width: 326px; height: 245px;\" \/> <\/a> <\/div> <\/div> <!-- close group --> <div class=\"gallery-group images-1\" style=\"width: 330px; height: 249px;\" data-original-width=\"330\" data-original-height=\"249\" > <div class=\"tiled-gallery-item tiled-gallery-item-large\" itemprop=\"associatedMedia\" itemscope itemtype=\"http:\/\/schema.org\/ImageObject\"> <a href=\"https:\/\/rheinhessen-imker.de\/?attachment_id=1146\" border=\"0\" itemprop=\"url\"> <meta itemprop=\"width\" content=\"326\"> <meta itemprop=\"height\" content=\"245\"> <img decoding=\"async\" class=\"\" data-attachment-id=\"1146\" data-orig-file=\"https:\/\/rheinhessen-imker.de\/wp-content\/uploads\/2015\/12\/Bienen_2015-12-29_10-53-22.jpg\" data-orig-size=\"1000,750\" data-comments-opened=\"1\" data-image-meta=\"{&quot;aperture&quot;:&quot;2.2&quot;,&quot;credit&quot;:&quot;Michael Gr\\u00fcger&quot;,&quot;camera&quot;:&quot;&quot;,&quot;caption&quot;:&quot;&quot;,&quot;created_timestamp&quot;:&quot;1451386402&quot;,&quot;copyright&quot;:&quot;Michael Gr\\u00fcger&quot;,&quot;focal_length&quot;:&quot;4.15&quot;,&quot;iso&quot;:&quot;32&quot;,&quot;shutter_speed&quot;:&quot;0.0021276595744681&quot;,&quot;title&quot;:&quot;&quot;,&quot;orientation&quot;:&quot;1&quot;}\" data-image-title=\"Bienen_2015-12-29_10-53-22\" data-image-description=\"\" data-medium-file=\"https:\/\/rheinhessen-imker.de\/wp-content\/uploads\/2015\/12\/Bienen_2015-12-29_10-53-22-300x225.jpg\" data-large-file=\"https:\/\/rheinhessen-imker.de\/wp-content\/uploads\/2015\/12\/Bienen_2015-12-29_10-53-22.jpg\" src=\"https:\/\/i0.wp.com\/rheinhessen-imker.de\/wp-content\/uploads\/2015\/12\/Bienen_2015-12-29_10-53-22.jpg?w=326&#038;h=245&#038;ssl=1\" srcset=\"https:\/\/rheinhessen-imker.de\/wp-content\/uploads\/2015\/12\/Bienen_2015-12-29_10-53-22.jpg 1000w, https:\/\/rheinhessen-imker.de\/wp-content\/uploads\/2015\/12\/Bienen_2015-12-29_10-53-22-150x113.jpg 150w, https:\/\/rheinhessen-imker.de\/wp-content\/uploads\/2015\/12\/Bienen_2015-12-29_10-53-22-300x225.jpg 300w, https:\/\/rheinhessen-imker.de\/wp-content\/uploads\/2015\/12\/Bienen_2015-12-29_10-53-22-768x576.jpg 768w, https:\/\/rheinhessen-imker.de\/wp-content\/uploads\/2015\/12\/Bienen_2015-12-29_10-53-22-700x525.jpg 700w\" width=\"326\" height=\"245\" loading=\"lazy\" data-original-width=\"326\" data-original-height=\"245\" itemprop=\"http:\/\/schema.org\/image\" title=\"Bienen_2015-12-29_10-53-22\" alt=\"Wundersch\u00f6ne, fr\u00fch bl\u00fchende Haselnuss\" style=\"width: 326px; height: 245px;\" \/> <\/a> <div class=\"tiled-gallery-caption\" itemprop=\"caption description\"> Wundersch\u00f6ne, fr\u00fch bl\u00fchende Haselnuss <\/div> <\/div> <\/div> <!-- close group --> <\/div> <!-- close row --> <\/div>\n<p>&nbsp;<\/p>\n","protected":false},"excerpt":{"rendered":"<p>Wir danken allen Lesern unseres &#8222;Blogs&#8220; f\u00fcr die Begleitung durch das spannende Bienenjahr 2015. Wir sind sehr gespannt, was das n\u00e4chste zu bieten hat und w\u00fcnschen allerseits einen guten Rutsch in das Jahr 2016. &nbsp;<\/p>\n","protected":false},"author":1,"featured_media":1153,"comment_status":"open","ping_status":"closed","sticky":false,"template":"","format":"standard","meta":{"_jetpack_memberships_contains_paid_content":false,"footnotes":""},"categories":[7],"tags":[],"class_list":["post-1160","post","type-post","status-publish","format-standard","has-post-thumbnail","hentry","category-allgemein","column","twocol","has-thumbnail"],"jetpack_sharing_enabled":true,"jetpack_featured_media_url":"https:\/\/rheinhessen-imker.de\/wp-content\/uploads\/2015\/12\/Bienen_2015-12-29_11-53-04.jpg","jetpack_shortlink":"https:\/\/wp.me\/p5t9Ps-iI","_links":{"self":[{"href":"https:\/\/rheinhessen-imker.de\/index.php?rest_route=\/wp\/v2\/posts\/1160","targetHints":{"allow":["GET"]}}],"collection":[{"href":"https:\/\/rheinhessen-imker.de\/index.php?rest_route=\/wp\/v2\/posts"}],"about":[{"href":"https:\/\/rheinhessen-imker.de\/index.php?rest_route=\/wp\/v2\/types\/post"}],"author":[{"embeddable":true,"href":"https:\/\/rheinhessen-imker.de\/index.php?rest_route=\/wp\/v2\/users\/1"}],"replies":[{"embeddable":true,"href":"https:\/\/rheinhessen-imker.de\/index.php?rest_route=%2Fwp%2Fv2%2Fcomments&post=1160"}],"version-history":[{"count":2,"href":"https:\/\/rheinhessen-imker.de\/index.php?rest_route=\/wp\/v2\/posts\/1160\/revisions"}],"predecessor-version":[{"id":1162,"href":"https:\/\/rheinhessen-imker.de\/index.php?rest_route=\/wp\/v2\/posts\/1160\/revisions\/1162"}],"wp:featuredmedia":[{"embeddable":true,"href":"https:\/\/rheinhessen-imker.de\/index.php?rest_route=\/wp\/v2\/media\/1153"}],"wp:attachment":[{"href":"https:\/\/rheinhessen-imker.de\/index.php?rest_route=%2Fwp%2Fv2%2Fmedia&parent=1160"}],"wp:term":[{"taxonomy":"category","embeddable":true,"href":"https:\/\/rheinhessen-imker.de\/index.php?rest_route=%2Fwp%2Fv2%2Fcategories&post=1160"},{"taxonomy":"post_tag","embeddable":true,"href":"https:\/\/rheinhessen-imker.de\/index.php?rest_route=%2Fwp%2Fv2%2Ftags&post=1160"}],"curies":[{"name":"wp","href":"https:\/\/api.w.org\/{rel}","templated":true}]}}