{"id":1184,"date":"2016-02-17T23:29:32","date_gmt":"2016-02-17T22:29:32","guid":{"rendered":"http:\/\/rheinhessen-imker.de\/?p=1184"},"modified":"2016-02-17T23:29:32","modified_gmt":"2016-02-17T22:29:32","slug":"apisticus-tag-2016","status":"publish","type":"post","link":"https:\/\/rheinhessen-imker.de\/?p=1184","title":{"rendered":"Apisticus-Tag 2016"},"content":{"rendered":"<p>Es ist schon fast eine gute Tradition, dass wir bereits im Herbst die Karten f\u00fcr den Apisticus-Tag gebucht haben.<\/p>\n<p>Leider hat uns in diesem Jahr\u00a0eine Mandelentz\u00fcndung\u00a0ein Schnippchen geschlagen und so konnte nur Michael die Imkermesse in M\u00fcnster besuchen. Gemeinsam mit unserer M\u00fcnsteraner Imkerfreundin Sylvia bekam er\u00a0neben bekannten Angeboten, auch viele interessante Neuerungen, aber auf einige Kuriosit\u00e4ten zu Gesicht.<\/p>\n<p>Ein offensichtlicher Schwerpunkt in den Neuerungen lag dieses Jahr in den M\u00f6glichkeiten das Arbeiten an den Bienenst\u00f6cken zu erleichtern. Ein sch\u00f6nes Beispiel hierf\u00fcr war das liebevoll entwickelte &#8222;<a href=\"http:\/\/www.komfort-honighaus.de\" target=\"_blank\">Komfort-Honighaus<\/a>&#8220; , mit dem ohne gro\u00dfen Kraftaufwand geimkert werden kann.<\/p>\n<p>Etwas entt\u00e4uschend fanden wir\u00a0im Vergleich zu den Vorjahren leider das Angebot an Fachvortr\u00e4gen, so dass Michael und Sylvia auch nur einen Vortrag besuchten.<\/p>\n<p>In Summe war es aber auch in diesem Jahr ein lohnender Besuch. Wir freuen uns auf den n\u00e4chsten Apisticus-Tag in 2017.<\/p>\n<div class=\"tiled-gallery type-rectangular tiled-gallery-unresized\" data-original-width=\"660\" data-carousel-extra='{&quot;blog_id&quot;:1,&quot;permalink&quot;:&quot;https:\\\/\\\/rheinhessen-imker.de\\\/?p=1184&quot;,&quot;likes_blog_id&quot;:80830978}' itemscope itemtype=\"http:\/\/schema.org\/ImageGallery\" > <div class=\"gallery-row\" style=\"width: 660px; height: 331px;\" data-original-width=\"660\" data-original-height=\"331\" > <div class=\"gallery-group images-1\" style=\"width: 440px; height: 331px;\" data-original-width=\"440\" data-original-height=\"331\" > <div class=\"tiled-gallery-item tiled-gallery-item-large\" itemprop=\"associatedMedia\" itemscope itemtype=\"http:\/\/schema.org\/ImageObject\"> <a href=\"https:\/\/rheinhessen-imker.de\/?attachment_id=1181\" border=\"0\" itemprop=\"url\"> <meta itemprop=\"width\" content=\"436\"> <meta itemprop=\"height\" content=\"327\"> <img decoding=\"async\" class=\"\" data-attachment-id=\"1181\" data-orig-file=\"https:\/\/rheinhessen-imker.de\/wp-content\/uploads\/2016\/02\/Bienen_2016-02-13_13-30-03.jpg\" data-orig-size=\"1000,750\" data-comments-opened=\"1\" data-image-meta=\"{&quot;aperture&quot;:&quot;2.2&quot;,&quot;credit&quot;:&quot;&quot;,&quot;camera&quot;:&quot;&quot;,&quot;caption&quot;:&quot;&quot;,&quot;created_timestamp&quot;:&quot;1455370203&quot;,&quot;copyright&quot;:&quot;&quot;,&quot;focal_length&quot;:&quot;4.15&quot;,&quot;iso&quot;:&quot;32&quot;,&quot;shutter_speed&quot;:&quot;0.00033333333333333&quot;,&quot;title&quot;:&quot;&quot;,&quot;orientation&quot;:&quot;1&quot;}\" data-image-title=\"Bienen_2016-02-13_13-30-03\" data-image-description=\"\" data-medium-file=\"https:\/\/rheinhessen-imker.de\/wp-content\/uploads\/2016\/02\/Bienen_2016-02-13_13-30-03-300x225.jpg\" data-large-file=\"https:\/\/rheinhessen-imker.de\/wp-content\/uploads\/2016\/02\/Bienen_2016-02-13_13-30-03.jpg\" src=\"https:\/\/i0.wp.com\/rheinhessen-imker.de\/wp-content\/uploads\/2016\/02\/Bienen_2016-02-13_13-30-03.jpg?w=436&#038;h=327&#038;ssl=1\" srcset=\"https:\/\/rheinhessen-imker.de\/wp-content\/uploads\/2016\/02\/Bienen_2016-02-13_13-30-03.jpg 1000w, https:\/\/rheinhessen-imker.de\/wp-content\/uploads\/2016\/02\/Bienen_2016-02-13_13-30-03-150x113.jpg 150w, https:\/\/rheinhessen-imker.de\/wp-content\/uploads\/2016\/02\/Bienen_2016-02-13_13-30-03-300x225.jpg 300w, https:\/\/rheinhessen-imker.de\/wp-content\/uploads\/2016\/02\/Bienen_2016-02-13_13-30-03-768x576.jpg 768w, https:\/\/rheinhessen-imker.de\/wp-content\/uploads\/2016\/02\/Bienen_2016-02-13_13-30-03-700x525.jpg 700w\" width=\"436\" height=\"327\" loading=\"lazy\" data-original-width=\"436\" data-original-height=\"327\" itemprop=\"http:\/\/schema.org\/image\" title=\"Bienen_2016-02-13_13-30-03\" alt=\"Messegel\u00e4nde in der M\u00fcnsteraner Speicherstadt\" style=\"width: 436px; height: 327px;\" \/> <\/a> <div class=\"tiled-gallery-caption\" itemprop=\"caption description\"> Messegel\u00e4nde in der M\u00fcnsteraner Speicherstadt <\/div> <\/div> <\/div> <!-- close group --> <div class=\"gallery-group images-2\" style=\"width: 220px; height: 331px;\" data-original-width=\"220\" data-original-height=\"331\" > <div class=\"tiled-gallery-item tiled-gallery-item-small\" itemprop=\"associatedMedia\" itemscope itemtype=\"http:\/\/schema.org\/ImageObject\"> <a href=\"https:\/\/rheinhessen-imker.de\/?attachment_id=1183\" border=\"0\" itemprop=\"url\"> <meta itemprop=\"width\" content=\"216\"> <meta itemprop=\"height\" content=\"162\"> <img decoding=\"async\" class=\"\" data-attachment-id=\"1183\" data-orig-file=\"https:\/\/rheinhessen-imker.de\/wp-content\/uploads\/2016\/02\/Bienen_2016-02-13_14-35-26-2.jpg\" data-orig-size=\"1000,750\" data-comments-opened=\"1\" data-image-meta=\"{&quot;aperture&quot;:&quot;2.2&quot;,&quot;credit&quot;:&quot;&quot;,&quot;camera&quot;:&quot;&quot;,&quot;caption&quot;:&quot;&quot;,&quot;created_timestamp&quot;:&quot;1455374126&quot;,&quot;copyright&quot;:&quot;&quot;,&quot;focal_length&quot;:&quot;4.15&quot;,&quot;iso&quot;:&quot;32&quot;,&quot;shutter_speed&quot;:&quot;0.02&quot;,&quot;title&quot;:&quot;&quot;,&quot;orientation&quot;:&quot;1&quot;}\" data-image-title=\"Bienen_2016-02-13_14-35-26-2\" data-image-description=\"\" data-medium-file=\"https:\/\/rheinhessen-imker.de\/wp-content\/uploads\/2016\/02\/Bienen_2016-02-13_14-35-26-2-300x225.jpg\" data-large-file=\"https:\/\/rheinhessen-imker.de\/wp-content\/uploads\/2016\/02\/Bienen_2016-02-13_14-35-26-2.jpg\" src=\"https:\/\/i0.wp.com\/rheinhessen-imker.de\/wp-content\/uploads\/2016\/02\/Bienen_2016-02-13_14-35-26-2.jpg?w=216&#038;h=162&#038;ssl=1\" srcset=\"https:\/\/rheinhessen-imker.de\/wp-content\/uploads\/2016\/02\/Bienen_2016-02-13_14-35-26-2.jpg 1000w, https:\/\/rheinhessen-imker.de\/wp-content\/uploads\/2016\/02\/Bienen_2016-02-13_14-35-26-2-150x113.jpg 150w, https:\/\/rheinhessen-imker.de\/wp-content\/uploads\/2016\/02\/Bienen_2016-02-13_14-35-26-2-300x225.jpg 300w, https:\/\/rheinhessen-imker.de\/wp-content\/uploads\/2016\/02\/Bienen_2016-02-13_14-35-26-2-768x576.jpg 768w, https:\/\/rheinhessen-imker.de\/wp-content\/uploads\/2016\/02\/Bienen_2016-02-13_14-35-26-2-700x525.jpg 700w\" width=\"216\" height=\"162\" loading=\"lazy\" data-original-width=\"216\" data-original-height=\"162\" itemprop=\"http:\/\/schema.org\/image\" title=\"Bienen_2016-02-13_14-35-26-2\" alt=\"Ausstellung Messehalle\" style=\"width: 216px; height: 162px;\" \/> <\/a> <div class=\"tiled-gallery-caption\" itemprop=\"caption description\"> Ausstellung Messehalle <\/div> <\/div> <div class=\"tiled-gallery-item tiled-gallery-item-small\" itemprop=\"associatedMedia\" itemscope itemtype=\"http:\/\/schema.org\/ImageObject\"> <a href=\"https:\/\/rheinhessen-imker.de\/?attachment_id=1182\" border=\"0\" itemprop=\"url\"> <meta itemprop=\"width\" content=\"216\"> <meta itemprop=\"height\" content=\"161\"> <img decoding=\"async\" class=\"\" data-attachment-id=\"1182\" data-orig-file=\"https:\/\/rheinhessen-imker.de\/wp-content\/uploads\/2016\/02\/Bienen_2016-02-13_13-35-49.jpg\" data-orig-size=\"1000,750\" data-comments-opened=\"1\" data-image-meta=\"{&quot;aperture&quot;:&quot;2.2&quot;,&quot;credit&quot;:&quot;&quot;,&quot;camera&quot;:&quot;&quot;,&quot;caption&quot;:&quot;&quot;,&quot;created_timestamp&quot;:&quot;1455370549&quot;,&quot;copyright&quot;:&quot;&quot;,&quot;focal_length&quot;:&quot;4.15&quot;,&quot;iso&quot;:&quot;32&quot;,&quot;shutter_speed&quot;:&quot;0.0076923076923077&quot;,&quot;title&quot;:&quot;&quot;,&quot;orientation&quot;:&quot;1&quot;}\" data-image-title=\"Bienen_2016-02-13_13-35-49\" data-image-description=\"\" data-medium-file=\"https:\/\/rheinhessen-imker.de\/wp-content\/uploads\/2016\/02\/Bienen_2016-02-13_13-35-49-300x225.jpg\" data-large-file=\"https:\/\/rheinhessen-imker.de\/wp-content\/uploads\/2016\/02\/Bienen_2016-02-13_13-35-49.jpg\" src=\"https:\/\/i0.wp.com\/rheinhessen-imker.de\/wp-content\/uploads\/2016\/02\/Bienen_2016-02-13_13-35-49.jpg?w=216&#038;h=161&#038;ssl=1\" srcset=\"https:\/\/rheinhessen-imker.de\/wp-content\/uploads\/2016\/02\/Bienen_2016-02-13_13-35-49.jpg 1000w, https:\/\/rheinhessen-imker.de\/wp-content\/uploads\/2016\/02\/Bienen_2016-02-13_13-35-49-150x113.jpg 150w, https:\/\/rheinhessen-imker.de\/wp-content\/uploads\/2016\/02\/Bienen_2016-02-13_13-35-49-300x225.jpg 300w, https:\/\/rheinhessen-imker.de\/wp-content\/uploads\/2016\/02\/Bienen_2016-02-13_13-35-49-768x576.jpg 768w, https:\/\/rheinhessen-imker.de\/wp-content\/uploads\/2016\/02\/Bienen_2016-02-13_13-35-49-700x525.jpg 700w\" width=\"216\" height=\"161\" loading=\"lazy\" data-original-width=\"216\" data-original-height=\"161\" itemprop=\"http:\/\/schema.org\/image\" title=\"Bienen_2016-02-13_13-35-49\" alt=\"Erweiterte Ausstellungsfl\u00e4che\" style=\"width: 216px; height: 161px;\" \/> <\/a> <div class=\"tiled-gallery-caption\" itemprop=\"caption description\"> Erweiterte Ausstellungsfl\u00e4che <\/div> <\/div> <\/div> <!-- close group --> <\/div> <!-- close row --> <\/div>\n","protected":false},"excerpt":{"rendered":"<p>Es ist schon fast eine gute Tradition, dass wir bereits im Herbst die Karten f\u00fcr den Apisticus-Tag gebucht haben. Leider hat uns in diesem Jahr\u00a0eine Mandelentz\u00fcndung\u00a0ein Schnippchen geschlagen und so konnte nur Michael die Imkermesse in M\u00fcnster besuchen. Gemeinsam mit unserer M\u00fcnsteraner Imkerfreundin Sylvia bekam er\u00a0neben bekannten Angeboten, auch viele &#8230;<\/p>\n","protected":false},"author":1,"featured_media":1183,"comment_status":"open","ping_status":"closed","sticky":false,"template":"","format":"standard","meta":{"_jetpack_memberships_contains_paid_content":false,"footnotes":""},"categories":[7],"tags":[],"class_list":["post-1184","post","type-post","status-publish","format-standard","has-post-thumbnail","hentry","category-allgemein","column","twocol","has-thumbnail"],"jetpack_sharing_enabled":true,"jetpack_featured_media_url":"https:\/\/rheinhessen-imker.de\/wp-content\/uploads\/2016\/02\/Bienen_2016-02-13_14-35-26-2.jpg","jetpack_shortlink":"https:\/\/wp.me\/p5t9Ps-j6","_links":{"self":[{"href":"https:\/\/rheinhessen-imker.de\/index.php?rest_route=\/wp\/v2\/posts\/1184","targetHints":{"allow":["GET"]}}],"collection":[{"href":"https:\/\/rheinhessen-imker.de\/index.php?rest_route=\/wp\/v2\/posts"}],"about":[{"href":"https:\/\/rheinhessen-imker.de\/index.php?rest_route=\/wp\/v2\/types\/post"}],"author":[{"embeddable":true,"href":"https:\/\/rheinhessen-imker.de\/index.php?rest_route=\/wp\/v2\/users\/1"}],"replies":[{"embeddable":true,"href":"https:\/\/rheinhessen-imker.de\/index.php?rest_route=%2Fwp%2Fv2%2Fcomments&post=1184"}],"version-history":[{"count":7,"href":"https:\/\/rheinhessen-imker.de\/index.php?rest_route=\/wp\/v2\/posts\/1184\/revisions"}],"predecessor-version":[{"id":1191,"href":"https:\/\/rheinhessen-imker.de\/index.php?rest_route=\/wp\/v2\/posts\/1184\/revisions\/1191"}],"wp:featuredmedia":[{"embeddable":true,"href":"https:\/\/rheinhessen-imker.de\/index.php?rest_route=\/wp\/v2\/media\/1183"}],"wp:attachment":[{"href":"https:\/\/rheinhessen-imker.de\/index.php?rest_route=%2Fwp%2Fv2%2Fmedia&parent=1184"}],"wp:term":[{"taxonomy":"category","embeddable":true,"href":"https:\/\/rheinhessen-imker.de\/index.php?rest_route=%2Fwp%2Fv2%2Fcategories&post=1184"},{"taxonomy":"post_tag","embeddable":true,"href":"https:\/\/rheinhessen-imker.de\/index.php?rest_route=%2Fwp%2Fv2%2Ftags&post=1184"}],"curies":[{"name":"wp","href":"https:\/\/api.w.org\/{rel}","templated":true}]}}