{"id":1217,"date":"2016-05-29T22:42:25","date_gmt":"2016-05-29T21:42:25","guid":{"rendered":"http:\/\/rheinhessen-imker.de\/?p=1217"},"modified":"2016-05-29T22:42:25","modified_gmt":"2016-05-29T21:42:25","slug":"erste-honigernte-2016","status":"publish","type":"post","link":"https:\/\/rheinhessen-imker.de\/?p=1217","title":{"rendered":"Erste Honigernte 2016"},"content":{"rendered":"<p>Heute konnten wir von f\u00fcnf V\u00f6lkern den ersten Honig ernten. Auch wenn wir nach den bisherigen Kontrollen der V\u00f6lker eine gute Honigsaison bereits erwartet haben, wurden die Erwartungen noch \u00fcbertroffen: Die f\u00fcnf V\u00f6lker haben zusammen 92 kg Honig zusammengetragen.<\/p>\n<p>Es war wieder sehr interessant zu sehen, dass die V\u00f6lker, obwohl sie am gleichen Standort stehen unterschiedliche Nektarquellen anfliegen. So haben wir sowohl ganz hellen Honig &#8211; vermutlich mit Raps-Anteilen, als auch dunkleren Honig ernten k\u00f6nnen.<\/p>\n<p>Wir sind sehr gespannt, wie flei\u00dfig die anderen V\u00f6lker so waren.<\/p>\n<div class=\"tiled-gallery type-rectangular tiled-gallery-unresized\" data-original-width=\"660\" data-carousel-extra='{&quot;blog_id&quot;:1,&quot;permalink&quot;:&quot;https:\\\/\\\/rheinhessen-imker.de\\\/?p=1217&quot;,&quot;likes_blog_id&quot;:80830978}' itemscope itemtype=\"http:\/\/schema.org\/ImageGallery\" > <div class=\"gallery-row\" style=\"width: 660px; height: 465px;\" data-original-width=\"660\" data-original-height=\"465\" > <div class=\"gallery-group images-2\" style=\"width: 348px; height: 465px;\" data-original-width=\"348\" data-original-height=\"465\" > <div class=\"tiled-gallery-item tiled-gallery-item-large\" itemprop=\"associatedMedia\" itemscope itemtype=\"http:\/\/schema.org\/ImageObject\"> <a href=\"https:\/\/rheinhessen-imker.de\/?attachment_id=1219\" border=\"0\" itemprop=\"url\"> <meta itemprop=\"width\" content=\"344\"> <meta itemprop=\"height\" content=\"228\"> <img decoding=\"async\" class=\"\" data-attachment-id=\"1219\" data-orig-file=\"https:\/\/rheinhessen-imker.de\/wp-content\/uploads\/2016\/05\/Bienen_2016-05-29.jpeg\" data-orig-size=\"2035,1346\" data-comments-opened=\"1\" data-image-meta=\"{&quot;aperture&quot;:&quot;2.4&quot;,&quot;credit&quot;:&quot;&quot;,&quot;camera&quot;:&quot;iPhone 5&quot;,&quot;caption&quot;:&quot;&quot;,&quot;created_timestamp&quot;:&quot;1464547213&quot;,&quot;copyright&quot;:&quot;&quot;,&quot;focal_length&quot;:&quot;4.12&quot;,&quot;iso&quot;:&quot;50&quot;,&quot;shutter_speed&quot;:&quot;0.033333333333333&quot;,&quot;title&quot;:&quot;&quot;,&quot;orientation&quot;:&quot;1&quot;}\" data-image-title=\"Bienen_2016-05-29\" data-image-description=\"&lt;p&gt;Nahaufnahme einer frisch entdeckelten Wabe.&lt;\/p&gt; \" data-medium-file=\"https:\/\/rheinhessen-imker.de\/wp-content\/uploads\/2016\/05\/Bienen_2016-05-29-300x198.jpeg\" data-large-file=\"https:\/\/rheinhessen-imker.de\/wp-content\/uploads\/2016\/05\/Bienen_2016-05-29-1024x677.jpeg\" src=\"https:\/\/i0.wp.com\/rheinhessen-imker.de\/wp-content\/uploads\/2016\/05\/Bienen_2016-05-29.jpeg?w=344&#038;h=228&#038;ssl=1\" srcset=\"https:\/\/rheinhessen-imker.de\/wp-content\/uploads\/2016\/05\/Bienen_2016-05-29.jpeg 2035w, https:\/\/rheinhessen-imker.de\/wp-content\/uploads\/2016\/05\/Bienen_2016-05-29-150x99.jpeg 150w, https:\/\/rheinhessen-imker.de\/wp-content\/uploads\/2016\/05\/Bienen_2016-05-29-300x198.jpeg 300w, https:\/\/rheinhessen-imker.de\/wp-content\/uploads\/2016\/05\/Bienen_2016-05-29-768x508.jpeg 768w, https:\/\/rheinhessen-imker.de\/wp-content\/uploads\/2016\/05\/Bienen_2016-05-29-1024x677.jpeg 1024w, https:\/\/rheinhessen-imker.de\/wp-content\/uploads\/2016\/05\/Bienen_2016-05-29-700x463.jpeg 700w\" width=\"344\" height=\"228\" loading=\"lazy\" data-original-width=\"344\" data-original-height=\"228\" itemprop=\"http:\/\/schema.org\/image\" title=\"Bienen_2016-05-29\" alt=\"Nahaufnahme einer frisch entdeckelten Wabe.\" style=\"width: 344px; height: 228px;\" \/> <\/a> <div class=\"tiled-gallery-caption\" itemprop=\"caption description\"> Nahaufnahme einer frisch entdeckelten Wabe. <\/div> <\/div> <div class=\"tiled-gallery-item tiled-gallery-item-large\" itemprop=\"associatedMedia\" itemscope itemtype=\"http:\/\/schema.org\/ImageObject\"> <a href=\"https:\/\/rheinhessen-imker.de\/?attachment_id=250\" border=\"0\" itemprop=\"url\"> <meta itemprop=\"width\" content=\"344\"> <meta itemprop=\"height\" content=\"229\"> <img decoding=\"async\" class=\"\" data-attachment-id=\"250\" data-orig-file=\"https:\/\/rheinhessen-imker.de\/wp-content\/uploads\/2014\/05\/Bienen_2014-05-17_15-18-43.jpg\" data-orig-size=\"1024,683\" data-comments-opened=\"1\" data-image-meta=\"{&quot;aperture&quot;:&quot;7.1&quot;,&quot;credit&quot;:&quot;Michael Gr\\u00fcger&quot;,&quot;camera&quot;:&quot;Canon EOS 70D&quot;,&quot;caption&quot;:&quot;&quot;,&quot;created_timestamp&quot;:&quot;1400339923&quot;,&quot;copyright&quot;:&quot;Michael Gr\\u00fcger&quot;,&quot;focal_length&quot;:&quot;35&quot;,&quot;iso&quot;:&quot;100&quot;,&quot;shutter_speed&quot;:&quot;0.0025&quot;,&quot;title&quot;:&quot;\\u00a9 Michael Gr\\u00fcger, Wackernheim&quot;}\" data-image-title=\"Perfekte Honigwabe\" data-image-description=\"&lt;p&gt;Perfekte Honigwabe&lt;\/p&gt; \" data-medium-file=\"https:\/\/rheinhessen-imker.de\/wp-content\/uploads\/2014\/05\/Bienen_2014-05-17_15-18-43-300x200.jpg\" data-large-file=\"https:\/\/rheinhessen-imker.de\/wp-content\/uploads\/2014\/05\/Bienen_2014-05-17_15-18-43.jpg\" src=\"https:\/\/i0.wp.com\/rheinhessen-imker.de\/wp-content\/uploads\/2014\/05\/Bienen_2014-05-17_15-18-43.jpg?w=344&#038;h=229&#038;ssl=1\" srcset=\"https:\/\/rheinhessen-imker.de\/wp-content\/uploads\/2014\/05\/Bienen_2014-05-17_15-18-43.jpg 1024w, https:\/\/rheinhessen-imker.de\/wp-content\/uploads\/2014\/05\/Bienen_2014-05-17_15-18-43-150x100.jpg 150w, https:\/\/rheinhessen-imker.de\/wp-content\/uploads\/2014\/05\/Bienen_2014-05-17_15-18-43-300x200.jpg 300w, https:\/\/rheinhessen-imker.de\/wp-content\/uploads\/2014\/05\/Bienen_2014-05-17_15-18-43-624x416.jpg 624w\" width=\"344\" height=\"229\" loading=\"lazy\" data-original-width=\"344\" data-original-height=\"229\" itemprop=\"http:\/\/schema.org\/image\" title=\"Perfekte Honigwabe\" alt=\"Perfekte Honigwabe\" style=\"width: 344px; height: 229px;\" \/> <\/a> <div class=\"tiled-gallery-caption\" itemprop=\"caption description\"> perfekt verdeckelte Wabe. <\/div> <\/div> <\/div> <!-- close group --> <div class=\"gallery-group images-1\" style=\"width: 312px; height: 465px;\" data-original-width=\"312\" data-original-height=\"465\" > <div class=\"tiled-gallery-item tiled-gallery-item-large\" itemprop=\"associatedMedia\" itemscope itemtype=\"http:\/\/schema.org\/ImageObject\"> <a href=\"https:\/\/rheinhessen-imker.de\/?attachment_id=251\" border=\"0\" itemprop=\"url\"> <meta itemprop=\"width\" content=\"308\"> <meta itemprop=\"height\" content=\"461\"> <img decoding=\"async\" class=\"\" data-attachment-id=\"251\" data-orig-file=\"https:\/\/rheinhessen-imker.de\/wp-content\/uploads\/2014\/05\/Bienen_2014-05-17_15-43-43.jpg\" data-orig-size=\"683,1024\" data-comments-opened=\"1\" data-image-meta=\"{&quot;aperture&quot;:&quot;7.1&quot;,&quot;credit&quot;:&quot;Michael Gr\\u00fcger&quot;,&quot;camera&quot;:&quot;Canon EOS 70D&quot;,&quot;caption&quot;:&quot;&quot;,&quot;created_timestamp&quot;:&quot;1400341423&quot;,&quot;copyright&quot;:&quot;Michael Gr\\u00fcger&quot;,&quot;focal_length&quot;:&quot;18&quot;,&quot;iso&quot;:&quot;800&quot;,&quot;shutter_speed&quot;:&quot;0.033333333333333&quot;,&quot;title&quot;:&quot;\\u00a9 Michael Gr\\u00fcger, Wackernheim&quot;}\" data-image-title=\"Imkergold\" data-image-description=\"\" data-medium-file=\"https:\/\/rheinhessen-imker.de\/wp-content\/uploads\/2014\/05\/Bienen_2014-05-17_15-43-43-200x300.jpg\" data-large-file=\"https:\/\/rheinhessen-imker.de\/wp-content\/uploads\/2014\/05\/Bienen_2014-05-17_15-43-43.jpg\" src=\"https:\/\/i0.wp.com\/rheinhessen-imker.de\/wp-content\/uploads\/2014\/05\/Bienen_2014-05-17_15-43-43.jpg?w=308&#038;h=461&#038;ssl=1\" srcset=\"https:\/\/rheinhessen-imker.de\/wp-content\/uploads\/2014\/05\/Bienen_2014-05-17_15-43-43.jpg 683w, https:\/\/rheinhessen-imker.de\/wp-content\/uploads\/2014\/05\/Bienen_2014-05-17_15-43-43-100x150.jpg 100w, https:\/\/rheinhessen-imker.de\/wp-content\/uploads\/2014\/05\/Bienen_2014-05-17_15-43-43-200x300.jpg 200w, https:\/\/rheinhessen-imker.de\/wp-content\/uploads\/2014\/05\/Bienen_2014-05-17_15-43-43-624x935.jpg 624w\" width=\"308\" height=\"461\" loading=\"lazy\" data-original-width=\"308\" data-original-height=\"461\" itemprop=\"http:\/\/schema.org\/image\" title=\"Imkergold\" alt=\"Imkergold\" style=\"width: 308px; height: 461px;\" \/> <\/a> <div class=\"tiled-gallery-caption\" itemprop=\"caption description\"> Imkergold <\/div> <\/div> <\/div> <!-- close group --> <\/div> <!-- close row --> <\/div>\n","protected":false},"excerpt":{"rendered":"<p>Heute konnten wir von f\u00fcnf V\u00f6lkern den ersten Honig ernten. Auch wenn wir nach den bisherigen Kontrollen der V\u00f6lker eine gute Honigsaison bereits erwartet haben, wurden die Erwartungen noch \u00fcbertroffen: Die f\u00fcnf V\u00f6lker haben zusammen 92 kg Honig zusammengetragen. Es war wieder sehr interessant zu sehen, dass die V\u00f6lker, obwohl &#8230;<\/p>\n","protected":false},"author":1,"featured_media":1219,"comment_status":"open","ping_status":"closed","sticky":false,"template":"","format":"standard","meta":{"_jetpack_memberships_contains_paid_content":false,"footnotes":""},"categories":[7],"tags":[],"class_list":["post-1217","post","type-post","status-publish","format-standard","has-post-thumbnail","hentry","category-allgemein","column","twocol","has-thumbnail"],"jetpack_sharing_enabled":true,"jetpack_featured_media_url":"https:\/\/rheinhessen-imker.de\/wp-content\/uploads\/2016\/05\/Bienen_2016-05-29.jpeg","jetpack_shortlink":"https:\/\/wp.me\/p5t9Ps-jD","_links":{"self":[{"href":"https:\/\/rheinhessen-imker.de\/index.php?rest_route=\/wp\/v2\/posts\/1217","targetHints":{"allow":["GET"]}}],"collection":[{"href":"https:\/\/rheinhessen-imker.de\/index.php?rest_route=\/wp\/v2\/posts"}],"about":[{"href":"https:\/\/rheinhessen-imker.de\/index.php?rest_route=\/wp\/v2\/types\/post"}],"author":[{"embeddable":true,"href":"https:\/\/rheinhessen-imker.de\/index.php?rest_route=\/wp\/v2\/users\/1"}],"replies":[{"embeddable":true,"href":"https:\/\/rheinhessen-imker.de\/index.php?rest_route=%2Fwp%2Fv2%2Fcomments&post=1217"}],"version-history":[{"count":3,"href":"https:\/\/rheinhessen-imker.de\/index.php?rest_route=\/wp\/v2\/posts\/1217\/revisions"}],"predecessor-version":[{"id":1221,"href":"https:\/\/rheinhessen-imker.de\/index.php?rest_route=\/wp\/v2\/posts\/1217\/revisions\/1221"}],"wp:featuredmedia":[{"embeddable":true,"href":"https:\/\/rheinhessen-imker.de\/index.php?rest_route=\/wp\/v2\/media\/1219"}],"wp:attachment":[{"href":"https:\/\/rheinhessen-imker.de\/index.php?rest_route=%2Fwp%2Fv2%2Fmedia&parent=1217"}],"wp:term":[{"taxonomy":"category","embeddable":true,"href":"https:\/\/rheinhessen-imker.de\/index.php?rest_route=%2Fwp%2Fv2%2Fcategories&post=1217"},{"taxonomy":"post_tag","embeddable":true,"href":"https:\/\/rheinhessen-imker.de\/index.php?rest_route=%2Fwp%2Fv2%2Ftags&post=1217"}],"curies":[{"name":"wp","href":"https:\/\/api.w.org\/{rel}","templated":true}]}}