{"id":1223,"date":"2016-06-09T21:12:42","date_gmt":"2016-06-09T20:12:42","guid":{"rendered":"http:\/\/rheinhessen-imker.de\/?p=1223"},"modified":"2016-06-09T21:12:42","modified_gmt":"2016-06-09T20:12:42","slug":"ernte-aus-2015-ausverkauft","status":"publish","type":"post","link":"https:\/\/rheinhessen-imker.de\/?p=1223","title":{"rendered":"Ernte aus 2015 ausverkauft"},"content":{"rendered":"<p>Heute ist das letzte Glas Honig aus dem letzten Jahr verkauft worden.<\/p>\n<p>Zum Gl\u00fcck haben wir aber schon ca. 90 kg aus diesem Jahr im Keller stehen. Dieser Honig muss aber noch fertig ger\u00fchrt werden, damit er dann sch\u00f6n cremig in Gl\u00e4ser abgef\u00fcllt werden kann.<\/p>\n<p>Erste Geschmacksproben begeistern uns sehr.<\/p>\n<p>Wir rechnen damit, dass wir in ca. 2 Wochen diesen wieder Honig zum Verkauf haben werden.<\/p>\n","protected":false},"excerpt":{"rendered":"<p>Heute ist das letzte Glas Honig aus dem letzten Jahr verkauft worden. Zum Gl\u00fcck haben wir aber schon ca. 90 kg aus diesem Jahr im Keller stehen. Dieser Honig muss aber noch fertig ger\u00fchrt werden, damit er dann sch\u00f6n cremig in Gl\u00e4ser abgef\u00fcllt werden kann. Erste Geschmacksproben begeistern uns sehr. &#8230;<\/p>\n","protected":false},"author":1,"featured_media":1209,"comment_status":"open","ping_status":"closed","sticky":false,"template":"","format":"standard","meta":{"_jetpack_memberships_contains_paid_content":false,"footnotes":""},"categories":[7],"tags":[],"class_list":["post-1223","post","type-post","status-publish","format-standard","has-post-thumbnail","hentry","category-allgemein","column","twocol","has-thumbnail"],"jetpack_sharing_enabled":true,"jetpack_featured_media_url":"https:\/\/rheinhessen-imker.de\/wp-content\/uploads\/2016\/04\/Bienen_2015-06-30_17-01-31.jpg","jetpack_shortlink":"https:\/\/wp.me\/p5t9Ps-jJ","_links":{"self":[{"href":"https:\/\/rheinhessen-imker.de\/index.php?rest_route=\/wp\/v2\/posts\/1223","targetHints":{"allow":["GET"]}}],"collection":[{"href":"https:\/\/rheinhessen-imker.de\/index.php?rest_route=\/wp\/v2\/posts"}],"about":[{"href":"https:\/\/rheinhessen-imker.de\/index.php?rest_route=\/wp\/v2\/types\/post"}],"author":[{"embeddable":true,"href":"https:\/\/rheinhessen-imker.de\/index.php?rest_route=\/wp\/v2\/users\/1"}],"replies":[{"embeddable":true,"href":"https:\/\/rheinhessen-imker.de\/index.php?rest_route=%2Fwp%2Fv2%2Fcomments&post=1223"}],"version-history":[{"count":2,"href":"https:\/\/rheinhessen-imker.de\/index.php?rest_route=\/wp\/v2\/posts\/1223\/revisions"}],"predecessor-version":[{"id":1226,"href":"https:\/\/rheinhessen-imker.de\/index.php?rest_route=\/wp\/v2\/posts\/1223\/revisions\/1226"}],"wp:featuredmedia":[{"embeddable":true,"href":"https:\/\/rheinhessen-imker.de\/index.php?rest_route=\/wp\/v2\/media\/1209"}],"wp:attachment":[{"href":"https:\/\/rheinhessen-imker.de\/index.php?rest_route=%2Fwp%2Fv2%2Fmedia&parent=1223"}],"wp:term":[{"taxonomy":"category","embeddable":true,"href":"https:\/\/rheinhessen-imker.de\/index.php?rest_route=%2Fwp%2Fv2%2Fcategories&post=1223"},{"taxonomy":"post_tag","embeddable":true,"href":"https:\/\/rheinhessen-imker.de\/index.php?rest_route=%2Fwp%2Fv2%2Ftags&post=1223"}],"curies":[{"name":"wp","href":"https:\/\/api.w.org\/{rel}","templated":true}]}}