{"id":1229,"date":"2016-07-02T15:12:33","date_gmt":"2016-07-02T14:12:33","guid":{"rendered":"http:\/\/rheinhessen-imker.de\/?p=1229"},"modified":"2016-07-02T15:12:33","modified_gmt":"2016-07-02T14:12:33","slug":"vereinssommerfest-oder-schwarm-fangen","status":"publish","type":"post","link":"https:\/\/rheinhessen-imker.de\/?p=1229","title":{"rendered":"Vereinssommerfest oder Schwarm fangen?"},"content":{"rendered":"<p>Rheinhessen\u00a0im Sommer 2016: Bei angenehmen 16\u00b0C und leichtem Nieselregen machen wir uns fertig, um zu einem lang geplanten Vereinssommerfest zu fahren.\u00a0Doch dann&#8230;<\/p>\n<p>&#8230; ein befreundeter Imker berichtet von einem Bienenschwarm, ganz in der N\u00e4he unseres Bienenstandes. Schweren Herzens verzichten wir also auf das Grillen unter freiem Himmel (= im Nieselregen), ziehen die Imker-Klamotten an und machen uns auf zum Schwarmfang.<\/p>\n<p>Die Bienen machten es uns diesmal sehr leicht. An einem Zaunpfahl warteten sie auf Rettung vor dem Wetter. Durch die Temperaturen und der Nieselregen (!) waren sie schon etwas klamm und recht ruhig.<\/p>\n<p>Das Einkehren in den Schwarmfangkasten war somit in k\u00fcrzester Zeit erledigt. Die allermeisten Bienen zogen bereitwillig in ihr kurzzeitig neues Heim ein.<\/p>\n<p>Nun kommt noch die &#8222;Kellerhaft&#8220; f\u00fcr drei Tage und dann d\u00fcrfen sie in Ihr neues (trockenes) Zuhause mit frischen Mittelw\u00e4nden einziehen.<\/p>\n<p>&nbsp;<\/p>\n<div class=\"tiled-gallery type-rectangular tiled-gallery-unresized\" data-original-width=\"660\" data-carousel-extra='{&quot;blog_id&quot;:1,&quot;permalink&quot;:&quot;https:\\\/\\\/rheinhessen-imker.de\\\/?p=1229&quot;,&quot;likes_blog_id&quot;:80830978}' itemscope itemtype=\"http:\/\/schema.org\/ImageGallery\" > <div class=\"gallery-row\" style=\"width: 660px; height: 317px;\" data-original-width=\"660\" data-original-height=\"317\" > <div class=\"gallery-group images-1\" style=\"width: 421px; height: 317px;\" data-original-width=\"421\" data-original-height=\"317\" > <div class=\"tiled-gallery-item tiled-gallery-item-large\" itemprop=\"associatedMedia\" itemscope itemtype=\"http:\/\/schema.org\/ImageObject\"> <a href=\"https:\/\/rheinhessen-imker.de\/?attachment_id=1230\" border=\"0\" itemprop=\"url\"> <meta itemprop=\"width\" content=\"417\"> <meta itemprop=\"height\" content=\"313\"> <img decoding=\"async\" class=\"\" data-attachment-id=\"1230\" data-orig-file=\"https:\/\/rheinhessen-imker.de\/wp-content\/uploads\/2016\/07\/Bienen_2016-07-02_10-24-32.jpg\" data-orig-size=\"1000,750\" data-comments-opened=\"1\" data-image-meta=\"{&quot;aperture&quot;:&quot;2.2&quot;,&quot;credit&quot;:&quot;Michael Gr\\u00fcger&quot;,&quot;camera&quot;:&quot;&quot;,&quot;caption&quot;:&quot;&quot;,&quot;created_timestamp&quot;:&quot;1467455072&quot;,&quot;copyright&quot;:&quot;Michael Gr\\u00fcger&quot;,&quot;focal_length&quot;:&quot;4.15&quot;,&quot;iso&quot;:&quot;32&quot;,&quot;shutter_speed&quot;:&quot;0.0045454545454545&quot;,&quot;title&quot;:&quot;&quot;,&quot;orientation&quot;:&quot;1&quot;}\" data-image-title=\"Bienen_2016-07-02_10-24-32\" data-image-description=\"\" data-medium-file=\"https:\/\/rheinhessen-imker.de\/wp-content\/uploads\/2016\/07\/Bienen_2016-07-02_10-24-32-300x225.jpg\" data-large-file=\"https:\/\/rheinhessen-imker.de\/wp-content\/uploads\/2016\/07\/Bienen_2016-07-02_10-24-32.jpg\" src=\"https:\/\/i0.wp.com\/rheinhessen-imker.de\/wp-content\/uploads\/2016\/07\/Bienen_2016-07-02_10-24-32.jpg?w=417&#038;h=313&#038;ssl=1\" srcset=\"https:\/\/rheinhessen-imker.de\/wp-content\/uploads\/2016\/07\/Bienen_2016-07-02_10-24-32.jpg 1000w, https:\/\/rheinhessen-imker.de\/wp-content\/uploads\/2016\/07\/Bienen_2016-07-02_10-24-32-150x113.jpg 150w, https:\/\/rheinhessen-imker.de\/wp-content\/uploads\/2016\/07\/Bienen_2016-07-02_10-24-32-300x225.jpg 300w, https:\/\/rheinhessen-imker.de\/wp-content\/uploads\/2016\/07\/Bienen_2016-07-02_10-24-32-768x576.jpg 768w, https:\/\/rheinhessen-imker.de\/wp-content\/uploads\/2016\/07\/Bienen_2016-07-02_10-24-32-700x525.jpg 700w\" width=\"417\" height=\"313\" loading=\"lazy\" data-original-width=\"417\" data-original-height=\"313\" itemprop=\"http:\/\/schema.org\/image\" title=\"Bienen_2016-07-02_10-24-32\" alt=\"Bienen_2016-07-02_10-24-32\" style=\"width: 417px; height: 313px;\" \/> <\/a> <\/div> <\/div> <!-- close group --> <div class=\"gallery-group images-1\" style=\"width: 239px; height: 317px;\" data-original-width=\"239\" data-original-height=\"317\" > <div class=\"tiled-gallery-item tiled-gallery-item-small\" itemprop=\"associatedMedia\" itemscope itemtype=\"http:\/\/schema.org\/ImageObject\"> <a href=\"https:\/\/rheinhessen-imker.de\/?attachment_id=1231\" border=\"0\" itemprop=\"url\"> <meta itemprop=\"width\" content=\"235\"> <meta itemprop=\"height\" content=\"313\"> <img decoding=\"async\" class=\"\" data-attachment-id=\"1231\" data-orig-file=\"https:\/\/rheinhessen-imker.de\/wp-content\/uploads\/2016\/07\/Bienen_2016-07-02_10-28-04.jpg\" data-orig-size=\"750,1000\" data-comments-opened=\"1\" data-image-meta=\"{&quot;aperture&quot;:&quot;2.2&quot;,&quot;credit&quot;:&quot;Michael Gr\\u00fcger&quot;,&quot;camera&quot;:&quot;&quot;,&quot;caption&quot;:&quot;&quot;,&quot;created_timestamp&quot;:&quot;1467455284&quot;,&quot;copyright&quot;:&quot;Michael Gr\\u00fcger&quot;,&quot;focal_length&quot;:&quot;4.15&quot;,&quot;iso&quot;:&quot;32&quot;,&quot;shutter_speed&quot;:&quot;0.01&quot;,&quot;title&quot;:&quot;&quot;,&quot;orientation&quot;:&quot;1&quot;}\" data-image-title=\"Bienen_2016-07-02_10-28-04\" data-image-description=\"\" data-medium-file=\"https:\/\/rheinhessen-imker.de\/wp-content\/uploads\/2016\/07\/Bienen_2016-07-02_10-28-04-225x300.jpg\" data-large-file=\"https:\/\/rheinhessen-imker.de\/wp-content\/uploads\/2016\/07\/Bienen_2016-07-02_10-28-04.jpg\" src=\"https:\/\/i0.wp.com\/rheinhessen-imker.de\/wp-content\/uploads\/2016\/07\/Bienen_2016-07-02_10-28-04.jpg?w=235&#038;h=313&#038;ssl=1\" srcset=\"https:\/\/rheinhessen-imker.de\/wp-content\/uploads\/2016\/07\/Bienen_2016-07-02_10-28-04.jpg 750w, https:\/\/rheinhessen-imker.de\/wp-content\/uploads\/2016\/07\/Bienen_2016-07-02_10-28-04-113x150.jpg 113w, https:\/\/rheinhessen-imker.de\/wp-content\/uploads\/2016\/07\/Bienen_2016-07-02_10-28-04-225x300.jpg 225w, https:\/\/rheinhessen-imker.de\/wp-content\/uploads\/2016\/07\/Bienen_2016-07-02_10-28-04-700x933.jpg 700w\" width=\"235\" height=\"313\" loading=\"lazy\" data-original-width=\"235\" data-original-height=\"313\" itemprop=\"http:\/\/schema.org\/image\" title=\"Bienen_2016-07-02_10-28-04\" alt=\"Bienen_2016-07-02_10-28-04\" style=\"width: 235px; height: 313px;\" \/> <\/a> <\/div> <\/div> <!-- close group --> <\/div> <!-- close row --> <div class=\"gallery-row\" style=\"width: 660px; height: 439px;\" data-original-width=\"660\" data-original-height=\"439\" > <div class=\"gallery-group images-1\" style=\"width: 330px; height: 439px;\" data-original-width=\"330\" data-original-height=\"439\" > <div class=\"tiled-gallery-item tiled-gallery-item-large\" itemprop=\"associatedMedia\" itemscope itemtype=\"http:\/\/schema.org\/ImageObject\"> <a href=\"https:\/\/rheinhessen-imker.de\/?attachment_id=1232\" border=\"0\" itemprop=\"url\"> <meta itemprop=\"width\" content=\"326\"> <meta itemprop=\"height\" content=\"435\"> <img decoding=\"async\" class=\"\" data-attachment-id=\"1232\" data-orig-file=\"https:\/\/rheinhessen-imker.de\/wp-content\/uploads\/2016\/07\/Bienen_2016-07-02_10-31-02.jpg\" data-orig-size=\"750,1000\" data-comments-opened=\"1\" data-image-meta=\"{&quot;aperture&quot;:&quot;2.2&quot;,&quot;credit&quot;:&quot;Michael Gr\\u00fcger&quot;,&quot;camera&quot;:&quot;&quot;,&quot;caption&quot;:&quot;&quot;,&quot;created_timestamp&quot;:&quot;1467455462&quot;,&quot;copyright&quot;:&quot;Michael Gr\\u00fcger&quot;,&quot;focal_length&quot;:&quot;4.15&quot;,&quot;iso&quot;:&quot;32&quot;,&quot;shutter_speed&quot;:&quot;0.0038461538461538&quot;,&quot;title&quot;:&quot;&quot;,&quot;orientation&quot;:&quot;1&quot;}\" data-image-title=\"Bienen_2016-07-02_10-31-02\" data-image-description=\"\" data-medium-file=\"https:\/\/rheinhessen-imker.de\/wp-content\/uploads\/2016\/07\/Bienen_2016-07-02_10-31-02-225x300.jpg\" data-large-file=\"https:\/\/rheinhessen-imker.de\/wp-content\/uploads\/2016\/07\/Bienen_2016-07-02_10-31-02.jpg\" src=\"https:\/\/i0.wp.com\/rheinhessen-imker.de\/wp-content\/uploads\/2016\/07\/Bienen_2016-07-02_10-31-02.jpg?w=326&#038;h=435&#038;ssl=1\" srcset=\"https:\/\/rheinhessen-imker.de\/wp-content\/uploads\/2016\/07\/Bienen_2016-07-02_10-31-02.jpg 750w, https:\/\/rheinhessen-imker.de\/wp-content\/uploads\/2016\/07\/Bienen_2016-07-02_10-31-02-113x150.jpg 113w, https:\/\/rheinhessen-imker.de\/wp-content\/uploads\/2016\/07\/Bienen_2016-07-02_10-31-02-225x300.jpg 225w, https:\/\/rheinhessen-imker.de\/wp-content\/uploads\/2016\/07\/Bienen_2016-07-02_10-31-02-700x933.jpg 700w\" width=\"326\" height=\"435\" loading=\"lazy\" data-original-width=\"326\" data-original-height=\"435\" itemprop=\"http:\/\/schema.org\/image\" title=\"Bienen_2016-07-02_10-31-02\" alt=\"Bienen_2016-07-02_10-31-02\" style=\"width: 326px; height: 435px;\" \/> <\/a> <\/div> <\/div> <!-- close group --> <div class=\"gallery-group images-1\" style=\"width: 330px; height: 439px;\" data-original-width=\"330\" data-original-height=\"439\" > <div class=\"tiled-gallery-item tiled-gallery-item-large\" itemprop=\"associatedMedia\" itemscope itemtype=\"http:\/\/schema.org\/ImageObject\"> <a href=\"https:\/\/rheinhessen-imker.de\/?attachment_id=1233\" border=\"0\" itemprop=\"url\"> <meta itemprop=\"width\" content=\"326\"> <meta itemprop=\"height\" content=\"435\"> <img decoding=\"async\" class=\"\" data-attachment-id=\"1233\" data-orig-file=\"https:\/\/rheinhessen-imker.de\/wp-content\/uploads\/2016\/07\/Bienen_2016-07-02_10-31-05.jpg\" data-orig-size=\"750,1000\" data-comments-opened=\"1\" data-image-meta=\"{&quot;aperture&quot;:&quot;2.2&quot;,&quot;credit&quot;:&quot;Michael Gr\\u00fcger&quot;,&quot;camera&quot;:&quot;&quot;,&quot;caption&quot;:&quot;&quot;,&quot;created_timestamp&quot;:&quot;1467455465&quot;,&quot;copyright&quot;:&quot;Michael Gr\\u00fcger&quot;,&quot;focal_length&quot;:&quot;4.15&quot;,&quot;iso&quot;:&quot;32&quot;,&quot;shutter_speed&quot;:&quot;0.0027027027027027&quot;,&quot;title&quot;:&quot;&quot;,&quot;orientation&quot;:&quot;1&quot;}\" data-image-title=\"Bienen_2016-07-02_10-31-05\" data-image-description=\"\" data-medium-file=\"https:\/\/rheinhessen-imker.de\/wp-content\/uploads\/2016\/07\/Bienen_2016-07-02_10-31-05-225x300.jpg\" data-large-file=\"https:\/\/rheinhessen-imker.de\/wp-content\/uploads\/2016\/07\/Bienen_2016-07-02_10-31-05.jpg\" src=\"https:\/\/i0.wp.com\/rheinhessen-imker.de\/wp-content\/uploads\/2016\/07\/Bienen_2016-07-02_10-31-05.jpg?w=326&#038;h=435&#038;ssl=1\" srcset=\"https:\/\/rheinhessen-imker.de\/wp-content\/uploads\/2016\/07\/Bienen_2016-07-02_10-31-05.jpg 750w, https:\/\/rheinhessen-imker.de\/wp-content\/uploads\/2016\/07\/Bienen_2016-07-02_10-31-05-113x150.jpg 113w, https:\/\/rheinhessen-imker.de\/wp-content\/uploads\/2016\/07\/Bienen_2016-07-02_10-31-05-225x300.jpg 225w, https:\/\/rheinhessen-imker.de\/wp-content\/uploads\/2016\/07\/Bienen_2016-07-02_10-31-05-700x933.jpg 700w\" width=\"326\" height=\"435\" loading=\"lazy\" data-original-width=\"326\" data-original-height=\"435\" itemprop=\"http:\/\/schema.org\/image\" title=\"Bienen_2016-07-02_10-31-05\" alt=\"Bienen_2016-07-02_10-31-05\" style=\"width: 326px; height: 435px;\" \/> <\/a> <\/div> <\/div> <!-- close group --> <\/div> <!-- close row --> <div class=\"gallery-row\" style=\"width: 660px; height: 496px;\" data-original-width=\"660\" data-original-height=\"496\" > <div class=\"gallery-group images-1\" style=\"width: 660px; height: 496px;\" data-original-width=\"660\" data-original-height=\"496\" > <div class=\"tiled-gallery-item tiled-gallery-item-large\" itemprop=\"associatedMedia\" itemscope itemtype=\"http:\/\/schema.org\/ImageObject\"> <a href=\"https:\/\/rheinhessen-imker.de\/?attachment_id=1234\" border=\"0\" itemprop=\"url\"> <meta itemprop=\"width\" content=\"656\"> <meta itemprop=\"height\" content=\"492\"> <img decoding=\"async\" class=\"\" data-attachment-id=\"1234\" data-orig-file=\"https:\/\/rheinhessen-imker.de\/wp-content\/uploads\/2016\/07\/Bienen_2016-07-02_10-35-07.jpg\" data-orig-size=\"1000,750\" data-comments-opened=\"1\" data-image-meta=\"{&quot;aperture&quot;:&quot;2.2&quot;,&quot;credit&quot;:&quot;Michael Gr\\u00fcger&quot;,&quot;camera&quot;:&quot;&quot;,&quot;caption&quot;:&quot;&quot;,&quot;created_timestamp&quot;:&quot;1467455707&quot;,&quot;copyright&quot;:&quot;Michael Gr\\u00fcger&quot;,&quot;focal_length&quot;:&quot;4.15&quot;,&quot;iso&quot;:&quot;40&quot;,&quot;shutter_speed&quot;:&quot;0.01&quot;,&quot;title&quot;:&quot;&quot;,&quot;orientation&quot;:&quot;1&quot;}\" data-image-title=\"Bienen_2016-07-02_10-35-07\" data-image-description=\"\" data-medium-file=\"https:\/\/rheinhessen-imker.de\/wp-content\/uploads\/2016\/07\/Bienen_2016-07-02_10-35-07-300x225.jpg\" data-large-file=\"https:\/\/rheinhessen-imker.de\/wp-content\/uploads\/2016\/07\/Bienen_2016-07-02_10-35-07.jpg\" src=\"https:\/\/i0.wp.com\/rheinhessen-imker.de\/wp-content\/uploads\/2016\/07\/Bienen_2016-07-02_10-35-07.jpg?w=656&#038;h=492&#038;ssl=1\" srcset=\"https:\/\/rheinhessen-imker.de\/wp-content\/uploads\/2016\/07\/Bienen_2016-07-02_10-35-07.jpg 1000w, https:\/\/rheinhessen-imker.de\/wp-content\/uploads\/2016\/07\/Bienen_2016-07-02_10-35-07-150x113.jpg 150w, https:\/\/rheinhessen-imker.de\/wp-content\/uploads\/2016\/07\/Bienen_2016-07-02_10-35-07-300x225.jpg 300w, https:\/\/rheinhessen-imker.de\/wp-content\/uploads\/2016\/07\/Bienen_2016-07-02_10-35-07-768x576.jpg 768w, https:\/\/rheinhessen-imker.de\/wp-content\/uploads\/2016\/07\/Bienen_2016-07-02_10-35-07-700x525.jpg 700w\" width=\"656\" height=\"492\" loading=\"lazy\" data-original-width=\"656\" data-original-height=\"492\" itemprop=\"http:\/\/schema.org\/image\" title=\"Bienen_2016-07-02_10-35-07\" alt=\"Bienen_2016-07-02_10-35-07\" style=\"width: 656px; height: 492px;\" \/> <\/a> <\/div> <\/div> <!-- close group --> <\/div> <!-- close row --> <\/div>\n","protected":false},"excerpt":{"rendered":"<p>Rheinhessen\u00a0im Sommer 2016: Bei angenehmen 16\u00b0C und leichtem Nieselregen machen wir uns fertig, um zu einem lang geplanten Vereinssommerfest zu fahren.\u00a0Doch dann&#8230; &#8230; ein befreundeter Imker berichtet von einem Bienenschwarm, ganz in der N\u00e4he unseres Bienenstandes. Schweren Herzens verzichten wir also auf das Grillen unter freiem Himmel (= im Nieselregen), &#8230;<\/p>\n","protected":false},"author":1,"featured_media":1230,"comment_status":"open","ping_status":"closed","sticky":false,"template":"","format":"standard","meta":{"_jetpack_memberships_contains_paid_content":false,"footnotes":""},"categories":[7],"tags":[],"class_list":["post-1229","post","type-post","status-publish","format-standard","has-post-thumbnail","hentry","category-allgemein","column","twocol","has-thumbnail"],"jetpack_sharing_enabled":true,"jetpack_featured_media_url":"https:\/\/rheinhessen-imker.de\/wp-content\/uploads\/2016\/07\/Bienen_2016-07-02_10-24-32.jpg","jetpack_shortlink":"https:\/\/wp.me\/p5t9Ps-jP","_links":{"self":[{"href":"https:\/\/rheinhessen-imker.de\/index.php?rest_route=\/wp\/v2\/posts\/1229","targetHints":{"allow":["GET"]}}],"collection":[{"href":"https:\/\/rheinhessen-imker.de\/index.php?rest_route=\/wp\/v2\/posts"}],"about":[{"href":"https:\/\/rheinhessen-imker.de\/index.php?rest_route=\/wp\/v2\/types\/post"}],"author":[{"embeddable":true,"href":"https:\/\/rheinhessen-imker.de\/index.php?rest_route=\/wp\/v2\/users\/1"}],"replies":[{"embeddable":true,"href":"https:\/\/rheinhessen-imker.de\/index.php?rest_route=%2Fwp%2Fv2%2Fcomments&post=1229"}],"version-history":[{"count":5,"href":"https:\/\/rheinhessen-imker.de\/index.php?rest_route=\/wp\/v2\/posts\/1229\/revisions"}],"predecessor-version":[{"id":1239,"href":"https:\/\/rheinhessen-imker.de\/index.php?rest_route=\/wp\/v2\/posts\/1229\/revisions\/1239"}],"wp:featuredmedia":[{"embeddable":true,"href":"https:\/\/rheinhessen-imker.de\/index.php?rest_route=\/wp\/v2\/media\/1230"}],"wp:attachment":[{"href":"https:\/\/rheinhessen-imker.de\/index.php?rest_route=%2Fwp%2Fv2%2Fmedia&parent=1229"}],"wp:term":[{"taxonomy":"category","embeddable":true,"href":"https:\/\/rheinhessen-imker.de\/index.php?rest_route=%2Fwp%2Fv2%2Fcategories&post=1229"},{"taxonomy":"post_tag","embeddable":true,"href":"https:\/\/rheinhessen-imker.de\/index.php?rest_route=%2Fwp%2Fv2%2Ftags&post=1229"}],"curies":[{"name":"wp","href":"https:\/\/api.w.org\/{rel}","templated":true}]}}