{"id":1257,"date":"2016-07-25T22:51:16","date_gmt":"2016-07-25T21:51:16","guid":{"rendered":"http:\/\/rheinhessen-imker.de\/?p=1257"},"modified":"2016-07-25T22:52:10","modified_gmt":"2016-07-25T21:52:10","slug":"1257","status":"publish","type":"post","link":"https:\/\/rheinhessen-imker.de\/?p=1257","title":{"rendered":"Wundersch\u00f6ne Bienenwaben im Abendlicht"},"content":{"rendered":"<p>Wie wundersch\u00f6n Bienenwaben sein k\u00f6nnen zeigte sich bei der heutigen V\u00f6lkerdurchschau.\u00a0Im fr\u00fchabendlichen Licht leuchteten die Pollenbretter und der frisch eingetragene Nektar besonders sch\u00f6n:<\/p>\n<div class=\"tiled-gallery type-rectangular tiled-gallery-unresized\" data-original-width=\"660\" data-carousel-extra='{&quot;blog_id&quot;:1,&quot;permalink&quot;:&quot;https:\\\/\\\/rheinhessen-imker.de\\\/?p=1257&quot;,&quot;likes_blog_id&quot;:80830978}' itemscope itemtype=\"http:\/\/schema.org\/ImageGallery\" > <div class=\"gallery-row\" style=\"width: 660px; height: 317px;\" data-original-width=\"660\" data-original-height=\"317\" > <div class=\"gallery-group images-1\" style=\"width: 421px; height: 317px;\" data-original-width=\"421\" data-original-height=\"317\" > <div class=\"tiled-gallery-item tiled-gallery-item-large\" itemprop=\"associatedMedia\" itemscope itemtype=\"http:\/\/schema.org\/ImageObject\"> <a href=\"https:\/\/rheinhessen-imker.de\/?attachment_id=1258\" border=\"0\" itemprop=\"url\"> <meta itemprop=\"width\" content=\"417\"> <meta itemprop=\"height\" content=\"313\"> <img decoding=\"async\" class=\"\" data-attachment-id=\"1258\" data-orig-file=\"https:\/\/rheinhessen-imker.de\/wp-content\/uploads\/2016\/07\/Bienen_2016-07-25_17-57-49.jpg\" data-orig-size=\"1000,750\" data-comments-opened=\"1\" data-image-meta=\"{&quot;aperture&quot;:&quot;2.2&quot;,&quot;credit&quot;:&quot;Michael Gr\\u00fcger&quot;,&quot;camera&quot;:&quot;&quot;,&quot;caption&quot;:&quot;&quot;,&quot;created_timestamp&quot;:&quot;1469469469&quot;,&quot;copyright&quot;:&quot;Michael Gr\\u00fcger&quot;,&quot;focal_length&quot;:&quot;4.15&quot;,&quot;iso&quot;:&quot;32&quot;,&quot;shutter_speed&quot;:&quot;0.0011764705882353&quot;,&quot;title&quot;:&quot;&quot;,&quot;orientation&quot;:&quot;1&quot;}\" data-image-title=\"Bienen_2016-07-25_17-57-49\" data-image-description=\"\" data-medium-file=\"https:\/\/rheinhessen-imker.de\/wp-content\/uploads\/2016\/07\/Bienen_2016-07-25_17-57-49-300x225.jpg\" data-large-file=\"https:\/\/rheinhessen-imker.de\/wp-content\/uploads\/2016\/07\/Bienen_2016-07-25_17-57-49.jpg\" src=\"https:\/\/i0.wp.com\/rheinhessen-imker.de\/wp-content\/uploads\/2016\/07\/Bienen_2016-07-25_17-57-49.jpg?w=417&#038;h=313&#038;ssl=1\" srcset=\"https:\/\/rheinhessen-imker.de\/wp-content\/uploads\/2016\/07\/Bienen_2016-07-25_17-57-49.jpg 1000w, https:\/\/rheinhessen-imker.de\/wp-content\/uploads\/2016\/07\/Bienen_2016-07-25_17-57-49-150x113.jpg 150w, https:\/\/rheinhessen-imker.de\/wp-content\/uploads\/2016\/07\/Bienen_2016-07-25_17-57-49-300x225.jpg 300w, https:\/\/rheinhessen-imker.de\/wp-content\/uploads\/2016\/07\/Bienen_2016-07-25_17-57-49-768x576.jpg 768w, https:\/\/rheinhessen-imker.de\/wp-content\/uploads\/2016\/07\/Bienen_2016-07-25_17-57-49-700x525.jpg 700w\" width=\"417\" height=\"313\" loading=\"lazy\" data-original-width=\"417\" data-original-height=\"313\" itemprop=\"http:\/\/schema.org\/image\" title=\"Bienen_2016-07-25_17-57-49\" alt=\"Bienenwabe\" style=\"width: 417px; height: 313px;\" \/> <\/a> <div class=\"tiled-gallery-caption\" itemprop=\"caption description\"> Bienenwabe <\/div> <\/div> <\/div> <!-- close group --> <div class=\"gallery-group images-1\" style=\"width: 239px; height: 317px;\" data-original-width=\"239\" data-original-height=\"317\" > <div class=\"tiled-gallery-item tiled-gallery-item-small\" itemprop=\"associatedMedia\" itemscope itemtype=\"http:\/\/schema.org\/ImageObject\"> <a href=\"https:\/\/rheinhessen-imker.de\/?attachment_id=1259\" border=\"0\" itemprop=\"url\"> <meta itemprop=\"width\" content=\"235\"> <meta itemprop=\"height\" content=\"313\"> <img decoding=\"async\" class=\"\" data-attachment-id=\"1259\" data-orig-file=\"https:\/\/rheinhessen-imker.de\/wp-content\/uploads\/2016\/07\/Bienen_2016-07-25_17-58-53.jpg\" data-orig-size=\"750,1000\" data-comments-opened=\"1\" data-image-meta=\"{&quot;aperture&quot;:&quot;2.2&quot;,&quot;credit&quot;:&quot;Michael Gr\\u00fcger&quot;,&quot;camera&quot;:&quot;&quot;,&quot;caption&quot;:&quot;&quot;,&quot;created_timestamp&quot;:&quot;1469469533&quot;,&quot;copyright&quot;:&quot;Michael Gr\\u00fcger&quot;,&quot;focal_length&quot;:&quot;4.15&quot;,&quot;iso&quot;:&quot;32&quot;,&quot;shutter_speed&quot;:&quot;0.0014492753623188&quot;,&quot;title&quot;:&quot;&quot;,&quot;orientation&quot;:&quot;1&quot;}\" data-image-title=\"Bienen_2016-07-25_17-58-53\" data-image-description=\"\" data-medium-file=\"https:\/\/rheinhessen-imker.de\/wp-content\/uploads\/2016\/07\/Bienen_2016-07-25_17-58-53-225x300.jpg\" data-large-file=\"https:\/\/rheinhessen-imker.de\/wp-content\/uploads\/2016\/07\/Bienen_2016-07-25_17-58-53.jpg\" src=\"https:\/\/i0.wp.com\/rheinhessen-imker.de\/wp-content\/uploads\/2016\/07\/Bienen_2016-07-25_17-58-53.jpg?w=235&#038;h=313&#038;ssl=1\" srcset=\"https:\/\/rheinhessen-imker.de\/wp-content\/uploads\/2016\/07\/Bienen_2016-07-25_17-58-53.jpg 750w, https:\/\/rheinhessen-imker.de\/wp-content\/uploads\/2016\/07\/Bienen_2016-07-25_17-58-53-113x150.jpg 113w, https:\/\/rheinhessen-imker.de\/wp-content\/uploads\/2016\/07\/Bienen_2016-07-25_17-58-53-225x300.jpg 225w, https:\/\/rheinhessen-imker.de\/wp-content\/uploads\/2016\/07\/Bienen_2016-07-25_17-58-53-700x933.jpg 700w\" width=\"235\" height=\"313\" loading=\"lazy\" data-original-width=\"235\" data-original-height=\"313\" itemprop=\"http:\/\/schema.org\/image\" title=\"Bienen_2016-07-25_17-58-53\" alt=\"Dunkler Nektar\" style=\"width: 235px; height: 313px;\" \/> <\/a> <div class=\"tiled-gallery-caption\" itemprop=\"caption description\"> Dunkler Nektar <\/div> <\/div> <\/div> <!-- close group --> <\/div> <!-- close row --> <div class=\"gallery-row\" style=\"width: 660px; height: 320px;\" data-original-width=\"660\" data-original-height=\"320\" > <div class=\"gallery-group images-1\" style=\"width: 425px; height: 320px;\" data-original-width=\"425\" data-original-height=\"320\" > <div class=\"tiled-gallery-item tiled-gallery-item-large\" itemprop=\"associatedMedia\" itemscope itemtype=\"http:\/\/schema.org\/ImageObject\"> <a href=\"https:\/\/rheinhessen-imker.de\/?attachment_id=1261\" border=\"0\" itemprop=\"url\"> <meta itemprop=\"width\" content=\"421\"> <meta itemprop=\"height\" content=\"316\"> <img decoding=\"async\" class=\"\" data-attachment-id=\"1261\" data-orig-file=\"https:\/\/rheinhessen-imker.de\/wp-content\/uploads\/2016\/07\/Bienen_2016-07-25_18-09-59.jpg\" data-orig-size=\"1000,750\" data-comments-opened=\"1\" data-image-meta=\"{&quot;aperture&quot;:&quot;2.2&quot;,&quot;credit&quot;:&quot;Michael Gr\\u00fcger&quot;,&quot;camera&quot;:&quot;&quot;,&quot;caption&quot;:&quot;&quot;,&quot;created_timestamp&quot;:&quot;1469470199&quot;,&quot;copyright&quot;:&quot;Michael Gr\\u00fcger&quot;,&quot;focal_length&quot;:&quot;4.15&quot;,&quot;iso&quot;:&quot;32&quot;,&quot;shutter_speed&quot;:&quot;0.0013888888888889&quot;,&quot;title&quot;:&quot;&quot;,&quot;orientation&quot;:&quot;1&quot;}\" data-image-title=\"Bienen_2016-07-25_18-09-59\" data-image-description=\"\" data-medium-file=\"https:\/\/rheinhessen-imker.de\/wp-content\/uploads\/2016\/07\/Bienen_2016-07-25_18-09-59-300x225.jpg\" data-large-file=\"https:\/\/rheinhessen-imker.de\/wp-content\/uploads\/2016\/07\/Bienen_2016-07-25_18-09-59.jpg\" src=\"https:\/\/i0.wp.com\/rheinhessen-imker.de\/wp-content\/uploads\/2016\/07\/Bienen_2016-07-25_18-09-59.jpg?w=421&#038;h=316&#038;ssl=1\" srcset=\"https:\/\/rheinhessen-imker.de\/wp-content\/uploads\/2016\/07\/Bienen_2016-07-25_18-09-59.jpg 1000w, https:\/\/rheinhessen-imker.de\/wp-content\/uploads\/2016\/07\/Bienen_2016-07-25_18-09-59-150x113.jpg 150w, https:\/\/rheinhessen-imker.de\/wp-content\/uploads\/2016\/07\/Bienen_2016-07-25_18-09-59-300x225.jpg 300w, https:\/\/rheinhessen-imker.de\/wp-content\/uploads\/2016\/07\/Bienen_2016-07-25_18-09-59-768x576.jpg 768w, https:\/\/rheinhessen-imker.de\/wp-content\/uploads\/2016\/07\/Bienen_2016-07-25_18-09-59-700x525.jpg 700w\" width=\"421\" height=\"316\" loading=\"lazy\" data-original-width=\"421\" data-original-height=\"316\" itemprop=\"http:\/\/schema.org\/image\" title=\"Bienen_2016-07-25_18-09-59\" alt=\"Hektareinlagerung\" style=\"width: 421px; height: 316px;\" \/> <\/a> <div class=\"tiled-gallery-caption\" itemprop=\"caption description\"> Hektareinlagerung <\/div> <\/div> <\/div> <!-- close group --> <div class=\"gallery-group images-2\" style=\"width: 235px; height: 320px;\" data-original-width=\"235\" data-original-height=\"320\" > <div class=\"tiled-gallery-item tiled-gallery-item-small\" itemprop=\"associatedMedia\" itemscope itemtype=\"http:\/\/schema.org\/ImageObject\"> <a href=\"https:\/\/rheinhessen-imker.de\/?attachment_id=1262\" border=\"0\" itemprop=\"url\"> <meta itemprop=\"width\" content=\"231\"> <meta itemprop=\"height\" content=\"139\"> <img decoding=\"async\" class=\"\" data-attachment-id=\"1262\" data-orig-file=\"https:\/\/rheinhessen-imker.de\/wp-content\/uploads\/2016\/07\/Bienen_2016-07-25_18-20-25.jpg\" data-orig-size=\"1000,602\" data-comments-opened=\"1\" data-image-meta=\"{&quot;aperture&quot;:&quot;2.2&quot;,&quot;credit&quot;:&quot;Michael Gr\\u00fcger&quot;,&quot;camera&quot;:&quot;&quot;,&quot;caption&quot;:&quot;&quot;,&quot;created_timestamp&quot;:&quot;1469470825&quot;,&quot;copyright&quot;:&quot;Michael Gr\\u00fcger&quot;,&quot;focal_length&quot;:&quot;4.15&quot;,&quot;iso&quot;:&quot;32&quot;,&quot;shutter_speed&quot;:&quot;0.00035714285714286&quot;,&quot;title&quot;:&quot;&quot;,&quot;orientation&quot;:&quot;1&quot;}\" data-image-title=\"Bienen_2016-07-25_18-20-25\" data-image-description=\"\" data-medium-file=\"https:\/\/rheinhessen-imker.de\/wp-content\/uploads\/2016\/07\/Bienen_2016-07-25_18-20-25-300x181.jpg\" data-large-file=\"https:\/\/rheinhessen-imker.de\/wp-content\/uploads\/2016\/07\/Bienen_2016-07-25_18-20-25.jpg\" src=\"https:\/\/i0.wp.com\/rheinhessen-imker.de\/wp-content\/uploads\/2016\/07\/Bienen_2016-07-25_18-20-25.jpg?w=231&#038;h=139&#038;ssl=1\" srcset=\"https:\/\/rheinhessen-imker.de\/wp-content\/uploads\/2016\/07\/Bienen_2016-07-25_18-20-25.jpg 1000w, https:\/\/rheinhessen-imker.de\/wp-content\/uploads\/2016\/07\/Bienen_2016-07-25_18-20-25-150x90.jpg 150w, https:\/\/rheinhessen-imker.de\/wp-content\/uploads\/2016\/07\/Bienen_2016-07-25_18-20-25-300x181.jpg 300w, https:\/\/rheinhessen-imker.de\/wp-content\/uploads\/2016\/07\/Bienen_2016-07-25_18-20-25-768x462.jpg 768w, https:\/\/rheinhessen-imker.de\/wp-content\/uploads\/2016\/07\/Bienen_2016-07-25_18-20-25-700x421.jpg 700w\" width=\"231\" height=\"139\" loading=\"lazy\" data-original-width=\"231\" data-original-height=\"139\" itemprop=\"http:\/\/schema.org\/image\" title=\"Bienen_2016-07-25_18-20-25\" alt=\"Pollenbrett\" style=\"width: 231px; height: 139px;\" \/> <\/a> <div class=\"tiled-gallery-caption\" itemprop=\"caption description\"> Pollenbrett <\/div> <\/div> <div class=\"tiled-gallery-item tiled-gallery-item-small\" itemprop=\"associatedMedia\" itemscope itemtype=\"http:\/\/schema.org\/ImageObject\"> <a href=\"https:\/\/rheinhessen-imker.de\/?attachment_id=1263\" border=\"0\" itemprop=\"url\"> <meta itemprop=\"width\" content=\"231\"> <meta itemprop=\"height\" content=\"173\"> <img decoding=\"async\" class=\"\" data-attachment-id=\"1263\" data-orig-file=\"https:\/\/rheinhessen-imker.de\/wp-content\/uploads\/2016\/07\/Bienen_2016-07-25_18-20-27.jpg\" data-orig-size=\"1000,750\" data-comments-opened=\"1\" data-image-meta=\"{&quot;aperture&quot;:&quot;2.2&quot;,&quot;credit&quot;:&quot;Michael Gr\\u00fcger&quot;,&quot;camera&quot;:&quot;&quot;,&quot;caption&quot;:&quot;&quot;,&quot;created_timestamp&quot;:&quot;1469470827&quot;,&quot;copyright&quot;:&quot;Michael Gr\\u00fcger&quot;,&quot;focal_length&quot;:&quot;4.15&quot;,&quot;iso&quot;:&quot;32&quot;,&quot;shutter_speed&quot;:&quot;0.0010526315789474&quot;,&quot;title&quot;:&quot;&quot;,&quot;orientation&quot;:&quot;1&quot;}\" data-image-title=\"Bienen_2016-07-25_18-20-27\" data-image-description=\"\" data-medium-file=\"https:\/\/rheinhessen-imker.de\/wp-content\/uploads\/2016\/07\/Bienen_2016-07-25_18-20-27-300x225.jpg\" data-large-file=\"https:\/\/rheinhessen-imker.de\/wp-content\/uploads\/2016\/07\/Bienen_2016-07-25_18-20-27.jpg\" src=\"https:\/\/i0.wp.com\/rheinhessen-imker.de\/wp-content\/uploads\/2016\/07\/Bienen_2016-07-25_18-20-27.jpg?w=231&#038;h=173&#038;ssl=1\" srcset=\"https:\/\/rheinhessen-imker.de\/wp-content\/uploads\/2016\/07\/Bienen_2016-07-25_18-20-27.jpg 1000w, https:\/\/rheinhessen-imker.de\/wp-content\/uploads\/2016\/07\/Bienen_2016-07-25_18-20-27-150x113.jpg 150w, https:\/\/rheinhessen-imker.de\/wp-content\/uploads\/2016\/07\/Bienen_2016-07-25_18-20-27-300x225.jpg 300w, https:\/\/rheinhessen-imker.de\/wp-content\/uploads\/2016\/07\/Bienen_2016-07-25_18-20-27-768x576.jpg 768w, https:\/\/rheinhessen-imker.de\/wp-content\/uploads\/2016\/07\/Bienen_2016-07-25_18-20-27-700x525.jpg 700w\" width=\"231\" height=\"173\" loading=\"lazy\" data-original-width=\"231\" data-original-height=\"173\" itemprop=\"http:\/\/schema.org\/image\" title=\"Bienen_2016-07-25_18-20-27\" alt=\"Pollenbrett\" style=\"width: 231px; height: 173px;\" \/> <\/a> <div class=\"tiled-gallery-caption\" itemprop=\"caption description\"> Pollenbrett <\/div> <\/div> <\/div> <!-- close group --> <\/div> <!-- close row --> <div class=\"gallery-row\" style=\"width: 660px; height: 496px;\" data-original-width=\"660\" data-original-height=\"496\" > <div class=\"gallery-group images-1\" style=\"width: 660px; height: 496px;\" data-original-width=\"660\" data-original-height=\"496\" > <div class=\"tiled-gallery-item tiled-gallery-item-large\" itemprop=\"associatedMedia\" itemscope itemtype=\"http:\/\/schema.org\/ImageObject\"> <a href=\"https:\/\/rheinhessen-imker.de\/?attachment_id=1264\" border=\"0\" itemprop=\"url\"> <meta itemprop=\"width\" content=\"656\"> <meta itemprop=\"height\" content=\"492\"> <img decoding=\"async\" class=\"\" data-attachment-id=\"1264\" data-orig-file=\"https:\/\/rheinhessen-imker.de\/wp-content\/uploads\/2016\/07\/Bienen_2016-07-25_18-21-03.jpg\" data-orig-size=\"1000,750\" data-comments-opened=\"1\" data-image-meta=\"{&quot;aperture&quot;:&quot;2.2&quot;,&quot;credit&quot;:&quot;Michael Gr\\u00fcger&quot;,&quot;camera&quot;:&quot;&quot;,&quot;caption&quot;:&quot;&quot;,&quot;created_timestamp&quot;:&quot;1469470863&quot;,&quot;copyright&quot;:&quot;Michael Gr\\u00fcger&quot;,&quot;focal_length&quot;:&quot;4.15&quot;,&quot;iso&quot;:&quot;32&quot;,&quot;shutter_speed&quot;:&quot;0.001&quot;,&quot;title&quot;:&quot;&quot;,&quot;orientation&quot;:&quot;1&quot;}\" data-image-title=\"Bienen_2016-07-25_18-21-03\" data-image-description=\"\" data-medium-file=\"https:\/\/rheinhessen-imker.de\/wp-content\/uploads\/2016\/07\/Bienen_2016-07-25_18-21-03-300x225.jpg\" data-large-file=\"https:\/\/rheinhessen-imker.de\/wp-content\/uploads\/2016\/07\/Bienen_2016-07-25_18-21-03.jpg\" src=\"https:\/\/i0.wp.com\/rheinhessen-imker.de\/wp-content\/uploads\/2016\/07\/Bienen_2016-07-25_18-21-03.jpg?w=656&#038;h=492&#038;ssl=1\" srcset=\"https:\/\/rheinhessen-imker.de\/wp-content\/uploads\/2016\/07\/Bienen_2016-07-25_18-21-03.jpg 1000w, https:\/\/rheinhessen-imker.de\/wp-content\/uploads\/2016\/07\/Bienen_2016-07-25_18-21-03-150x113.jpg 150w, https:\/\/rheinhessen-imker.de\/wp-content\/uploads\/2016\/07\/Bienen_2016-07-25_18-21-03-300x225.jpg 300w, https:\/\/rheinhessen-imker.de\/wp-content\/uploads\/2016\/07\/Bienen_2016-07-25_18-21-03-768x576.jpg 768w, https:\/\/rheinhessen-imker.de\/wp-content\/uploads\/2016\/07\/Bienen_2016-07-25_18-21-03-700x525.jpg 700w\" width=\"656\" height=\"492\" loading=\"lazy\" data-original-width=\"656\" data-original-height=\"492\" itemprop=\"http:\/\/schema.org\/image\" title=\"Bienen_2016-07-25_18-21-03\" alt=\"Pollenbrett\" style=\"width: 656px; height: 492px;\" \/> <\/a> <div class=\"tiled-gallery-caption\" itemprop=\"caption description\"> Pollenbrett <\/div> <\/div> <\/div> <!-- close group --> <\/div> <!-- close row --> <\/div>\n<p>Die V\u00f6lker waren alle wohlauf und waren in den letzten Wochen auch ziemlich flei\u00dfig gewesen. Wir erwarten daher eine gute zweite Honigernte, mit leckerem (dunklen) Honig.<\/p>\n","protected":false},"excerpt":{"rendered":"<p>Wie wundersch\u00f6n Bienenwaben sein k\u00f6nnen zeigte sich bei der heutigen V\u00f6lkerdurchschau.\u00a0Im fr\u00fchabendlichen Licht leuchteten die Pollenbretter und der frisch eingetragene Nektar besonders sch\u00f6n: Die V\u00f6lker waren alle wohlauf und waren in den letzten Wochen auch ziemlich flei\u00dfig gewesen. Wir erwarten daher eine gute zweite Honigernte, mit leckerem (dunklen) Honig.<\/p>\n","protected":false},"author":1,"featured_media":1259,"comment_status":"open","ping_status":"closed","sticky":false,"template":"","format":"standard","meta":{"_jetpack_memberships_contains_paid_content":false,"footnotes":""},"categories":[7],"tags":[],"class_list":["post-1257","post","type-post","status-publish","format-standard","has-post-thumbnail","hentry","category-allgemein","column","twocol","has-thumbnail"],"jetpack_sharing_enabled":true,"jetpack_featured_media_url":"https:\/\/rheinhessen-imker.de\/wp-content\/uploads\/2016\/07\/Bienen_2016-07-25_17-58-53.jpg","jetpack_shortlink":"https:\/\/wp.me\/s5t9Ps-1257","_links":{"self":[{"href":"https:\/\/rheinhessen-imker.de\/index.php?rest_route=\/wp\/v2\/posts\/1257","targetHints":{"allow":["GET"]}}],"collection":[{"href":"https:\/\/rheinhessen-imker.de\/index.php?rest_route=\/wp\/v2\/posts"}],"about":[{"href":"https:\/\/rheinhessen-imker.de\/index.php?rest_route=\/wp\/v2\/types\/post"}],"author":[{"embeddable":true,"href":"https:\/\/rheinhessen-imker.de\/index.php?rest_route=\/wp\/v2\/users\/1"}],"replies":[{"embeddable":true,"href":"https:\/\/rheinhessen-imker.de\/index.php?rest_route=%2Fwp%2Fv2%2Fcomments&post=1257"}],"version-history":[{"count":5,"href":"https:\/\/rheinhessen-imker.de\/index.php?rest_route=\/wp\/v2\/posts\/1257\/revisions"}],"predecessor-version":[{"id":1269,"href":"https:\/\/rheinhessen-imker.de\/index.php?rest_route=\/wp\/v2\/posts\/1257\/revisions\/1269"}],"wp:featuredmedia":[{"embeddable":true,"href":"https:\/\/rheinhessen-imker.de\/index.php?rest_route=\/wp\/v2\/media\/1259"}],"wp:attachment":[{"href":"https:\/\/rheinhessen-imker.de\/index.php?rest_route=%2Fwp%2Fv2%2Fmedia&parent=1257"}],"wp:term":[{"taxonomy":"category","embeddable":true,"href":"https:\/\/rheinhessen-imker.de\/index.php?rest_route=%2Fwp%2Fv2%2Fcategories&post=1257"},{"taxonomy":"post_tag","embeddable":true,"href":"https:\/\/rheinhessen-imker.de\/index.php?rest_route=%2Fwp%2Fv2%2Ftags&post=1257"}],"curies":[{"name":"wp","href":"https:\/\/api.w.org\/{rel}","templated":true}]}}