{"id":126,"date":"2014-02-08T11:29:23","date_gmt":"2014-02-08T10:29:23","guid":{"rendered":"http:\/\/rheinhessen-imker.de\/?p=126"},"modified":"2014-12-31T16:05:22","modified_gmt":"2014-12-31T15:05:22","slug":"apisticus-tag-2","status":"publish","type":"post","link":"https:\/\/rheinhessen-imker.de\/?p=126","title":{"rendered":"Apisticus-Tag in M\u00fcnster"},"content":{"rendered":"<p style=\"text-align: left;\">Unser erster Apisticus-Tag; unsere erste Imkermesse. Eigentlich war es gar nicht so gro\u00df, wie wir gedacht hatten. Aber obwohl man am Anfang einmal der Meinung war, dass man &#8222;ja schon durch&#8220; sei, und alle St\u00e4nde gesehen hatte, kamen dann ganz viele einzelne Fragen auf, und der restliche Tag war mit unterschiedlichsten Fachgespr\u00e4chen an vielen St\u00e4nden gef\u00fcllt. Es war ein sehr sch\u00f6nes Erlebnis.<\/p>\n<div class=\"tiled-gallery type-rectangular tiled-gallery-unresized\" data-original-width=\"660\" data-carousel-extra='{&quot;blog_id&quot;:1,&quot;permalink&quot;:&quot;https:\\\/\\\/rheinhessen-imker.de\\\/?p=126&quot;,&quot;likes_blog_id&quot;:80830978}' itemscope itemtype=\"http:\/\/schema.org\/ImageGallery\" > <div class=\"gallery-row\" style=\"width: 660px; height: 345px;\" data-original-width=\"660\" data-original-height=\"345\" > <div class=\"gallery-group images-1\" style=\"width: 431px; height: 345px;\" data-original-width=\"431\" data-original-height=\"345\" > <div class=\"tiled-gallery-item tiled-gallery-item-large\" itemprop=\"associatedMedia\" itemscope itemtype=\"http:\/\/schema.org\/ImageObject\"> <a href=\"https:\/\/rheinhessen-imker.de\/?attachment_id=130\" border=\"0\" itemprop=\"url\"> <meta itemprop=\"width\" content=\"427\"> <meta itemprop=\"height\" content=\"341\"> <img decoding=\"async\" class=\"\" data-attachment-id=\"130\" data-orig-file=\"https:\/\/rheinhessen-imker.de\/wp-content\/uploads\/2014\/02\/sonstiges_2014-02-08_11-25-49.jpg\" data-orig-size=\"1024,818\" data-comments-opened=\"1\" data-image-meta=\"{&quot;aperture&quot;:&quot;2.4&quot;,&quot;credit&quot;:&quot;Michael Gr\\u00fcger&quot;,&quot;camera&quot;:&quot;iPhone 5&quot;,&quot;caption&quot;:&quot;&quot;,&quot;created_timestamp&quot;:&quot;1391858749&quot;,&quot;copyright&quot;:&quot;Michael Gr\\u00fcger&quot;,&quot;focal_length&quot;:&quot;4.12&quot;,&quot;iso&quot;:&quot;50&quot;,&quot;shutter_speed&quot;:&quot;0.0019723865877712&quot;,&quot;title&quot;:&quot;\\u00a9 Michael Gr\\u00fcger, Wackernheim&quot;}\" data-image-title=\"Apisticus-Tag 2014\" data-image-description=\"\" data-medium-file=\"https:\/\/rheinhessen-imker.de\/wp-content\/uploads\/2014\/02\/sonstiges_2014-02-08_11-25-49-300x239.jpg\" data-large-file=\"https:\/\/rheinhessen-imker.de\/wp-content\/uploads\/2014\/02\/sonstiges_2014-02-08_11-25-49.jpg\" src=\"https:\/\/i0.wp.com\/rheinhessen-imker.de\/wp-content\/uploads\/2014\/02\/sonstiges_2014-02-08_11-25-49.jpg?w=427&#038;h=341&#038;ssl=1\" srcset=\"https:\/\/rheinhessen-imker.de\/wp-content\/uploads\/2014\/02\/sonstiges_2014-02-08_11-25-49.jpg 1024w, https:\/\/rheinhessen-imker.de\/wp-content\/uploads\/2014\/02\/sonstiges_2014-02-08_11-25-49-150x119.jpg 150w, https:\/\/rheinhessen-imker.de\/wp-content\/uploads\/2014\/02\/sonstiges_2014-02-08_11-25-49-300x239.jpg 300w, https:\/\/rheinhessen-imker.de\/wp-content\/uploads\/2014\/02\/sonstiges_2014-02-08_11-25-49-624x498.jpg 624w\" width=\"427\" height=\"341\" loading=\"lazy\" data-original-width=\"427\" data-original-height=\"341\" itemprop=\"http:\/\/schema.org\/image\" title=\"Apisticus-Tag 2014\" alt=\"Apisticus-Tag 2014\" style=\"width: 427px; height: 341px;\" \/> <\/a> <\/div> <\/div> <!-- close group --> <div class=\"gallery-group images-2\" style=\"width: 229px; height: 345px;\" data-original-width=\"229\" data-original-height=\"345\" > <div class=\"tiled-gallery-item tiled-gallery-item-small\" itemprop=\"associatedMedia\" itemscope itemtype=\"http:\/\/schema.org\/ImageObject\"> <a href=\"https:\/\/rheinhessen-imker.de\/?attachment_id=131\" border=\"0\" itemprop=\"url\"> <meta itemprop=\"width\" content=\"225\"> <meta itemprop=\"height\" content=\"169\"> <img decoding=\"async\" class=\"\" data-attachment-id=\"131\" data-orig-file=\"https:\/\/rheinhessen-imker.de\/wp-content\/uploads\/2014\/02\/sonstiges_2014-02-08_14-03-52.jpg\" data-orig-size=\"1024,768\" data-comments-opened=\"1\" data-image-meta=\"{&quot;aperture&quot;:&quot;2.4&quot;,&quot;credit&quot;:&quot;Michael Gr\\u00fcger&quot;,&quot;camera&quot;:&quot;iPhone 5&quot;,&quot;caption&quot;:&quot;&quot;,&quot;created_timestamp&quot;:&quot;1391868232&quot;,&quot;copyright&quot;:&quot;Michael Gr\\u00fcger&quot;,&quot;focal_length&quot;:&quot;4.12&quot;,&quot;iso&quot;:&quot;50&quot;,&quot;shutter_speed&quot;:&quot;0.033333333333333&quot;,&quot;title&quot;:&quot;\\u00a9 Michael Gr\\u00fcger, Wackernheim&quot;}\" data-image-title=\"Apisticus-Tag 2014\" data-image-description=\"\" data-medium-file=\"https:\/\/rheinhessen-imker.de\/wp-content\/uploads\/2014\/02\/sonstiges_2014-02-08_14-03-52-300x225.jpg\" data-large-file=\"https:\/\/rheinhessen-imker.de\/wp-content\/uploads\/2014\/02\/sonstiges_2014-02-08_14-03-52.jpg\" src=\"https:\/\/i0.wp.com\/rheinhessen-imker.de\/wp-content\/uploads\/2014\/02\/sonstiges_2014-02-08_14-03-52.jpg?w=225&#038;h=169&#038;ssl=1\" srcset=\"https:\/\/rheinhessen-imker.de\/wp-content\/uploads\/2014\/02\/sonstiges_2014-02-08_14-03-52.jpg 1024w, https:\/\/rheinhessen-imker.de\/wp-content\/uploads\/2014\/02\/sonstiges_2014-02-08_14-03-52-150x112.jpg 150w, https:\/\/rheinhessen-imker.de\/wp-content\/uploads\/2014\/02\/sonstiges_2014-02-08_14-03-52-300x225.jpg 300w, https:\/\/rheinhessen-imker.de\/wp-content\/uploads\/2014\/02\/sonstiges_2014-02-08_14-03-52-624x468.jpg 624w\" width=\"225\" height=\"169\" loading=\"lazy\" data-original-width=\"225\" data-original-height=\"169\" itemprop=\"http:\/\/schema.org\/image\" title=\"Apisticus-Tag 2014\" alt=\"Apisticus-Tag 2014\" style=\"width: 225px; height: 169px;\" \/> <\/a> <\/div> <div class=\"tiled-gallery-item tiled-gallery-item-small\" itemprop=\"associatedMedia\" itemscope itemtype=\"http:\/\/schema.org\/ImageObject\"> <a href=\"https:\/\/rheinhessen-imker.de\/?attachment_id=137\" border=\"0\" itemprop=\"url\"> <meta itemprop=\"width\" content=\"225\"> <meta itemprop=\"height\" content=\"168\"> <img decoding=\"async\" class=\"\" data-attachment-id=\"137\" data-orig-file=\"https:\/\/rheinhessen-imker.de\/wp-content\/uploads\/2014\/02\/sonstiges_2014-02-08_13-02-18.jpg\" data-orig-size=\"1024,768\" data-comments-opened=\"1\" data-image-meta=\"{&quot;aperture&quot;:&quot;2.4&quot;,&quot;credit&quot;:&quot;Michael Gr\\u00fcger&quot;,&quot;camera&quot;:&quot;iPhone 5&quot;,&quot;caption&quot;:&quot;&quot;,&quot;created_timestamp&quot;:&quot;1391864538&quot;,&quot;copyright&quot;:&quot;Michael Gr\\u00fcger&quot;,&quot;focal_length&quot;:&quot;4.12&quot;,&quot;iso&quot;:&quot;100&quot;,&quot;shutter_speed&quot;:&quot;0.05&quot;,&quot;title&quot;:&quot;\\u00a9 Michael Gr\\u00fcger, Wackernheim&quot;}\" data-image-title=\"Apisticus-Tag 2014\" data-image-description=\"&lt;p&gt;Apisticus-Tag 2014&lt;\/p&gt; \" data-medium-file=\"https:\/\/rheinhessen-imker.de\/wp-content\/uploads\/2014\/02\/sonstiges_2014-02-08_13-02-18-300x225.jpg\" data-large-file=\"https:\/\/rheinhessen-imker.de\/wp-content\/uploads\/2014\/02\/sonstiges_2014-02-08_13-02-18.jpg\" src=\"https:\/\/i0.wp.com\/rheinhessen-imker.de\/wp-content\/uploads\/2014\/02\/sonstiges_2014-02-08_13-02-18.jpg?w=225&#038;h=168&#038;ssl=1\" srcset=\"https:\/\/rheinhessen-imker.de\/wp-content\/uploads\/2014\/02\/sonstiges_2014-02-08_13-02-18.jpg 1024w, https:\/\/rheinhessen-imker.de\/wp-content\/uploads\/2014\/02\/sonstiges_2014-02-08_13-02-18-150x112.jpg 150w, https:\/\/rheinhessen-imker.de\/wp-content\/uploads\/2014\/02\/sonstiges_2014-02-08_13-02-18-300x225.jpg 300w, https:\/\/rheinhessen-imker.de\/wp-content\/uploads\/2014\/02\/sonstiges_2014-02-08_13-02-18-624x468.jpg 624w\" width=\"225\" height=\"168\" loading=\"lazy\" data-original-width=\"225\" data-original-height=\"168\" itemprop=\"http:\/\/schema.org\/image\" title=\"Apisticus-Tag 2014\" alt=\"Apisticus-Tag 2014\" style=\"width: 225px; height: 168px;\" \/> <\/a> <\/div> <\/div> <!-- close group --> <\/div> <!-- close row --> <\/div>\n","protected":false},"excerpt":{"rendered":"<p>Unser erster Apisticus-Tag; unsere erste Imkermesse. Eigentlich war es gar nicht so gro\u00df, wie wir gedacht hatten. Aber obwohl man am Anfang einmal der Meinung war, dass man &#8222;ja schon durch&#8220; sei, und alle St\u00e4nde gesehen hatte, kamen dann ganz viele einzelne Fragen auf, und der restliche Tag war mit &#8230;<\/p>\n","protected":false},"author":3,"featured_media":131,"comment_status":"open","ping_status":"closed","sticky":false,"template":"","format":"standard","meta":{"_jetpack_memberships_contains_paid_content":false,"footnotes":""},"categories":[7],"tags":[],"class_list":["post-126","post","type-post","status-publish","format-standard","has-post-thumbnail","hentry","category-allgemein","column","twocol","has-thumbnail"],"jetpack_sharing_enabled":true,"jetpack_featured_media_url":"https:\/\/rheinhessen-imker.de\/wp-content\/uploads\/2014\/02\/sonstiges_2014-02-08_14-03-52.jpg","jetpack_shortlink":"https:\/\/wp.me\/p5t9Ps-22","_links":{"self":[{"href":"https:\/\/rheinhessen-imker.de\/index.php?rest_route=\/wp\/v2\/posts\/126","targetHints":{"allow":["GET"]}}],"collection":[{"href":"https:\/\/rheinhessen-imker.de\/index.php?rest_route=\/wp\/v2\/posts"}],"about":[{"href":"https:\/\/rheinhessen-imker.de\/index.php?rest_route=\/wp\/v2\/types\/post"}],"author":[{"embeddable":true,"href":"https:\/\/rheinhessen-imker.de\/index.php?rest_route=\/wp\/v2\/users\/3"}],"replies":[{"embeddable":true,"href":"https:\/\/rheinhessen-imker.de\/index.php?rest_route=%2Fwp%2Fv2%2Fcomments&post=126"}],"version-history":[{"count":7,"href":"https:\/\/rheinhessen-imker.de\/index.php?rest_route=\/wp\/v2\/posts\/126\/revisions"}],"predecessor-version":[{"id":523,"href":"https:\/\/rheinhessen-imker.de\/index.php?rest_route=\/wp\/v2\/posts\/126\/revisions\/523"}],"wp:featuredmedia":[{"embeddable":true,"href":"https:\/\/rheinhessen-imker.de\/index.php?rest_route=\/wp\/v2\/media\/131"}],"wp:attachment":[{"href":"https:\/\/rheinhessen-imker.de\/index.php?rest_route=%2Fwp%2Fv2%2Fmedia&parent=126"}],"wp:term":[{"taxonomy":"category","embeddable":true,"href":"https:\/\/rheinhessen-imker.de\/index.php?rest_route=%2Fwp%2Fv2%2Fcategories&post=126"},{"taxonomy":"post_tag","embeddable":true,"href":"https:\/\/rheinhessen-imker.de\/index.php?rest_route=%2Fwp%2Fv2%2Ftags&post=126"}],"curies":[{"name":"wp","href":"https:\/\/api.w.org\/{rel}","templated":true}]}}