{"id":1276,"date":"2016-10-16T13:21:44","date_gmt":"2016-10-16T12:21:44","guid":{"rendered":"http:\/\/rheinhessen-imker.de\/?p=1276"},"modified":"2016-10-16T13:23:39","modified_gmt":"2016-10-16T12:23:39","slug":"honigernte-2016","status":"publish","type":"post","link":"https:\/\/rheinhessen-imker.de\/?p=1276","title":{"rendered":"Honigernte 2016"},"content":{"rendered":"<p>Sp\u00e4t genug ist es f\u00fcr diesen Beitrag ja geworden &#8211; das Bienenjahr ist vorbeigegangen ohne das es viele Berichte auf der Website gab. Da wir dieses Jahr ein Haus gekauft haben und komplett umbauen, lief die Imkerei nur auf &#8222;Sparflamme&#8220;&#8230;\u00a0 Geimkert haben wir nat\u00fcrlich trotzdem, den Bienen geht es gut &#8211; aber statt dann Abends einen Beitrag f\u00fcr die Website zu schreiben sind wir stattdessen auf die Baustelle gefahren um dort zu arbeiten, oder haben zu Hause \u00fcber Pl\u00e4nen gesessen&#8230;<\/p>\n<p>Heute, an einem sch\u00f6nen Herbstsonntag also eine Vorstellung unserer diesj\u00e4hrigen Honige. Wir sind an sich sehr zufrieden, es waren zwar pro Volk weniger kg Ertrag als letztes Jahr, aber einerseits war es nicht so schlimm wie bei anderen Imkern mit denen wir uns unterhalten haben, und da wir dies Jahr ein paar V\u00f6lker mehr hatten als letztes Jahr, ist die Gesamtmenge trotzdem ungef\u00e4hr gleich.<\/p>\n<figure id=\"attachment_1281\" aria-describedby=\"caption-attachment-1281\" style=\"width: 150px\" class=\"wp-caption alignleft\"><a href=\"https:\/\/rheinhessen-imker.de\/?attachment_id=1281\" rel=\"attachment wp-att-1281\"><img loading=\"lazy\" decoding=\"async\" data-attachment-id=\"1281\" data-permalink=\"https:\/\/rheinhessen-imker.de\/?attachment_id=1281\" data-orig-file=\"https:\/\/rheinhessen-imker.de\/wp-content\/uploads\/2016\/10\/Honiggl\u00e4ser-2016.jpg\" data-orig-size=\"3215,2078\" data-comments-opened=\"1\" data-image-meta=\"{&quot;aperture&quot;:&quot;2.4&quot;,&quot;credit&quot;:&quot;&quot;,&quot;camera&quot;:&quot;iPhone 5&quot;,&quot;caption&quot;:&quot;&quot;,&quot;created_timestamp&quot;:&quot;1476623760&quot;,&quot;copyright&quot;:&quot;&quot;,&quot;focal_length&quot;:&quot;4.12&quot;,&quot;iso&quot;:&quot;50&quot;,&quot;shutter_speed&quot;:&quot;0.041666666666667&quot;,&quot;title&quot;:&quot;&quot;,&quot;orientation&quot;:&quot;1&quot;}\" data-image-title=\"Honiggl\u00e4ser 2016\" data-image-description=\"\" data-image-caption=\"\" data-medium-file=\"https:\/\/rheinhessen-imker.de\/wp-content\/uploads\/2016\/10\/Honiggl\u00e4ser-2016-300x194.jpg\" data-large-file=\"https:\/\/rheinhessen-imker.de\/wp-content\/uploads\/2016\/10\/Honiggl\u00e4ser-2016-1024x662.jpg\" class=\"size-thumbnail wp-image-1281\" src=\"https:\/\/rheinhessen-imker.de\/wp-content\/uploads\/2016\/10\/Honiggl\u00e4ser-2016-150x97.jpg\" alt=\"Honigfarben 2016\" width=\"150\" height=\"97\" srcset=\"https:\/\/rheinhessen-imker.de\/wp-content\/uploads\/2016\/10\/Honiggl\u00e4ser-2016-150x97.jpg 150w, https:\/\/rheinhessen-imker.de\/wp-content\/uploads\/2016\/10\/Honiggl\u00e4ser-2016-300x194.jpg 300w, https:\/\/rheinhessen-imker.de\/wp-content\/uploads\/2016\/10\/Honiggl\u00e4ser-2016-768x496.jpg 768w, https:\/\/rheinhessen-imker.de\/wp-content\/uploads\/2016\/10\/Honiggl\u00e4ser-2016-1024x662.jpg 1024w, https:\/\/rheinhessen-imker.de\/wp-content\/uploads\/2016\/10\/Honiggl\u00e4ser-2016-700x452.jpg 700w\" sizes=\"auto, (max-width: 150px) 100vw, 150px\" \/><\/a><figcaption id=\"caption-attachment-1281\" class=\"wp-caption-text\">Honigfarben 2016<\/figcaption><\/figure>\n<p>Wir haben drei leckere und auch sch\u00f6ne Honige geerntet &#8211; im Mai eine Fr\u00fchtracht mit Raps, im sp\u00e4ten Juni eine Sommerbl\u00fcte und im August als letztes einen Wald-mit Bl\u00fctenhonig.<\/p>\n<p>Wenn man sich das Foto anschaut, kann man sch\u00f6n sehen, wie sich die Farben im Verlauf des Jahres ver\u00e4ndern, der helle Raps beeinflusst stark die Fr\u00fchtracht, der Sommerhonig ist goldener in dem vermuten wir in unserer Lage Brombeere und Linde, aber auch alle m\u00f6glichen anderen Bl\u00fcten. Und die Augusternte ist bei uns bisher immer sehr dunkel gewesen und blieb lange fl\u00fcssig, beeinflusst von dem Waldst\u00fcck in Flugdistanz unserer Bienenst\u00f6cke.<\/p>\n<p>&nbsp;<\/p>\n<p><a href=\"https:\/\/rheinhessen-imker.de\/?attachment_id=1280\" rel=\"attachment wp-att-1280\"><img loading=\"lazy\" decoding=\"async\" data-attachment-id=\"1280\" data-permalink=\"https:\/\/rheinhessen-imker.de\/?attachment_id=1280\" data-orig-file=\"https:\/\/rheinhessen-imker.de\/wp-content\/uploads\/2016\/10\/Honig-Wald-mit-Bl\u00fcte-2016.jpg\" data-orig-size=\"2304,2885\" data-comments-opened=\"1\" data-image-meta=\"{&quot;aperture&quot;:&quot;2.4&quot;,&quot;credit&quot;:&quot;&quot;,&quot;camera&quot;:&quot;iPhone 5&quot;,&quot;caption&quot;:&quot;&quot;,&quot;created_timestamp&quot;:&quot;1476623840&quot;,&quot;copyright&quot;:&quot;&quot;,&quot;focal_length&quot;:&quot;4.12&quot;,&quot;iso&quot;:&quot;50&quot;,&quot;shutter_speed&quot;:&quot;0.033333333333333&quot;,&quot;title&quot;:&quot;&quot;,&quot;orientation&quot;:&quot;1&quot;}\" data-image-title=\"Honig Wald-mit Bl\u00fcte 2016\" data-image-description=\"\" data-image-caption=\"\" data-medium-file=\"https:\/\/rheinhessen-imker.de\/wp-content\/uploads\/2016\/10\/Honig-Wald-mit-Bl\u00fcte-2016-240x300.jpg\" data-large-file=\"https:\/\/rheinhessen-imker.de\/wp-content\/uploads\/2016\/10\/Honig-Wald-mit-Bl\u00fcte-2016-818x1024.jpg\" class=\"alignleft size-thumbnail wp-image-1280\" src=\"https:\/\/rheinhessen-imker.de\/wp-content\/uploads\/2016\/10\/Honig-Wald-mit-Bl\u00fcte-2016-120x150.jpg\" alt=\"Honig Wald-mit Bl\u00fcte 2016\" width=\"120\" height=\"150\" srcset=\"https:\/\/rheinhessen-imker.de\/wp-content\/uploads\/2016\/10\/Honig-Wald-mit-Bl\u00fcte-2016-120x150.jpg 120w, https:\/\/rheinhessen-imker.de\/wp-content\/uploads\/2016\/10\/Honig-Wald-mit-Bl\u00fcte-2016-240x300.jpg 240w, https:\/\/rheinhessen-imker.de\/wp-content\/uploads\/2016\/10\/Honig-Wald-mit-Bl\u00fcte-2016-768x962.jpg 768w, https:\/\/rheinhessen-imker.de\/wp-content\/uploads\/2016\/10\/Honig-Wald-mit-Bl\u00fcte-2016-818x1024.jpg 818w, https:\/\/rheinhessen-imker.de\/wp-content\/uploads\/2016\/10\/Honig-Wald-mit-Bl\u00fcte-2016-700x877.jpg 700w\" sizes=\"auto, (max-width: 120px) 100vw, 120px\" \/><\/a> <a href=\"https:\/\/rheinhessen-imker.de\/?attachment_id=1279\" rel=\"attachment wp-att-1279\"><img loading=\"lazy\" decoding=\"async\" data-attachment-id=\"1279\" data-permalink=\"https:\/\/rheinhessen-imker.de\/?attachment_id=1279\" data-orig-file=\"https:\/\/rheinhessen-imker.de\/wp-content\/uploads\/2016\/10\/Honig-Sommerbl\u00fcte-2016.jpg\" data-orig-size=\"2124,2573\" data-comments-opened=\"1\" data-image-meta=\"{&quot;aperture&quot;:&quot;2.4&quot;,&quot;credit&quot;:&quot;&quot;,&quot;camera&quot;:&quot;iPhone 5&quot;,&quot;caption&quot;:&quot;&quot;,&quot;created_timestamp&quot;:&quot;1476623814&quot;,&quot;copyright&quot;:&quot;&quot;,&quot;focal_length&quot;:&quot;4.12&quot;,&quot;iso&quot;:&quot;50&quot;,&quot;shutter_speed&quot;:&quot;0.025&quot;,&quot;title&quot;:&quot;&quot;,&quot;orientation&quot;:&quot;1&quot;}\" data-image-title=\"Honig Sommerbl\u00fcte 2016\" data-image-description=\"\" data-image-caption=\"\" data-medium-file=\"https:\/\/rheinhessen-imker.de\/wp-content\/uploads\/2016\/10\/Honig-Sommerbl\u00fcte-2016-248x300.jpg\" data-large-file=\"https:\/\/rheinhessen-imker.de\/wp-content\/uploads\/2016\/10\/Honig-Sommerbl\u00fcte-2016-845x1024.jpg\" class=\"alignleft size-thumbnail wp-image-1279\" src=\"https:\/\/rheinhessen-imker.de\/wp-content\/uploads\/2016\/10\/Honig-Sommerbl\u00fcte-2016-124x150.jpg\" alt=\"Honig Sommerbl\u00fcte 2016\" width=\"124\" height=\"150\" srcset=\"https:\/\/rheinhessen-imker.de\/wp-content\/uploads\/2016\/10\/Honig-Sommerbl\u00fcte-2016-124x150.jpg 124w, https:\/\/rheinhessen-imker.de\/wp-content\/uploads\/2016\/10\/Honig-Sommerbl\u00fcte-2016-248x300.jpg 248w, https:\/\/rheinhessen-imker.de\/wp-content\/uploads\/2016\/10\/Honig-Sommerbl\u00fcte-2016-768x930.jpg 768w, https:\/\/rheinhessen-imker.de\/wp-content\/uploads\/2016\/10\/Honig-Sommerbl\u00fcte-2016-845x1024.jpg 845w, https:\/\/rheinhessen-imker.de\/wp-content\/uploads\/2016\/10\/Honig-Sommerbl\u00fcte-2016-700x848.jpg 700w\" sizes=\"auto, (max-width: 124px) 100vw, 124px\" \/><\/a> <a href=\"https:\/\/rheinhessen-imker.de\/?attachment_id=1278\" rel=\"attachment wp-att-1278\"><img loading=\"lazy\" decoding=\"async\" data-attachment-id=\"1278\" data-permalink=\"https:\/\/rheinhessen-imker.de\/?attachment_id=1278\" data-orig-file=\"https:\/\/rheinhessen-imker.de\/wp-content\/uploads\/2016\/10\/Honig-Fr\u00fchtracht-2016.jpg\" data-orig-size=\"2122,2571\" data-comments-opened=\"1\" data-image-meta=\"{&quot;aperture&quot;:&quot;2.4&quot;,&quot;credit&quot;:&quot;&quot;,&quot;camera&quot;:&quot;iPhone 5&quot;,&quot;caption&quot;:&quot;&quot;,&quot;created_timestamp&quot;:&quot;1476623794&quot;,&quot;copyright&quot;:&quot;&quot;,&quot;focal_length&quot;:&quot;4.12&quot;,&quot;iso&quot;:&quot;50&quot;,&quot;shutter_speed&quot;:&quot;0.025&quot;,&quot;title&quot;:&quot;&quot;,&quot;orientation&quot;:&quot;1&quot;}\" data-image-title=\"Honig Fr\u00fchtracht 2016\" data-image-description=\"\" data-image-caption=\"\" data-medium-file=\"https:\/\/rheinhessen-imker.de\/wp-content\/uploads\/2016\/10\/Honig-Fr\u00fchtracht-2016-248x300.jpg\" data-large-file=\"https:\/\/rheinhessen-imker.de\/wp-content\/uploads\/2016\/10\/Honig-Fr\u00fchtracht-2016-845x1024.jpg\" class=\"alignleft size-thumbnail wp-image-1278\" src=\"https:\/\/rheinhessen-imker.de\/wp-content\/uploads\/2016\/10\/Honig-Fr\u00fchtracht-2016-124x150.jpg\" alt=\"Honig Fr\u00fchtracht 2016\" width=\"124\" height=\"150\" srcset=\"https:\/\/rheinhessen-imker.de\/wp-content\/uploads\/2016\/10\/Honig-Fr\u00fchtracht-2016-124x150.jpg 124w, https:\/\/rheinhessen-imker.de\/wp-content\/uploads\/2016\/10\/Honig-Fr\u00fchtracht-2016-248x300.jpg 248w, https:\/\/rheinhessen-imker.de\/wp-content\/uploads\/2016\/10\/Honig-Fr\u00fchtracht-2016-768x931.jpg 768w, https:\/\/rheinhessen-imker.de\/wp-content\/uploads\/2016\/10\/Honig-Fr\u00fchtracht-2016-845x1024.jpg 845w, https:\/\/rheinhessen-imker.de\/wp-content\/uploads\/2016\/10\/Honig-Fr\u00fchtracht-2016-700x848.jpg 700w\" sizes=\"auto, (max-width: 124px) 100vw, 124px\" \/><\/a><\/p>\n<p>&nbsp;<\/p>\n<p>&nbsp;<\/p>\n<p>&nbsp;<\/p>\n<p>&nbsp;<\/p>\n<p>Noch haben wir ein bisschen Arbeit vor uns, eh auch die letzten Gl\u00e4ser etikettiert sind. Aber das ist ja eine unter Imkern sehr beliebte Winterarbeit. Und das meiste haben wir ja schon, genie\u00dfen die Honige nat\u00fcrlich auch schon selber und bekommen viele positive R\u00fcckmeldungen von unseren Kunden zur\u00fcck.<\/p>\n<p>&nbsp;<\/p>\n<p>Auf den beiden folgenden Bildern ist auch noch einmal sch\u00f6n zu sehen, wie sich Honig durch Kristallisation auch farblich ver\u00e4ndern kann: der Wald-mit Bl\u00fctenhonig einmal fl\u00fcssig direkt nach dem Abf\u00fcllen, und dann sp\u00e4ter auskristallisiert.<\/p>\n<p><a href=\"https:\/\/rheinhessen-imker.de\/?attachment_id=1272\" rel=\"attachment wp-att-1272\"><img loading=\"lazy\" decoding=\"async\" data-attachment-id=\"1272\" data-permalink=\"https:\/\/rheinhessen-imker.de\/?attachment_id=1272\" data-orig-file=\"https:\/\/rheinhessen-imker.de\/wp-content\/uploads\/2016\/08\/Bienen_2016-08-21_18-21-02.jpg\" data-orig-size=\"1000,1000\" data-comments-opened=\"1\" data-image-meta=\"{&quot;aperture&quot;:&quot;8&quot;,&quot;credit&quot;:&quot;Michael Gr\\u00fcger&quot;,&quot;camera&quot;:&quot;&quot;,&quot;caption&quot;:&quot;&quot;,&quot;created_timestamp&quot;:&quot;1471803662&quot;,&quot;copyright&quot;:&quot;Michael Gr\\u00fcger&quot;,&quot;focal_length&quot;:&quot;60&quot;,&quot;iso&quot;:&quot;400&quot;,&quot;shutter_speed&quot;:&quot;0.008&quot;,&quot;title&quot;:&quot;&quot;,&quot;orientation&quot;:&quot;1&quot;}\" data-image-title=\"Bienen_2016-08-21_18-21-02\" data-image-description=\"\" data-image-caption=\"\" data-medium-file=\"https:\/\/rheinhessen-imker.de\/wp-content\/uploads\/2016\/08\/Bienen_2016-08-21_18-21-02-300x300.jpg\" data-large-file=\"https:\/\/rheinhessen-imker.de\/wp-content\/uploads\/2016\/08\/Bienen_2016-08-21_18-21-02.jpg\" class=\"alignleft size-thumbnail wp-image-1272\" src=\"https:\/\/rheinhessen-imker.de\/wp-content\/uploads\/2016\/08\/Bienen_2016-08-21_18-21-02-150x150.jpg\" alt=\"Bienen_2016-08-21_18-21-02\" width=\"150\" height=\"150\" srcset=\"https:\/\/rheinhessen-imker.de\/wp-content\/uploads\/2016\/08\/Bienen_2016-08-21_18-21-02-150x150.jpg 150w, https:\/\/rheinhessen-imker.de\/wp-content\/uploads\/2016\/08\/Bienen_2016-08-21_18-21-02-300x300.jpg 300w, https:\/\/rheinhessen-imker.de\/wp-content\/uploads\/2016\/08\/Bienen_2016-08-21_18-21-02-768x768.jpg 768w, https:\/\/rheinhessen-imker.de\/wp-content\/uploads\/2016\/08\/Bienen_2016-08-21_18-21-02-432x432.jpg 432w, https:\/\/rheinhessen-imker.de\/wp-content\/uploads\/2016\/08\/Bienen_2016-08-21_18-21-02-268x268.jpg 268w, https:\/\/rheinhessen-imker.de\/wp-content\/uploads\/2016\/08\/Bienen_2016-08-21_18-21-02-700x700.jpg 700w, https:\/\/rheinhessen-imker.de\/wp-content\/uploads\/2016\/08\/Bienen_2016-08-21_18-21-02.jpg 1000w\" sizes=\"auto, (max-width: 150px) 100vw, 150px\" \/><\/a> <a href=\"https:\/\/rheinhessen-imker.de\/?attachment_id=1280\" rel=\"attachment wp-att-1280\"><img loading=\"lazy\" decoding=\"async\" data-attachment-id=\"1280\" data-permalink=\"https:\/\/rheinhessen-imker.de\/?attachment_id=1280\" data-orig-file=\"https:\/\/rheinhessen-imker.de\/wp-content\/uploads\/2016\/10\/Honig-Wald-mit-Bl\u00fcte-2016.jpg\" data-orig-size=\"2304,2885\" data-comments-opened=\"1\" data-image-meta=\"{&quot;aperture&quot;:&quot;2.4&quot;,&quot;credit&quot;:&quot;&quot;,&quot;camera&quot;:&quot;iPhone 5&quot;,&quot;caption&quot;:&quot;&quot;,&quot;created_timestamp&quot;:&quot;1476623840&quot;,&quot;copyright&quot;:&quot;&quot;,&quot;focal_length&quot;:&quot;4.12&quot;,&quot;iso&quot;:&quot;50&quot;,&quot;shutter_speed&quot;:&quot;0.033333333333333&quot;,&quot;title&quot;:&quot;&quot;,&quot;orientation&quot;:&quot;1&quot;}\" data-image-title=\"Honig Wald-mit Bl\u00fcte 2016\" data-image-description=\"\" data-image-caption=\"\" data-medium-file=\"https:\/\/rheinhessen-imker.de\/wp-content\/uploads\/2016\/10\/Honig-Wald-mit-Bl\u00fcte-2016-240x300.jpg\" data-large-file=\"https:\/\/rheinhessen-imker.de\/wp-content\/uploads\/2016\/10\/Honig-Wald-mit-Bl\u00fcte-2016-818x1024.jpg\" class=\"alignleft size-thumbnail wp-image-1280\" src=\"https:\/\/rheinhessen-imker.de\/wp-content\/uploads\/2016\/10\/Honig-Wald-mit-Bl\u00fcte-2016-120x150.jpg\" alt=\"Honig Wald-mit Bl\u00fcte 2016\" width=\"120\" height=\"150\" srcset=\"https:\/\/rheinhessen-imker.de\/wp-content\/uploads\/2016\/10\/Honig-Wald-mit-Bl\u00fcte-2016-120x150.jpg 120w, https:\/\/rheinhessen-imker.de\/wp-content\/uploads\/2016\/10\/Honig-Wald-mit-Bl\u00fcte-2016-240x300.jpg 240w, https:\/\/rheinhessen-imker.de\/wp-content\/uploads\/2016\/10\/Honig-Wald-mit-Bl\u00fcte-2016-768x962.jpg 768w, https:\/\/rheinhessen-imker.de\/wp-content\/uploads\/2016\/10\/Honig-Wald-mit-Bl\u00fcte-2016-818x1024.jpg 818w, https:\/\/rheinhessen-imker.de\/wp-content\/uploads\/2016\/10\/Honig-Wald-mit-Bl\u00fcte-2016-700x877.jpg 700w\" sizes=\"auto, (max-width: 120px) 100vw, 120px\" \/><\/a><\/p>\n<p>&nbsp;<\/p>\n<p>&nbsp;<\/p>\n<p>&nbsp;<\/p>\n<p>&nbsp;<\/p>\n<p>PS:\u00a0 ebenso ist hier sch\u00f6n ersichtlich, dass es einen gro\u00dfen Unterschied macht, ob man mit einer guten Kamera (und passendem Objektiv) fotografiert, oder nur schnell mal mit dem Handy&#8230;<\/p>\n","protected":false},"excerpt":{"rendered":"<p>Sp\u00e4t genug ist es f\u00fcr diesen Beitrag ja geworden &#8211; das Bienenjahr ist vorbeigegangen ohne das es viele Berichte auf der Website gab. Da wir dieses Jahr ein Haus gekauft haben und komplett umbauen, lief die Imkerei nur auf &#8222;Sparflamme&#8220;&#8230;\u00a0 Geimkert haben wir nat\u00fcrlich trotzdem, den Bienen geht es gut &#8230;<\/p>\n","protected":false},"author":2,"featured_media":1281,"comment_status":"open","ping_status":"closed","sticky":false,"template":"","format":"standard","meta":{"_jetpack_memberships_contains_paid_content":false,"footnotes":""},"categories":[7],"tags":[],"class_list":["post-1276","post","type-post","status-publish","format-standard","has-post-thumbnail","hentry","category-allgemein","column","twocol","has-thumbnail"],"jetpack_sharing_enabled":true,"jetpack_featured_media_url":"https:\/\/rheinhessen-imker.de\/wp-content\/uploads\/2016\/10\/Honiggl\u00e4ser-2016.jpg","jetpack_shortlink":"https:\/\/wp.me\/p5t9Ps-kA","_links":{"self":[{"href":"https:\/\/rheinhessen-imker.de\/index.php?rest_route=\/wp\/v2\/posts\/1276","targetHints":{"allow":["GET"]}}],"collection":[{"href":"https:\/\/rheinhessen-imker.de\/index.php?rest_route=\/wp\/v2\/posts"}],"about":[{"href":"https:\/\/rheinhessen-imker.de\/index.php?rest_route=\/wp\/v2\/types\/post"}],"author":[{"embeddable":true,"href":"https:\/\/rheinhessen-imker.de\/index.php?rest_route=\/wp\/v2\/users\/2"}],"replies":[{"embeddable":true,"href":"https:\/\/rheinhessen-imker.de\/index.php?rest_route=%2Fwp%2Fv2%2Fcomments&post=1276"}],"version-history":[{"count":10,"href":"https:\/\/rheinhessen-imker.de\/index.php?rest_route=\/wp\/v2\/posts\/1276\/revisions"}],"predecessor-version":[{"id":1290,"href":"https:\/\/rheinhessen-imker.de\/index.php?rest_route=\/wp\/v2\/posts\/1276\/revisions\/1290"}],"wp:featuredmedia":[{"embeddable":true,"href":"https:\/\/rheinhessen-imker.de\/index.php?rest_route=\/wp\/v2\/media\/1281"}],"wp:attachment":[{"href":"https:\/\/rheinhessen-imker.de\/index.php?rest_route=%2Fwp%2Fv2%2Fmedia&parent=1276"}],"wp:term":[{"taxonomy":"category","embeddable":true,"href":"https:\/\/rheinhessen-imker.de\/index.php?rest_route=%2Fwp%2Fv2%2Fcategories&post=1276"},{"taxonomy":"post_tag","embeddable":true,"href":"https:\/\/rheinhessen-imker.de\/index.php?rest_route=%2Fwp%2Fv2%2Ftags&post=1276"}],"curies":[{"name":"wp","href":"https:\/\/api.w.org\/{rel}","templated":true}]}}