{"id":1321,"date":"2016-11-09T20:54:18","date_gmt":"2016-11-09T19:54:18","guid":{"rendered":"http:\/\/rheinhessen-imker.de\/?p=1321"},"modified":"2017-01-01T21:53:08","modified_gmt":"2017-01-01T20:53:08","slug":"bienenkoerbe-flechten-selbst-ausprobiert","status":"publish","type":"post","link":"https:\/\/rheinhessen-imker.de\/?p=1321","title":{"rendered":"Bienenk\u00f6rbe flechten &#8211; selbst ausprobiert"},"content":{"rendered":"<p>Schon vor Monaten, sobald die Termine bekanntgegeben wurden, hatten wir uns f\u00fcr diesen Kurs beim <a href=\"http:\/\/www.bienenkunde.rlp.de\">Bieneninstitut in Mayen<\/a> angemeldet: &#8222;Bienenk\u00f6rbe flechten&#8220;.<\/p>\n<p>Wir sind dann also fr\u00fch morgens nach Mayen aufgebrochen, mit dem festen Vorsatz mit zwei Bienenk\u00f6rben zur\u00fcckzukommen. Der Kurs war voll besucht, aber der Raum gro\u00df, so passte alles wunderbar. Sofort ging es an die vorbereitenden Arbeiten &#8211; die \u00c4hren von festem Roggenstroh schneiden. Und dann kam der schwierigste Teil &#8211; der Anfang des Korbes. Mithilfe des eigenen Daumens startet man den Kranz, um den im weiteren Verlauf der Bienenkorb geflochten &#8211; genauer gesagt &#8222;gen\u00e4ht&#8220; wird.<\/p>\n<p>Wie bei jedem Handwerk wird man mit zunehmender \u00dcbung immer schneller, wo man sich bei den ersten &#8222;Umdrehungen&#8220; noch fast die Finger verknotete, konnte man sehen, wie es schon nach 1-2 Stunden allen deutlich fl\u00fcssiger\u00a0von der Hand ging. Nach einer Mittagspause wurde flei\u00dfig weitergearbeitet, die technischen Abwechslungen waren noch die Herstellung der Rundungen und des Flugloches. Dabei kamen auch sch\u00f6ne Gespr\u00e4che zustanden, die immer kurze Einblicke in die Imkereien der anderen gaben.<\/p>\n<p>Auch wenn wir mit unseren K\u00f6rben an diesem Tag nicht ganz fertig geworden sind, haben wir jetzt das Material und den festen Vorsatz, sie zu sch\u00f6nen Vorzeigest\u00fccken f\u00fcr m\u00f6gliche Honigverkaufsst\u00e4nde fertigzustellen.<\/p>\n<div class=\"tiled-gallery type-rectangular tiled-gallery-unresized\" data-original-width=\"660\" data-carousel-extra='{&quot;blog_id&quot;:1,&quot;permalink&quot;:&quot;https:\\\/\\\/rheinhessen-imker.de\\\/?p=1321&quot;,&quot;likes_blog_id&quot;:80830978}' itemscope itemtype=\"http:\/\/schema.org\/ImageGallery\" > <div class=\"gallery-row\" style=\"width: 660px; height: 317px;\" data-original-width=\"660\" data-original-height=\"317\" > <div class=\"gallery-group images-1\" style=\"width: 421px; height: 317px;\" data-original-width=\"421\" data-original-height=\"317\" > <div class=\"tiled-gallery-item tiled-gallery-item-large\" itemprop=\"associatedMedia\" itemscope itemtype=\"http:\/\/schema.org\/ImageObject\"> <a href=\"https:\/\/i0.wp.com\/rheinhessen-imker.de\/wp-content\/uploads\/2017\/01\/Bienen_2016-11-08_09-04-55.jpg?ssl=1\" border=\"0\" itemprop=\"url\"> <meta itemprop=\"width\" content=\"417\"> <meta itemprop=\"height\" content=\"313\"> <img decoding=\"async\" class=\"\" data-attachment-id=\"1295\" data-orig-file=\"https:\/\/rheinhessen-imker.de\/wp-content\/uploads\/2017\/01\/Bienen_2016-11-08_09-04-55.jpg\" data-orig-size=\"1000,750\" data-comments-opened=\"1\" data-image-meta=\"{&quot;aperture&quot;:&quot;2.2&quot;,&quot;credit&quot;:&quot;Anna Katharina Gr\\u00fcger&quot;,&quot;camera&quot;:&quot;iPhone 6 Plus&quot;,&quot;caption&quot;:&quot;&quot;,&quot;created_timestamp&quot;:&quot;1478595895&quot;,&quot;copyright&quot;:&quot;Anna Katharina Gr\\u00fcger&quot;,&quot;focal_length&quot;:&quot;4.15&quot;,&quot;iso&quot;:&quot;40&quot;,&quot;shutter_speed&quot;:&quot;0.058823529411765&quot;,&quot;title&quot;:&quot;&quot;,&quot;orientation&quot;:&quot;0&quot;}\" data-image-title=\"Bienen_2016-11-08_09-04-55\" data-image-description=\"\" data-medium-file=\"https:\/\/rheinhessen-imker.de\/wp-content\/uploads\/2017\/01\/Bienen_2016-11-08_09-04-55-300x225.jpg\" data-large-file=\"https:\/\/rheinhessen-imker.de\/wp-content\/uploads\/2017\/01\/Bienen_2016-11-08_09-04-55.jpg\" src=\"https:\/\/i0.wp.com\/rheinhessen-imker.de\/wp-content\/uploads\/2017\/01\/Bienen_2016-11-08_09-04-55.jpg?w=417&#038;h=313&#038;ssl=1\" srcset=\"https:\/\/rheinhessen-imker.de\/wp-content\/uploads\/2017\/01\/Bienen_2016-11-08_09-04-55.jpg 1000w, https:\/\/rheinhessen-imker.de\/wp-content\/uploads\/2017\/01\/Bienen_2016-11-08_09-04-55-150x113.jpg 150w, https:\/\/rheinhessen-imker.de\/wp-content\/uploads\/2017\/01\/Bienen_2016-11-08_09-04-55-300x225.jpg 300w, https:\/\/rheinhessen-imker.de\/wp-content\/uploads\/2017\/01\/Bienen_2016-11-08_09-04-55-768x576.jpg 768w, https:\/\/rheinhessen-imker.de\/wp-content\/uploads\/2017\/01\/Bienen_2016-11-08_09-04-55-700x525.jpg 700w\" width=\"417\" height=\"313\" loading=\"lazy\" data-original-width=\"417\" data-original-height=\"313\" itemprop=\"http:\/\/schema.org\/image\" title=\"Bienen_2016-11-08_09-04-55\" alt=\"Bienen_2016-11-08_09-04-55\" style=\"width: 417px; height: 313px;\" \/> <\/a> <\/div> <\/div> <!-- close group --> <div class=\"gallery-group images-1\" style=\"width: 239px; height: 317px;\" data-original-width=\"239\" data-original-height=\"317\" > <div class=\"tiled-gallery-item tiled-gallery-item-small\" itemprop=\"associatedMedia\" itemscope itemtype=\"http:\/\/schema.org\/ImageObject\"> <a href=\"https:\/\/i0.wp.com\/rheinhessen-imker.de\/wp-content\/uploads\/2017\/01\/Bienen_2016-11-08_09-05-03.jpg?ssl=1\" border=\"0\" itemprop=\"url\"> <meta itemprop=\"width\" content=\"235\"> <meta itemprop=\"height\" content=\"313\"> <img decoding=\"async\" class=\"\" data-attachment-id=\"1296\" data-orig-file=\"https:\/\/rheinhessen-imker.de\/wp-content\/uploads\/2017\/01\/Bienen_2016-11-08_09-05-03.jpg\" data-orig-size=\"750,1000\" data-comments-opened=\"1\" data-image-meta=\"{&quot;aperture&quot;:&quot;2.2&quot;,&quot;credit&quot;:&quot;Anna Katharina Gr\\u00fcger&quot;,&quot;camera&quot;:&quot;iPhone 6 Plus&quot;,&quot;caption&quot;:&quot;&quot;,&quot;created_timestamp&quot;:&quot;1478595903&quot;,&quot;copyright&quot;:&quot;Anna Katharina Gr\\u00fcger&quot;,&quot;focal_length&quot;:&quot;4.15&quot;,&quot;iso&quot;:&quot;50&quot;,&quot;shutter_speed&quot;:&quot;0.058823529411765&quot;,&quot;title&quot;:&quot;&quot;,&quot;orientation&quot;:&quot;0&quot;}\" data-image-title=\"Bienen_2016-11-08_09-05-03\" data-image-description=\"\" data-medium-file=\"https:\/\/rheinhessen-imker.de\/wp-content\/uploads\/2017\/01\/Bienen_2016-11-08_09-05-03-225x300.jpg\" data-large-file=\"https:\/\/rheinhessen-imker.de\/wp-content\/uploads\/2017\/01\/Bienen_2016-11-08_09-05-03.jpg\" src=\"https:\/\/i0.wp.com\/rheinhessen-imker.de\/wp-content\/uploads\/2017\/01\/Bienen_2016-11-08_09-05-03.jpg?w=235&#038;h=313&#038;ssl=1\" srcset=\"https:\/\/rheinhessen-imker.de\/wp-content\/uploads\/2017\/01\/Bienen_2016-11-08_09-05-03.jpg 750w, https:\/\/rheinhessen-imker.de\/wp-content\/uploads\/2017\/01\/Bienen_2016-11-08_09-05-03-113x150.jpg 113w, https:\/\/rheinhessen-imker.de\/wp-content\/uploads\/2017\/01\/Bienen_2016-11-08_09-05-03-225x300.jpg 225w, https:\/\/rheinhessen-imker.de\/wp-content\/uploads\/2017\/01\/Bienen_2016-11-08_09-05-03-700x933.jpg 700w\" width=\"235\" height=\"313\" loading=\"lazy\" data-original-width=\"235\" data-original-height=\"313\" itemprop=\"http:\/\/schema.org\/image\" title=\"Bienen_2016-11-08_09-05-03\" alt=\"Bienen_2016-11-08_09-05-03\" style=\"width: 235px; height: 313px;\" \/> <\/a> <\/div> <\/div> <!-- close group --> <\/div> <!-- close row --> <div class=\"gallery-row\" style=\"width: 660px; height: 292px;\" data-original-width=\"660\" data-original-height=\"292\" > <div class=\"gallery-group images-1\" style=\"width: 220px; height: 292px;\" data-original-width=\"220\" data-original-height=\"292\" > <div class=\"tiled-gallery-item tiled-gallery-item-small\" itemprop=\"associatedMedia\" itemscope itemtype=\"http:\/\/schema.org\/ImageObject\"> <a href=\"https:\/\/i0.wp.com\/rheinhessen-imker.de\/wp-content\/uploads\/2017\/01\/Bienen_2016-11-08_09-38-49.jpg?ssl=1\" border=\"0\" itemprop=\"url\"> <meta itemprop=\"width\" content=\"216\"> <meta itemprop=\"height\" content=\"288\"> <img decoding=\"async\" class=\"\" data-attachment-id=\"1300\" data-orig-file=\"https:\/\/rheinhessen-imker.de\/wp-content\/uploads\/2017\/01\/Bienen_2016-11-08_09-38-49.jpg\" data-orig-size=\"750,1000\" data-comments-opened=\"1\" data-image-meta=\"{&quot;aperture&quot;:&quot;2.2&quot;,&quot;credit&quot;:&quot;Anna Katharina Gr\\u00fcger&quot;,&quot;camera&quot;:&quot;iPhone 6 Plus&quot;,&quot;caption&quot;:&quot;&quot;,&quot;created_timestamp&quot;:&quot;1478597929&quot;,&quot;copyright&quot;:&quot;Anna Katharina Gr\\u00fcger&quot;,&quot;focal_length&quot;:&quot;4.15&quot;,&quot;iso&quot;:&quot;64&quot;,&quot;shutter_speed&quot;:&quot;0.028571428571429&quot;,&quot;title&quot;:&quot;&quot;,&quot;orientation&quot;:&quot;0&quot;}\" data-image-title=\"Bienen_2016-11-08_09-38-49\" data-image-description=\"\" data-medium-file=\"https:\/\/rheinhessen-imker.de\/wp-content\/uploads\/2017\/01\/Bienen_2016-11-08_09-38-49-225x300.jpg\" data-large-file=\"https:\/\/rheinhessen-imker.de\/wp-content\/uploads\/2017\/01\/Bienen_2016-11-08_09-38-49.jpg\" src=\"https:\/\/i0.wp.com\/rheinhessen-imker.de\/wp-content\/uploads\/2017\/01\/Bienen_2016-11-08_09-38-49.jpg?w=216&#038;h=288&#038;ssl=1\" srcset=\"https:\/\/rheinhessen-imker.de\/wp-content\/uploads\/2017\/01\/Bienen_2016-11-08_09-38-49.jpg 750w, https:\/\/rheinhessen-imker.de\/wp-content\/uploads\/2017\/01\/Bienen_2016-11-08_09-38-49-113x150.jpg 113w, https:\/\/rheinhessen-imker.de\/wp-content\/uploads\/2017\/01\/Bienen_2016-11-08_09-38-49-225x300.jpg 225w, https:\/\/rheinhessen-imker.de\/wp-content\/uploads\/2017\/01\/Bienen_2016-11-08_09-38-49-700x933.jpg 700w\" width=\"216\" height=\"288\" loading=\"lazy\" data-original-width=\"216\" data-original-height=\"288\" itemprop=\"http:\/\/schema.org\/image\" title=\"Bienen_2016-11-08_09-38-49\" alt=\"Bienen_2016-11-08_09-38-49\" style=\"width: 216px; height: 288px;\" \/> <\/a> <\/div> <\/div> <!-- close group --> <div class=\"gallery-group images-1\" style=\"width: 220px; height: 292px;\" data-original-width=\"220\" data-original-height=\"292\" > <div class=\"tiled-gallery-item tiled-gallery-item-small\" itemprop=\"associatedMedia\" itemscope itemtype=\"http:\/\/schema.org\/ImageObject\"> <a href=\"https:\/\/i0.wp.com\/rheinhessen-imker.de\/wp-content\/uploads\/2017\/01\/Bienen_2016-11-08_09-30-06.jpg?ssl=1\" border=\"0\" itemprop=\"url\"> <meta itemprop=\"width\" content=\"216\"> <meta itemprop=\"height\" content=\"288\"> <img decoding=\"async\" class=\"\" data-attachment-id=\"1298\" data-orig-file=\"https:\/\/rheinhessen-imker.de\/wp-content\/uploads\/2017\/01\/Bienen_2016-11-08_09-30-06.jpg\" data-orig-size=\"750,1000\" data-comments-opened=\"1\" data-image-meta=\"{&quot;aperture&quot;:&quot;2.2&quot;,&quot;credit&quot;:&quot;Anna Katharina Gr\\u00fcger&quot;,&quot;camera&quot;:&quot;iPhone 6 Plus&quot;,&quot;caption&quot;:&quot;&quot;,&quot;created_timestamp&quot;:&quot;1478597406&quot;,&quot;copyright&quot;:&quot;Anna Katharina Gr\\u00fcger&quot;,&quot;focal_length&quot;:&quot;4.15&quot;,&quot;iso&quot;:&quot;80&quot;,&quot;shutter_speed&quot;:&quot;0.028571428571429&quot;,&quot;title&quot;:&quot;&quot;,&quot;orientation&quot;:&quot;0&quot;}\" data-image-title=\"Bienen_2016-11-08_09-30-06\" data-image-description=\"\" data-medium-file=\"https:\/\/rheinhessen-imker.de\/wp-content\/uploads\/2017\/01\/Bienen_2016-11-08_09-30-06-225x300.jpg\" data-large-file=\"https:\/\/rheinhessen-imker.de\/wp-content\/uploads\/2017\/01\/Bienen_2016-11-08_09-30-06.jpg\" src=\"https:\/\/i0.wp.com\/rheinhessen-imker.de\/wp-content\/uploads\/2017\/01\/Bienen_2016-11-08_09-30-06.jpg?w=216&#038;h=288&#038;ssl=1\" srcset=\"https:\/\/rheinhessen-imker.de\/wp-content\/uploads\/2017\/01\/Bienen_2016-11-08_09-30-06.jpg 750w, https:\/\/rheinhessen-imker.de\/wp-content\/uploads\/2017\/01\/Bienen_2016-11-08_09-30-06-113x150.jpg 113w, https:\/\/rheinhessen-imker.de\/wp-content\/uploads\/2017\/01\/Bienen_2016-11-08_09-30-06-225x300.jpg 225w, https:\/\/rheinhessen-imker.de\/wp-content\/uploads\/2017\/01\/Bienen_2016-11-08_09-30-06-700x933.jpg 700w\" width=\"216\" height=\"288\" loading=\"lazy\" data-original-width=\"216\" data-original-height=\"288\" itemprop=\"http:\/\/schema.org\/image\" title=\"Bienen_2016-11-08_09-30-06\" alt=\"Bienen_2016-11-08_09-30-06\" style=\"width: 216px; height: 288px;\" \/> <\/a> <\/div> <\/div> <!-- close group --> <div class=\"gallery-group images-1\" style=\"width: 220px; height: 292px;\" data-original-width=\"220\" data-original-height=\"292\" > <div class=\"tiled-gallery-item tiled-gallery-item-small\" itemprop=\"associatedMedia\" itemscope itemtype=\"http:\/\/schema.org\/ImageObject\"> <a href=\"https:\/\/i0.wp.com\/rheinhessen-imker.de\/wp-content\/uploads\/2017\/01\/Bienen_2016-11-08_09-22-10.jpg?ssl=1\" border=\"0\" itemprop=\"url\"> <meta itemprop=\"width\" content=\"216\"> <meta itemprop=\"height\" content=\"288\"> <img decoding=\"async\" class=\"\" data-attachment-id=\"1297\" data-orig-file=\"https:\/\/rheinhessen-imker.de\/wp-content\/uploads\/2017\/01\/Bienen_2016-11-08_09-22-10.jpg\" data-orig-size=\"750,1000\" data-comments-opened=\"1\" data-image-meta=\"{&quot;aperture&quot;:&quot;2.2&quot;,&quot;credit&quot;:&quot;Anna Katharina Gr\\u00fcger&quot;,&quot;camera&quot;:&quot;iPhone 6 Plus&quot;,&quot;caption&quot;:&quot;&quot;,&quot;created_timestamp&quot;:&quot;1478596930&quot;,&quot;copyright&quot;:&quot;Anna Katharina Gr\\u00fcger&quot;,&quot;focal_length&quot;:&quot;4.15&quot;,&quot;iso&quot;:&quot;40&quot;,&quot;shutter_speed&quot;:&quot;0.058823529411765&quot;,&quot;title&quot;:&quot;&quot;,&quot;orientation&quot;:&quot;0&quot;}\" data-image-title=\"Bienen_2016-11-08_09-22-10\" data-image-description=\"\" data-medium-file=\"https:\/\/rheinhessen-imker.de\/wp-content\/uploads\/2017\/01\/Bienen_2016-11-08_09-22-10-225x300.jpg\" data-large-file=\"https:\/\/rheinhessen-imker.de\/wp-content\/uploads\/2017\/01\/Bienen_2016-11-08_09-22-10.jpg\" src=\"https:\/\/i0.wp.com\/rheinhessen-imker.de\/wp-content\/uploads\/2017\/01\/Bienen_2016-11-08_09-22-10.jpg?w=216&#038;h=288&#038;ssl=1\" srcset=\"https:\/\/rheinhessen-imker.de\/wp-content\/uploads\/2017\/01\/Bienen_2016-11-08_09-22-10.jpg 750w, https:\/\/rheinhessen-imker.de\/wp-content\/uploads\/2017\/01\/Bienen_2016-11-08_09-22-10-113x150.jpg 113w, https:\/\/rheinhessen-imker.de\/wp-content\/uploads\/2017\/01\/Bienen_2016-11-08_09-22-10-225x300.jpg 225w, https:\/\/rheinhessen-imker.de\/wp-content\/uploads\/2017\/01\/Bienen_2016-11-08_09-22-10-700x933.jpg 700w\" width=\"216\" height=\"288\" loading=\"lazy\" data-original-width=\"216\" data-original-height=\"288\" itemprop=\"http:\/\/schema.org\/image\" title=\"Bienen_2016-11-08_09-22-10\" alt=\"Bienen_2016-11-08_09-22-10\" style=\"width: 216px; height: 288px;\" \/> <\/a> <\/div> <\/div> <!-- close group --> <\/div> <!-- close row --> <div class=\"gallery-row\" style=\"width: 660px; height: 317px;\" data-original-width=\"660\" data-original-height=\"317\" > <div class=\"gallery-group images-1\" style=\"width: 421px; height: 317px;\" data-original-width=\"421\" data-original-height=\"317\" > <div class=\"tiled-gallery-item tiled-gallery-item-large\" itemprop=\"associatedMedia\" itemscope itemtype=\"http:\/\/schema.org\/ImageObject\"> <a href=\"https:\/\/i0.wp.com\/rheinhessen-imker.de\/wp-content\/uploads\/2017\/01\/Bienen_2016-11-08_09-55-04.jpg?ssl=1\" border=\"0\" itemprop=\"url\"> <meta itemprop=\"width\" content=\"417\"> <meta itemprop=\"height\" content=\"313\"> <img decoding=\"async\" class=\"\" data-attachment-id=\"1301\" data-orig-file=\"https:\/\/rheinhessen-imker.de\/wp-content\/uploads\/2017\/01\/Bienen_2016-11-08_09-55-04.jpg\" data-orig-size=\"1000,750\" data-comments-opened=\"1\" data-image-meta=\"{&quot;aperture&quot;:&quot;2.2&quot;,&quot;credit&quot;:&quot;Anna Katharina Gr\\u00fcger&quot;,&quot;camera&quot;:&quot;iPhone 6 Plus&quot;,&quot;caption&quot;:&quot;&quot;,&quot;created_timestamp&quot;:&quot;1478598904&quot;,&quot;copyright&quot;:&quot;Anna Katharina Gr\\u00fcger&quot;,&quot;focal_length&quot;:&quot;4.15&quot;,&quot;iso&quot;:&quot;64&quot;,&quot;shutter_speed&quot;:&quot;0.028571428571429&quot;,&quot;title&quot;:&quot;&quot;,&quot;orientation&quot;:&quot;0&quot;}\" data-image-title=\"Bienen_2016-11-08_09-55-04\" data-image-description=\"\" data-medium-file=\"https:\/\/rheinhessen-imker.de\/wp-content\/uploads\/2017\/01\/Bienen_2016-11-08_09-55-04-300x225.jpg\" data-large-file=\"https:\/\/rheinhessen-imker.de\/wp-content\/uploads\/2017\/01\/Bienen_2016-11-08_09-55-04.jpg\" src=\"https:\/\/i0.wp.com\/rheinhessen-imker.de\/wp-content\/uploads\/2017\/01\/Bienen_2016-11-08_09-55-04.jpg?w=417&#038;h=313&#038;ssl=1\" srcset=\"https:\/\/rheinhessen-imker.de\/wp-content\/uploads\/2017\/01\/Bienen_2016-11-08_09-55-04.jpg 1000w, https:\/\/rheinhessen-imker.de\/wp-content\/uploads\/2017\/01\/Bienen_2016-11-08_09-55-04-150x113.jpg 150w, https:\/\/rheinhessen-imker.de\/wp-content\/uploads\/2017\/01\/Bienen_2016-11-08_09-55-04-300x225.jpg 300w, https:\/\/rheinhessen-imker.de\/wp-content\/uploads\/2017\/01\/Bienen_2016-11-08_09-55-04-768x576.jpg 768w, https:\/\/rheinhessen-imker.de\/wp-content\/uploads\/2017\/01\/Bienen_2016-11-08_09-55-04-700x525.jpg 700w\" width=\"417\" height=\"313\" loading=\"lazy\" data-original-width=\"417\" data-original-height=\"313\" itemprop=\"http:\/\/schema.org\/image\" title=\"Bienen_2016-11-08_09-55-04\" alt=\"Bienen_2016-11-08_09-55-04\" style=\"width: 417px; height: 313px;\" \/> <\/a> <\/div> <\/div> <!-- close group --> <div class=\"gallery-group images-1\" style=\"width: 239px; height: 317px;\" data-original-width=\"239\" data-original-height=\"317\" > <div class=\"tiled-gallery-item tiled-gallery-item-small\" itemprop=\"associatedMedia\" itemscope itemtype=\"http:\/\/schema.org\/ImageObject\"> <a href=\"https:\/\/i0.wp.com\/rheinhessen-imker.de\/wp-content\/uploads\/2017\/01\/Bienen_2016-11-08_10-09-00.jpg?ssl=1\" border=\"0\" itemprop=\"url\"> <meta itemprop=\"width\" content=\"235\"> <meta itemprop=\"height\" content=\"313\"> <img decoding=\"async\" class=\"\" data-attachment-id=\"1303\" data-orig-file=\"https:\/\/rheinhessen-imker.de\/wp-content\/uploads\/2017\/01\/Bienen_2016-11-08_10-09-00.jpg\" data-orig-size=\"750,1000\" data-comments-opened=\"1\" data-image-meta=\"{&quot;aperture&quot;:&quot;2.2&quot;,&quot;credit&quot;:&quot;Anna Katharina Gr\\u00fcger&quot;,&quot;camera&quot;:&quot;iPhone 6 Plus&quot;,&quot;caption&quot;:&quot;&quot;,&quot;created_timestamp&quot;:&quot;1478599740&quot;,&quot;copyright&quot;:&quot;Anna Katharina Gr\\u00fcger&quot;,&quot;focal_length&quot;:&quot;4.15&quot;,&quot;iso&quot;:&quot;64&quot;,&quot;shutter_speed&quot;:&quot;0.058823529411765&quot;,&quot;title&quot;:&quot;&quot;,&quot;orientation&quot;:&quot;0&quot;}\" data-image-title=\"Bienen_2016-11-08_10-09-00\" data-image-description=\"\" data-medium-file=\"https:\/\/rheinhessen-imker.de\/wp-content\/uploads\/2017\/01\/Bienen_2016-11-08_10-09-00-225x300.jpg\" data-large-file=\"https:\/\/rheinhessen-imker.de\/wp-content\/uploads\/2017\/01\/Bienen_2016-11-08_10-09-00.jpg\" src=\"https:\/\/i0.wp.com\/rheinhessen-imker.de\/wp-content\/uploads\/2017\/01\/Bienen_2016-11-08_10-09-00.jpg?w=235&#038;h=313&#038;ssl=1\" srcset=\"https:\/\/rheinhessen-imker.de\/wp-content\/uploads\/2017\/01\/Bienen_2016-11-08_10-09-00.jpg 750w, https:\/\/rheinhessen-imker.de\/wp-content\/uploads\/2017\/01\/Bienen_2016-11-08_10-09-00-113x150.jpg 113w, https:\/\/rheinhessen-imker.de\/wp-content\/uploads\/2017\/01\/Bienen_2016-11-08_10-09-00-225x300.jpg 225w, https:\/\/rheinhessen-imker.de\/wp-content\/uploads\/2017\/01\/Bienen_2016-11-08_10-09-00-700x933.jpg 700w\" width=\"235\" height=\"313\" loading=\"lazy\" data-original-width=\"235\" data-original-height=\"313\" itemprop=\"http:\/\/schema.org\/image\" title=\"Bienen_2016-11-08_10-09-00\" alt=\"Bienen_2016-11-08_10-09-00\" style=\"width: 235px; height: 313px;\" \/> <\/a> <\/div> <\/div> <!-- close group --> <\/div> <!-- close row --> <div class=\"gallery-row\" style=\"width: 660px; height: 553px;\" data-original-width=\"660\" data-original-height=\"553\" > <div class=\"gallery-group images-3\" style=\"width: 244px; height: 553px;\" data-original-width=\"244\" data-original-height=\"553\" > <div class=\"tiled-gallery-item tiled-gallery-item-small\" itemprop=\"associatedMedia\" itemscope itemtype=\"http:\/\/schema.org\/ImageObject\"> <a href=\"https:\/\/i0.wp.com\/rheinhessen-imker.de\/wp-content\/uploads\/2017\/01\/Bienen_2016-11-08_13-27-49.jpg?ssl=1\" border=\"0\" itemprop=\"url\"> <meta itemprop=\"width\" content=\"240\"> <meta itemprop=\"height\" content=\"181\"> <img decoding=\"async\" class=\"\" data-attachment-id=\"1306\" data-orig-file=\"https:\/\/rheinhessen-imker.de\/wp-content\/uploads\/2017\/01\/Bienen_2016-11-08_13-27-49.jpg\" data-orig-size=\"1000,750\" data-comments-opened=\"1\" data-image-meta=\"{&quot;aperture&quot;:&quot;2.2&quot;,&quot;credit&quot;:&quot;Anna Katharina Gr\\u00fcger&quot;,&quot;camera&quot;:&quot;iPhone 6 Plus&quot;,&quot;caption&quot;:&quot;&quot;,&quot;created_timestamp&quot;:&quot;1478611669&quot;,&quot;copyright&quot;:&quot;Anna Katharina Gr\\u00fcger&quot;,&quot;focal_length&quot;:&quot;4.15&quot;,&quot;iso&quot;:&quot;50&quot;,&quot;shutter_speed&quot;:&quot;0.058823529411765&quot;,&quot;title&quot;:&quot;&quot;,&quot;orientation&quot;:&quot;0&quot;}\" data-image-title=\"Bienen_2016-11-08_13-27-49\" data-image-description=\"\" data-medium-file=\"https:\/\/rheinhessen-imker.de\/wp-content\/uploads\/2017\/01\/Bienen_2016-11-08_13-27-49-300x225.jpg\" data-large-file=\"https:\/\/rheinhessen-imker.de\/wp-content\/uploads\/2017\/01\/Bienen_2016-11-08_13-27-49.jpg\" src=\"https:\/\/i0.wp.com\/rheinhessen-imker.de\/wp-content\/uploads\/2017\/01\/Bienen_2016-11-08_13-27-49.jpg?w=240&#038;h=181&#038;ssl=1\" srcset=\"https:\/\/rheinhessen-imker.de\/wp-content\/uploads\/2017\/01\/Bienen_2016-11-08_13-27-49.jpg 1000w, https:\/\/rheinhessen-imker.de\/wp-content\/uploads\/2017\/01\/Bienen_2016-11-08_13-27-49-150x113.jpg 150w, https:\/\/rheinhessen-imker.de\/wp-content\/uploads\/2017\/01\/Bienen_2016-11-08_13-27-49-300x225.jpg 300w, https:\/\/rheinhessen-imker.de\/wp-content\/uploads\/2017\/01\/Bienen_2016-11-08_13-27-49-768x576.jpg 768w, https:\/\/rheinhessen-imker.de\/wp-content\/uploads\/2017\/01\/Bienen_2016-11-08_13-27-49-700x525.jpg 700w\" width=\"240\" height=\"181\" loading=\"lazy\" data-original-width=\"240\" data-original-height=\"181\" itemprop=\"http:\/\/schema.org\/image\" title=\"Bienen_2016-11-08_13-27-49\" alt=\"Bienen_2016-11-08_13-27-49\" style=\"width: 240px; height: 181px;\" \/> <\/a> <\/div> <div class=\"tiled-gallery-item tiled-gallery-item-small\" itemprop=\"associatedMedia\" itemscope itemtype=\"http:\/\/schema.org\/ImageObject\"> <a href=\"https:\/\/i0.wp.com\/rheinhessen-imker.de\/wp-content\/uploads\/2017\/01\/Bienen_2016-11-08_10-33-05.jpg?ssl=1\" border=\"0\" itemprop=\"url\"> <meta itemprop=\"width\" content=\"240\"> <meta itemprop=\"height\" content=\"180\"> <img decoding=\"async\" class=\"\" data-attachment-id=\"1305\" data-orig-file=\"https:\/\/rheinhessen-imker.de\/wp-content\/uploads\/2017\/01\/Bienen_2016-11-08_10-33-05.jpg\" data-orig-size=\"1000,750\" data-comments-opened=\"1\" data-image-meta=\"{&quot;aperture&quot;:&quot;2.2&quot;,&quot;credit&quot;:&quot;Anna Katharina Gr\\u00fcger&quot;,&quot;camera&quot;:&quot;iPhone 6 Plus&quot;,&quot;caption&quot;:&quot;&quot;,&quot;created_timestamp&quot;:&quot;1478601185&quot;,&quot;copyright&quot;:&quot;Anna Katharina Gr\\u00fcger&quot;,&quot;focal_length&quot;:&quot;4.15&quot;,&quot;iso&quot;:&quot;64&quot;,&quot;shutter_speed&quot;:&quot;0.028571428571429&quot;,&quot;title&quot;:&quot;&quot;,&quot;orientation&quot;:&quot;0&quot;}\" data-image-title=\"Bienen_2016-11-08_10-33-05\" data-image-description=\"\" data-medium-file=\"https:\/\/rheinhessen-imker.de\/wp-content\/uploads\/2017\/01\/Bienen_2016-11-08_10-33-05-300x225.jpg\" data-large-file=\"https:\/\/rheinhessen-imker.de\/wp-content\/uploads\/2017\/01\/Bienen_2016-11-08_10-33-05.jpg\" src=\"https:\/\/i0.wp.com\/rheinhessen-imker.de\/wp-content\/uploads\/2017\/01\/Bienen_2016-11-08_10-33-05.jpg?w=240&#038;h=180&#038;ssl=1\" srcset=\"https:\/\/rheinhessen-imker.de\/wp-content\/uploads\/2017\/01\/Bienen_2016-11-08_10-33-05.jpg 1000w, https:\/\/rheinhessen-imker.de\/wp-content\/uploads\/2017\/01\/Bienen_2016-11-08_10-33-05-150x113.jpg 150w, https:\/\/rheinhessen-imker.de\/wp-content\/uploads\/2017\/01\/Bienen_2016-11-08_10-33-05-300x225.jpg 300w, https:\/\/rheinhessen-imker.de\/wp-content\/uploads\/2017\/01\/Bienen_2016-11-08_10-33-05-768x576.jpg 768w, https:\/\/rheinhessen-imker.de\/wp-content\/uploads\/2017\/01\/Bienen_2016-11-08_10-33-05-700x525.jpg 700w\" width=\"240\" height=\"180\" loading=\"lazy\" data-original-width=\"240\" data-original-height=\"180\" itemprop=\"http:\/\/schema.org\/image\" title=\"Bienen_2016-11-08_10-33-05\" alt=\"Bienen_2016-11-08_10-33-05\" style=\"width: 240px; height: 180px;\" \/> <\/a> <\/div> <div class=\"tiled-gallery-item tiled-gallery-item-small\" itemprop=\"associatedMedia\" itemscope itemtype=\"http:\/\/schema.org\/ImageObject\"> <a href=\"https:\/\/i0.wp.com\/rheinhessen-imker.de\/wp-content\/uploads\/2017\/01\/Bienen_2016-11-08_13-27-54.jpg?ssl=1\" border=\"0\" itemprop=\"url\"> <meta itemprop=\"width\" content=\"240\"> <meta itemprop=\"height\" content=\"180\"> <img decoding=\"async\" class=\"\" data-attachment-id=\"1307\" data-orig-file=\"https:\/\/rheinhessen-imker.de\/wp-content\/uploads\/2017\/01\/Bienen_2016-11-08_13-27-54.jpg\" data-orig-size=\"1000,750\" data-comments-opened=\"1\" data-image-meta=\"{&quot;aperture&quot;:&quot;2.2&quot;,&quot;credit&quot;:&quot;Anna Katharina Gr\\u00fcger&quot;,&quot;camera&quot;:&quot;iPhone 6 Plus&quot;,&quot;caption&quot;:&quot;&quot;,&quot;created_timestamp&quot;:&quot;1478611674&quot;,&quot;copyright&quot;:&quot;Anna Katharina Gr\\u00fcger&quot;,&quot;focal_length&quot;:&quot;4.15&quot;,&quot;iso&quot;:&quot;50&quot;,&quot;shutter_speed&quot;:&quot;0.058823529411765&quot;,&quot;title&quot;:&quot;&quot;,&quot;orientation&quot;:&quot;0&quot;}\" data-image-title=\"Bienen_2016-11-08_13-27-54\" data-image-description=\"\" data-medium-file=\"https:\/\/rheinhessen-imker.de\/wp-content\/uploads\/2017\/01\/Bienen_2016-11-08_13-27-54-300x225.jpg\" data-large-file=\"https:\/\/rheinhessen-imker.de\/wp-content\/uploads\/2017\/01\/Bienen_2016-11-08_13-27-54.jpg\" src=\"https:\/\/i0.wp.com\/rheinhessen-imker.de\/wp-content\/uploads\/2017\/01\/Bienen_2016-11-08_13-27-54.jpg?w=240&#038;h=180&#038;ssl=1\" srcset=\"https:\/\/rheinhessen-imker.de\/wp-content\/uploads\/2017\/01\/Bienen_2016-11-08_13-27-54.jpg 1000w, https:\/\/rheinhessen-imker.de\/wp-content\/uploads\/2017\/01\/Bienen_2016-11-08_13-27-54-150x113.jpg 150w, https:\/\/rheinhessen-imker.de\/wp-content\/uploads\/2017\/01\/Bienen_2016-11-08_13-27-54-300x225.jpg 300w, https:\/\/rheinhessen-imker.de\/wp-content\/uploads\/2017\/01\/Bienen_2016-11-08_13-27-54-768x576.jpg 768w, https:\/\/rheinhessen-imker.de\/wp-content\/uploads\/2017\/01\/Bienen_2016-11-08_13-27-54-700x525.jpg 700w\" width=\"240\" height=\"180\" loading=\"lazy\" data-original-width=\"240\" data-original-height=\"180\" itemprop=\"http:\/\/schema.org\/image\" title=\"Bienen_2016-11-08_13-27-54\" alt=\"Bienen_2016-11-08_13-27-54\" style=\"width: 240px; height: 180px;\" \/> <\/a> <\/div> <\/div> <!-- close group --> <div class=\"gallery-group images-1\" style=\"width: 416px; height: 553px;\" data-original-width=\"416\" data-original-height=\"553\" > <div class=\"tiled-gallery-item tiled-gallery-item-large\" itemprop=\"associatedMedia\" itemscope itemtype=\"http:\/\/schema.org\/ImageObject\"> <a href=\"https:\/\/i0.wp.com\/rheinhessen-imker.de\/wp-content\/uploads\/2017\/01\/Bienen_2016-11-08_15-02-54.jpg?ssl=1\" border=\"0\" itemprop=\"url\"> <meta itemprop=\"width\" content=\"412\"> <meta itemprop=\"height\" content=\"549\"> <img decoding=\"async\" class=\"\" data-attachment-id=\"1308\" data-orig-file=\"https:\/\/rheinhessen-imker.de\/wp-content\/uploads\/2017\/01\/Bienen_2016-11-08_15-02-54.jpg\" data-orig-size=\"750,1000\" data-comments-opened=\"1\" data-image-meta=\"{&quot;aperture&quot;:&quot;2.2&quot;,&quot;credit&quot;:&quot;Anna Katharina Gr\\u00fcger&quot;,&quot;camera&quot;:&quot;iPhone 6 Plus&quot;,&quot;caption&quot;:&quot;&quot;,&quot;created_timestamp&quot;:&quot;1478617374&quot;,&quot;copyright&quot;:&quot;Anna Katharina Gr\\u00fcger&quot;,&quot;focal_length&quot;:&quot;4.15&quot;,&quot;iso&quot;:&quot;50&quot;,&quot;shutter_speed&quot;:&quot;0.058823529411765&quot;,&quot;title&quot;:&quot;&quot;,&quot;orientation&quot;:&quot;0&quot;}\" data-image-title=\"Bienen_2016-11-08_15-02-54\" data-image-description=\"\" data-medium-file=\"https:\/\/rheinhessen-imker.de\/wp-content\/uploads\/2017\/01\/Bienen_2016-11-08_15-02-54-225x300.jpg\" data-large-file=\"https:\/\/rheinhessen-imker.de\/wp-content\/uploads\/2017\/01\/Bienen_2016-11-08_15-02-54.jpg\" src=\"https:\/\/i0.wp.com\/rheinhessen-imker.de\/wp-content\/uploads\/2017\/01\/Bienen_2016-11-08_15-02-54.jpg?w=412&#038;h=549&#038;ssl=1\" srcset=\"https:\/\/rheinhessen-imker.de\/wp-content\/uploads\/2017\/01\/Bienen_2016-11-08_15-02-54.jpg 750w, https:\/\/rheinhessen-imker.de\/wp-content\/uploads\/2017\/01\/Bienen_2016-11-08_15-02-54-113x150.jpg 113w, https:\/\/rheinhessen-imker.de\/wp-content\/uploads\/2017\/01\/Bienen_2016-11-08_15-02-54-225x300.jpg 225w, https:\/\/rheinhessen-imker.de\/wp-content\/uploads\/2017\/01\/Bienen_2016-11-08_15-02-54-700x933.jpg 700w\" width=\"412\" height=\"549\" loading=\"lazy\" data-original-width=\"412\" data-original-height=\"549\" itemprop=\"http:\/\/schema.org\/image\" title=\"Bienen_2016-11-08_15-02-54\" alt=\"Bienen_2016-11-08_15-02-54\" style=\"width: 412px; height: 549px;\" \/> <\/a> <\/div> <\/div> <!-- close group --> <\/div> <!-- close row --> <\/div>\n","protected":false},"excerpt":{"rendered":"<p>Schon vor Monaten, sobald die Termine bekanntgegeben wurden, hatten wir uns f\u00fcr diesen Kurs beim Bieneninstitut in Mayen angemeldet: &#8222;Bienenk\u00f6rbe flechten&#8220;. Wir sind dann also fr\u00fch morgens nach Mayen aufgebrochen, mit dem festen Vorsatz mit zwei Bienenk\u00f6rben zur\u00fcckzukommen. Der Kurs war voll besucht, aber der Raum gro\u00df, so passte alles &#8230;<\/p>\n","protected":false},"author":1,"featured_media":1301,"comment_status":"open","ping_status":"closed","sticky":false,"template":"","format":"standard","meta":{"_jetpack_memberships_contains_paid_content":false,"footnotes":""},"categories":[7],"tags":[],"class_list":["post-1321","post","type-post","status-publish","format-standard","has-post-thumbnail","hentry","category-allgemein","column","twocol","has-thumbnail"],"jetpack_sharing_enabled":true,"jetpack_featured_media_url":"https:\/\/rheinhessen-imker.de\/wp-content\/uploads\/2017\/01\/Bienen_2016-11-08_09-55-04.jpg","jetpack_shortlink":"https:\/\/wp.me\/p5t9Ps-lj","_links":{"self":[{"href":"https:\/\/rheinhessen-imker.de\/index.php?rest_route=\/wp\/v2\/posts\/1321","targetHints":{"allow":["GET"]}}],"collection":[{"href":"https:\/\/rheinhessen-imker.de\/index.php?rest_route=\/wp\/v2\/posts"}],"about":[{"href":"https:\/\/rheinhessen-imker.de\/index.php?rest_route=\/wp\/v2\/types\/post"}],"author":[{"embeddable":true,"href":"https:\/\/rheinhessen-imker.de\/index.php?rest_route=\/wp\/v2\/users\/1"}],"replies":[{"embeddable":true,"href":"https:\/\/rheinhessen-imker.de\/index.php?rest_route=%2Fwp%2Fv2%2Fcomments&post=1321"}],"version-history":[{"count":5,"href":"https:\/\/rheinhessen-imker.de\/index.php?rest_route=\/wp\/v2\/posts\/1321\/revisions"}],"predecessor-version":[{"id":1326,"href":"https:\/\/rheinhessen-imker.de\/index.php?rest_route=\/wp\/v2\/posts\/1321\/revisions\/1326"}],"wp:featuredmedia":[{"embeddable":true,"href":"https:\/\/rheinhessen-imker.de\/index.php?rest_route=\/wp\/v2\/media\/1301"}],"wp:attachment":[{"href":"https:\/\/rheinhessen-imker.de\/index.php?rest_route=%2Fwp%2Fv2%2Fmedia&parent=1321"}],"wp:term":[{"taxonomy":"category","embeddable":true,"href":"https:\/\/rheinhessen-imker.de\/index.php?rest_route=%2Fwp%2Fv2%2Fcategories&post=1321"},{"taxonomy":"post_tag","embeddable":true,"href":"https:\/\/rheinhessen-imker.de\/index.php?rest_route=%2Fwp%2Fv2%2Ftags&post=1321"}],"curies":[{"name":"wp","href":"https:\/\/api.w.org\/{rel}","templated":true}]}}