{"id":1406,"date":"2018-02-04T22:19:27","date_gmt":"2018-02-04T21:19:27","guid":{"rendered":"http:\/\/rheinhessen-imker.de\/?p=1406"},"modified":"2018-02-04T22:19:27","modified_gmt":"2018-02-04T21:19:27","slug":"winterkontrolle","status":"publish","type":"post","link":"https:\/\/rheinhessen-imker.de\/?p=1406","title":{"rendered":"Winterkontrolle"},"content":{"rendered":"<p>Das bisher sehr warme Jahr 2018 l\u00e4sst uns sorgen, ob die Bienen nicht zu fr\u00fch (im gro\u00dfen Stil) mit dem Br\u00fcten angefangen haben und somit schon jetzt zu viel Winterfutter verbraucht haben k\u00f6nnten.<\/p>\n<p>Tats\u00e4chlich best\u00e4tigen sich nach dem Wiegen der Beuten, dass vier von zehn Volkern auffallend leicht sind. Hier m\u00fcssen wir alsbald nachf\u00fcttern und hoffen, dass die Bienen das Futter annehmen!<\/p>\n<p>Die Natur bereitet sich aber auch schon auf das Fr\u00fchjahr vor: Die Haselnuss und die Weide zeigen erste &#8222;Bl\u00fcten&#8220;. Beide Pflanzen stellen f\u00fcr die Honigbienen die ersten Pollentr\u00e4ger eines jeden Jahres dar. Wir sind daher sehr froh, diese beiden Pflanzen auch auf unserem Bienengrundst\u00fcck vorzufinden.<\/p>\n<div class=\"tiled-gallery type-rectangular tiled-gallery-unresized\" data-original-width=\"660\" data-carousel-extra='{&quot;blog_id&quot;:1,&quot;permalink&quot;:&quot;https:\\\/\\\/rheinhessen-imker.de\\\/?p=1406&quot;,&quot;likes_blog_id&quot;:80830978}' itemscope itemtype=\"http:\/\/schema.org\/ImageGallery\" > <div class=\"gallery-row\" style=\"width: 660px; height: 466px;\" data-original-width=\"660\" data-original-height=\"466\" > <div class=\"gallery-group images-2\" style=\"width: 309px; height: 466px;\" data-original-width=\"309\" data-original-height=\"466\" > <div class=\"tiled-gallery-item tiled-gallery-item-large\" itemprop=\"associatedMedia\" itemscope itemtype=\"http:\/\/schema.org\/ImageObject\"> <a href=\"https:\/\/rheinhessen-imker.de\/?attachment_id=1400\" border=\"0\" itemprop=\"url\"> <meta itemprop=\"width\" content=\"305\"> <meta itemprop=\"height\" content=\"229\"> <img decoding=\"async\" class=\"\" data-attachment-id=\"1400\" data-orig-file=\"https:\/\/rheinhessen-imker.de\/wp-content\/uploads\/2018\/02\/Bienen_2018-02-04_11-46-38.jpg\" data-orig-size=\"1000,750\" data-comments-opened=\"1\" data-image-meta=\"{&quot;aperture&quot;:&quot;2.2&quot;,&quot;credit&quot;:&quot;Michael Gr\\u00fcger&quot;,&quot;camera&quot;:&quot;iPhone 6&quot;,&quot;caption&quot;:&quot;&quot;,&quot;created_timestamp&quot;:&quot;1517744798&quot;,&quot;copyright&quot;:&quot;Michael Gr\\u00fcger&quot;,&quot;focal_length&quot;:&quot;4.15&quot;,&quot;iso&quot;:&quot;32&quot;,&quot;shutter_speed&quot;:&quot;0.0027027027027027&quot;,&quot;title&quot;:&quot;&quot;,&quot;orientation&quot;:&quot;0&quot;}\" data-image-title=\"Bienen_2018-02-04_11-46-38\" data-image-description=\"&lt;p&gt;Weidek\u00e4tzchne&lt;\/p&gt; \" data-medium-file=\"https:\/\/rheinhessen-imker.de\/wp-content\/uploads\/2018\/02\/Bienen_2018-02-04_11-46-38-300x225.jpg\" data-large-file=\"https:\/\/rheinhessen-imker.de\/wp-content\/uploads\/2018\/02\/Bienen_2018-02-04_11-46-38.jpg\" src=\"https:\/\/i0.wp.com\/rheinhessen-imker.de\/wp-content\/uploads\/2018\/02\/Bienen_2018-02-04_11-46-38.jpg?w=305&#038;h=229&#038;ssl=1\" srcset=\"https:\/\/rheinhessen-imker.de\/wp-content\/uploads\/2018\/02\/Bienen_2018-02-04_11-46-38.jpg 1000w, https:\/\/rheinhessen-imker.de\/wp-content\/uploads\/2018\/02\/Bienen_2018-02-04_11-46-38-416x312.jpg 416w, https:\/\/rheinhessen-imker.de\/wp-content\/uploads\/2018\/02\/Bienen_2018-02-04_11-46-38-150x113.jpg 150w, https:\/\/rheinhessen-imker.de\/wp-content\/uploads\/2018\/02\/Bienen_2018-02-04_11-46-38-300x225.jpg 300w, https:\/\/rheinhessen-imker.de\/wp-content\/uploads\/2018\/02\/Bienen_2018-02-04_11-46-38-768x576.jpg 768w, https:\/\/rheinhessen-imker.de\/wp-content\/uploads\/2018\/02\/Bienen_2018-02-04_11-46-38-700x525.jpg 700w\" width=\"305\" height=\"229\" loading=\"lazy\" data-original-width=\"305\" data-original-height=\"229\" itemprop=\"http:\/\/schema.org\/image\" title=\"Bienen_2018-02-04_11-46-38\" alt=\"Weidek\u00e4tzchne\" style=\"width: 305px; height: 229px;\" \/> <\/a> <div class=\"tiled-gallery-caption\" itemprop=\"caption description\"> Weidek\u00e4tzchne <\/div> <\/div> <div class=\"tiled-gallery-item tiled-gallery-item-large\" itemprop=\"associatedMedia\" itemscope itemtype=\"http:\/\/schema.org\/ImageObject\"> <a href=\"https:\/\/rheinhessen-imker.de\/?attachment_id=1401\" border=\"0\" itemprop=\"url\"> <meta itemprop=\"width\" content=\"305\"> <meta itemprop=\"height\" content=\"229\"> <img decoding=\"async\" class=\"\" data-attachment-id=\"1401\" data-orig-file=\"https:\/\/rheinhessen-imker.de\/wp-content\/uploads\/2018\/02\/Bienen_2018-02-04_11-47-26.jpg\" data-orig-size=\"1000,750\" data-comments-opened=\"1\" data-image-meta=\"{&quot;aperture&quot;:&quot;2.2&quot;,&quot;credit&quot;:&quot;Michael Gr\\u00fcger&quot;,&quot;camera&quot;:&quot;iPhone 6&quot;,&quot;caption&quot;:&quot;&quot;,&quot;created_timestamp&quot;:&quot;1517744846&quot;,&quot;copyright&quot;:&quot;Michael Gr\\u00fcger&quot;,&quot;focal_length&quot;:&quot;4.15&quot;,&quot;iso&quot;:&quot;32&quot;,&quot;shutter_speed&quot;:&quot;0.004&quot;,&quot;title&quot;:&quot;&quot;,&quot;orientation&quot;:&quot;0&quot;}\" data-image-title=\"Bienen_2018-02-04_11-47-26\" data-image-description=\"&lt;p&gt;Weidek\u00e4tzchne&lt;\/p&gt; \" data-medium-file=\"https:\/\/rheinhessen-imker.de\/wp-content\/uploads\/2018\/02\/Bienen_2018-02-04_11-47-26-300x225.jpg\" data-large-file=\"https:\/\/rheinhessen-imker.de\/wp-content\/uploads\/2018\/02\/Bienen_2018-02-04_11-47-26.jpg\" src=\"https:\/\/i0.wp.com\/rheinhessen-imker.de\/wp-content\/uploads\/2018\/02\/Bienen_2018-02-04_11-47-26.jpg?w=305&#038;h=229&#038;ssl=1\" srcset=\"https:\/\/rheinhessen-imker.de\/wp-content\/uploads\/2018\/02\/Bienen_2018-02-04_11-47-26.jpg 1000w, https:\/\/rheinhessen-imker.de\/wp-content\/uploads\/2018\/02\/Bienen_2018-02-04_11-47-26-416x312.jpg 416w, https:\/\/rheinhessen-imker.de\/wp-content\/uploads\/2018\/02\/Bienen_2018-02-04_11-47-26-150x113.jpg 150w, https:\/\/rheinhessen-imker.de\/wp-content\/uploads\/2018\/02\/Bienen_2018-02-04_11-47-26-300x225.jpg 300w, https:\/\/rheinhessen-imker.de\/wp-content\/uploads\/2018\/02\/Bienen_2018-02-04_11-47-26-768x576.jpg 768w, https:\/\/rheinhessen-imker.de\/wp-content\/uploads\/2018\/02\/Bienen_2018-02-04_11-47-26-700x525.jpg 700w\" width=\"305\" height=\"229\" loading=\"lazy\" data-original-width=\"305\" data-original-height=\"229\" itemprop=\"http:\/\/schema.org\/image\" title=\"Bienen_2018-02-04_11-47-26\" alt=\"Weidek\u00e4tzchne\" style=\"width: 305px; height: 229px;\" \/> <\/a> <div class=\"tiled-gallery-caption\" itemprop=\"caption description\"> Weidek\u00e4tzchen <\/div> <\/div> <\/div> <!-- close group --> <div class=\"gallery-group images-1\" style=\"width: 351px; height: 466px;\" data-original-width=\"351\" data-original-height=\"466\" > <div class=\"tiled-gallery-item tiled-gallery-item-large\" itemprop=\"associatedMedia\" itemscope itemtype=\"http:\/\/schema.org\/ImageObject\"> <a href=\"https:\/\/rheinhessen-imker.de\/?attachment_id=1402\" border=\"0\" itemprop=\"url\"> <meta itemprop=\"width\" content=\"347\"> <meta itemprop=\"height\" content=\"462\"> <img decoding=\"async\" class=\"\" data-attachment-id=\"1402\" data-orig-file=\"https:\/\/rheinhessen-imker.de\/wp-content\/uploads\/2018\/02\/Bienen_2018-02-04_11-52-56.jpg\" data-orig-size=\"750,1000\" data-comments-opened=\"1\" data-image-meta=\"{&quot;aperture&quot;:&quot;2.2&quot;,&quot;credit&quot;:&quot;Michael Gr\\u00fcger&quot;,&quot;camera&quot;:&quot;iPhone 6&quot;,&quot;caption&quot;:&quot;&quot;,&quot;created_timestamp&quot;:&quot;1517745176&quot;,&quot;copyright&quot;:&quot;Michael Gr\\u00fcger&quot;,&quot;focal_length&quot;:&quot;4.15&quot;,&quot;iso&quot;:&quot;32&quot;,&quot;shutter_speed&quot;:&quot;0.003125&quot;,&quot;title&quot;:&quot;&quot;,&quot;orientation&quot;:&quot;0&quot;}\" data-image-title=\"Bienen_2018-02-04_11-52-56\" data-image-description=\"&lt;p&gt;Schneereste&lt;\/p&gt; \" data-medium-file=\"https:\/\/rheinhessen-imker.de\/wp-content\/uploads\/2018\/02\/Bienen_2018-02-04_11-52-56-225x300.jpg\" data-large-file=\"https:\/\/rheinhessen-imker.de\/wp-content\/uploads\/2018\/02\/Bienen_2018-02-04_11-52-56.jpg\" src=\"https:\/\/i0.wp.com\/rheinhessen-imker.de\/wp-content\/uploads\/2018\/02\/Bienen_2018-02-04_11-52-56.jpg?w=347&#038;h=462&#038;ssl=1\" srcset=\"https:\/\/rheinhessen-imker.de\/wp-content\/uploads\/2018\/02\/Bienen_2018-02-04_11-52-56.jpg 750w, https:\/\/rheinhessen-imker.de\/wp-content\/uploads\/2018\/02\/Bienen_2018-02-04_11-52-56-416x555.jpg 416w, https:\/\/rheinhessen-imker.de\/wp-content\/uploads\/2018\/02\/Bienen_2018-02-04_11-52-56-113x150.jpg 113w, https:\/\/rheinhessen-imker.de\/wp-content\/uploads\/2018\/02\/Bienen_2018-02-04_11-52-56-225x300.jpg 225w, https:\/\/rheinhessen-imker.de\/wp-content\/uploads\/2018\/02\/Bienen_2018-02-04_11-52-56-700x933.jpg 700w\" width=\"347\" height=\"462\" loading=\"lazy\" data-original-width=\"347\" data-original-height=\"462\" itemprop=\"http:\/\/schema.org\/image\" title=\"Bienen_2018-02-04_11-52-56\" alt=\"Schneereste\" style=\"width: 347px; height: 462px;\" \/> <\/a> <div class=\"tiled-gallery-caption\" itemprop=\"caption description\"> Schneereste <\/div> <\/div> <\/div> <!-- close group --> <\/div> <!-- close row --> <div class=\"gallery-row\" style=\"width: 660px; height: 317px;\" data-original-width=\"660\" data-original-height=\"317\" > <div class=\"gallery-group images-1\" style=\"width: 421px; height: 317px;\" data-original-width=\"421\" data-original-height=\"317\" > <div class=\"tiled-gallery-item tiled-gallery-item-large\" itemprop=\"associatedMedia\" itemscope itemtype=\"http:\/\/schema.org\/ImageObject\"> <a href=\"https:\/\/rheinhessen-imker.de\/?attachment_id=1404\" border=\"0\" itemprop=\"url\"> <meta itemprop=\"width\" content=\"417\"> <meta itemprop=\"height\" content=\"313\"> <img decoding=\"async\" class=\"\" data-attachment-id=\"1404\" data-orig-file=\"https:\/\/rheinhessen-imker.de\/wp-content\/uploads\/2018\/02\/Bienen_2018-02-04_12-02-06.jpg\" data-orig-size=\"1000,750\" data-comments-opened=\"1\" data-image-meta=\"{&quot;aperture&quot;:&quot;2.2&quot;,&quot;credit&quot;:&quot;Michael Gr\\u00fcger&quot;,&quot;camera&quot;:&quot;iPhone 6&quot;,&quot;caption&quot;:&quot;&quot;,&quot;created_timestamp&quot;:&quot;1517745726&quot;,&quot;copyright&quot;:&quot;Michael Gr\\u00fcger&quot;,&quot;focal_length&quot;:&quot;4.15&quot;,&quot;iso&quot;:&quot;32&quot;,&quot;shutter_speed&quot;:&quot;0.01&quot;,&quot;title&quot;:&quot;&quot;,&quot;orientation&quot;:&quot;0&quot;}\" data-image-title=\"Bienen_2018-02-04_12-02-06\" data-image-description=\"&lt;p&gt;(m\u00e4nnliche) Haselnuss&lt;\/p&gt; \" data-medium-file=\"https:\/\/rheinhessen-imker.de\/wp-content\/uploads\/2018\/02\/Bienen_2018-02-04_12-02-06-300x225.jpg\" data-large-file=\"https:\/\/rheinhessen-imker.de\/wp-content\/uploads\/2018\/02\/Bienen_2018-02-04_12-02-06.jpg\" src=\"https:\/\/i0.wp.com\/rheinhessen-imker.de\/wp-content\/uploads\/2018\/02\/Bienen_2018-02-04_12-02-06.jpg?w=417&#038;h=313&#038;ssl=1\" srcset=\"https:\/\/rheinhessen-imker.de\/wp-content\/uploads\/2018\/02\/Bienen_2018-02-04_12-02-06.jpg 1000w, https:\/\/rheinhessen-imker.de\/wp-content\/uploads\/2018\/02\/Bienen_2018-02-04_12-02-06-416x312.jpg 416w, https:\/\/rheinhessen-imker.de\/wp-content\/uploads\/2018\/02\/Bienen_2018-02-04_12-02-06-150x113.jpg 150w, https:\/\/rheinhessen-imker.de\/wp-content\/uploads\/2018\/02\/Bienen_2018-02-04_12-02-06-300x225.jpg 300w, https:\/\/rheinhessen-imker.de\/wp-content\/uploads\/2018\/02\/Bienen_2018-02-04_12-02-06-768x576.jpg 768w, https:\/\/rheinhessen-imker.de\/wp-content\/uploads\/2018\/02\/Bienen_2018-02-04_12-02-06-700x525.jpg 700w\" width=\"417\" height=\"313\" loading=\"lazy\" data-original-width=\"417\" data-original-height=\"313\" itemprop=\"http:\/\/schema.org\/image\" title=\"Bienen_2018-02-04_12-02-06\" alt=\"(m\u00e4nnliche) Haselnuss\" style=\"width: 417px; height: 313px;\" \/> <\/a> <div class=\"tiled-gallery-caption\" itemprop=\"caption description\"> (m\u00e4nnliche) Haselnuss <\/div> <\/div> <\/div> <!-- close group --> <div class=\"gallery-group images-1\" style=\"width: 239px; height: 317px;\" data-original-width=\"239\" data-original-height=\"317\" > <div class=\"tiled-gallery-item tiled-gallery-item-small\" itemprop=\"associatedMedia\" itemscope itemtype=\"http:\/\/schema.org\/ImageObject\"> <a href=\"https:\/\/rheinhessen-imker.de\/?attachment_id=1403\" border=\"0\" itemprop=\"url\"> <meta itemprop=\"width\" content=\"235\"> <meta itemprop=\"height\" content=\"313\"> <img decoding=\"async\" class=\"\" data-attachment-id=\"1403\" data-orig-file=\"https:\/\/rheinhessen-imker.de\/wp-content\/uploads\/2018\/02\/Bienen_2018-02-04_12-01-17.jpg\" data-orig-size=\"750,1000\" data-comments-opened=\"1\" data-image-meta=\"{&quot;aperture&quot;:&quot;2.2&quot;,&quot;credit&quot;:&quot;Michael Gr\\u00fcger&quot;,&quot;camera&quot;:&quot;iPhone 6&quot;,&quot;caption&quot;:&quot;&quot;,&quot;created_timestamp&quot;:&quot;1517745677&quot;,&quot;copyright&quot;:&quot;Michael Gr\\u00fcger&quot;,&quot;focal_length&quot;:&quot;4.15&quot;,&quot;iso&quot;:&quot;32&quot;,&quot;shutter_speed&quot;:&quot;0.01&quot;,&quot;title&quot;:&quot;&quot;,&quot;orientation&quot;:&quot;0&quot;}\" data-image-title=\"Bienen_2018-02-04_12-01-17\" data-image-description=\"&lt;p&gt;(m\u00e4nnliche) Haselnuss&lt;\/p&gt; \" data-medium-file=\"https:\/\/rheinhessen-imker.de\/wp-content\/uploads\/2018\/02\/Bienen_2018-02-04_12-01-17-225x300.jpg\" data-large-file=\"https:\/\/rheinhessen-imker.de\/wp-content\/uploads\/2018\/02\/Bienen_2018-02-04_12-01-17.jpg\" src=\"https:\/\/i0.wp.com\/rheinhessen-imker.de\/wp-content\/uploads\/2018\/02\/Bienen_2018-02-04_12-01-17.jpg?w=235&#038;h=313&#038;ssl=1\" srcset=\"https:\/\/rheinhessen-imker.de\/wp-content\/uploads\/2018\/02\/Bienen_2018-02-04_12-01-17.jpg 750w, https:\/\/rheinhessen-imker.de\/wp-content\/uploads\/2018\/02\/Bienen_2018-02-04_12-01-17-416x555.jpg 416w, https:\/\/rheinhessen-imker.de\/wp-content\/uploads\/2018\/02\/Bienen_2018-02-04_12-01-17-113x150.jpg 113w, https:\/\/rheinhessen-imker.de\/wp-content\/uploads\/2018\/02\/Bienen_2018-02-04_12-01-17-225x300.jpg 225w, https:\/\/rheinhessen-imker.de\/wp-content\/uploads\/2018\/02\/Bienen_2018-02-04_12-01-17-700x933.jpg 700w\" width=\"235\" height=\"313\" loading=\"lazy\" data-original-width=\"235\" data-original-height=\"313\" itemprop=\"http:\/\/schema.org\/image\" title=\"Bienen_2018-02-04_12-01-17\" alt=\"(m\u00e4nnliche) Haselnuss\" style=\"width: 235px; height: 313px;\" \/> <\/a> <div class=\"tiled-gallery-caption\" itemprop=\"caption description\"> (m\u00e4nnliche) Haselnuss <\/div> <\/div> <\/div> <!-- close group --> <\/div> <!-- close row --> <\/div>\n<p>&nbsp;<\/p>\n","protected":false},"excerpt":{"rendered":"<p>Das bisher sehr warme Jahr 2018 l\u00e4sst uns sorgen, ob die Bienen nicht zu fr\u00fch (im gro\u00dfen Stil) mit dem Br\u00fcten angefangen haben und somit schon jetzt zu viel Winterfutter verbraucht haben k\u00f6nnten. Tats\u00e4chlich best\u00e4tigen sich nach dem Wiegen der Beuten, dass vier von zehn Volkern auffallend leicht sind. Hier &#8230;<\/p>\n","protected":false},"author":1,"featured_media":1400,"comment_status":"open","ping_status":"closed","sticky":false,"template":"","format":"standard","meta":{"_jetpack_memberships_contains_paid_content":false,"footnotes":""},"categories":[3],"tags":[],"class_list":["post-1406","post","type-post","status-publish","format-standard","has-post-thumbnail","hentry","category-bienenhaltung","column","twocol","has-thumbnail"],"jetpack_sharing_enabled":true,"jetpack_featured_media_url":"https:\/\/rheinhessen-imker.de\/wp-content\/uploads\/2018\/02\/Bienen_2018-02-04_11-46-38.jpg","jetpack_shortlink":"https:\/\/wp.me\/p5t9Ps-mG","_links":{"self":[{"href":"https:\/\/rheinhessen-imker.de\/index.php?rest_route=\/wp\/v2\/posts\/1406","targetHints":{"allow":["GET"]}}],"collection":[{"href":"https:\/\/rheinhessen-imker.de\/index.php?rest_route=\/wp\/v2\/posts"}],"about":[{"href":"https:\/\/rheinhessen-imker.de\/index.php?rest_route=\/wp\/v2\/types\/post"}],"author":[{"embeddable":true,"href":"https:\/\/rheinhessen-imker.de\/index.php?rest_route=\/wp\/v2\/users\/1"}],"replies":[{"embeddable":true,"href":"https:\/\/rheinhessen-imker.de\/index.php?rest_route=%2Fwp%2Fv2%2Fcomments&post=1406"}],"version-history":[{"count":2,"href":"https:\/\/rheinhessen-imker.de\/index.php?rest_route=\/wp\/v2\/posts\/1406\/revisions"}],"predecessor-version":[{"id":1408,"href":"https:\/\/rheinhessen-imker.de\/index.php?rest_route=\/wp\/v2\/posts\/1406\/revisions\/1408"}],"wp:featuredmedia":[{"embeddable":true,"href":"https:\/\/rheinhessen-imker.de\/index.php?rest_route=\/wp\/v2\/media\/1400"}],"wp:attachment":[{"href":"https:\/\/rheinhessen-imker.de\/index.php?rest_route=%2Fwp%2Fv2%2Fmedia&parent=1406"}],"wp:term":[{"taxonomy":"category","embeddable":true,"href":"https:\/\/rheinhessen-imker.de\/index.php?rest_route=%2Fwp%2Fv2%2Fcategories&post=1406"},{"taxonomy":"post_tag","embeddable":true,"href":"https:\/\/rheinhessen-imker.de\/index.php?rest_route=%2Fwp%2Fv2%2Ftags&post=1406"}],"curies":[{"name":"wp","href":"https:\/\/api.w.org\/{rel}","templated":true}]}}