{"id":1421,"date":"2018-04-09T21:21:01","date_gmt":"2018-04-09T20:21:01","guid":{"rendered":"http:\/\/rheinhessen-imker.de\/?p=1421"},"modified":"2018-04-09T21:21:01","modified_gmt":"2018-04-09T20:21:01","slug":"wandern-in-die-kirschbluete","status":"publish","type":"post","link":"https:\/\/rheinhessen-imker.de\/?p=1421","title":{"rendered":"Wandern in die Kirschbl\u00fcte"},"content":{"rendered":"<p>Heute habe ich zwei V\u00f6lker von unserem Heimatstand zu befreundeten Landwirten nach Gau-Algesheim &#8222;umgezogen&#8220;.<\/p>\n<p>Ein perfekter Zeitpunkt, die ersten Kirschbl\u00fcten haben sich heute morgen gezeigt.<\/p>\n<p>Allgemein ist der Beginn der Kirschbl\u00fcte ein Zeichen f\u00fcr die Imker, dass die ersten Honigr\u00e4ume aufgesetzt werden k\u00f6nnen. Die Saison hat somit nun auch &#8222;offiziell&#8220; begonnen. Wir freuen uns sehr auf die kommende Zeit.<\/p>\n<div class=\"tiled-gallery type-rectangular tiled-gallery-unresized\" data-original-width=\"660\" data-carousel-extra='{&quot;blog_id&quot;:1,&quot;permalink&quot;:&quot;https:\\\/\\\/rheinhessen-imker.de\\\/?p=1421&quot;,&quot;likes_blog_id&quot;:80830978}' itemscope itemtype=\"http:\/\/schema.org\/ImageGallery\" > <div class=\"gallery-row\" style=\"width: 660px; height: 496px;\" data-original-width=\"660\" data-original-height=\"496\" > <div class=\"gallery-group images-1\" style=\"width: 660px; height: 496px;\" data-original-width=\"660\" data-original-height=\"496\" > <div class=\"tiled-gallery-item tiled-gallery-item-large\" itemprop=\"associatedMedia\" itemscope itemtype=\"http:\/\/schema.org\/ImageObject\"> <a href=\"https:\/\/rheinhessen-imker.de\/?attachment_id=1420\" border=\"0\" itemprop=\"url\"> <meta itemprop=\"width\" content=\"656\"> <meta itemprop=\"height\" content=\"492\"> <img decoding=\"async\" class=\"\" data-attachment-id=\"1420\" data-orig-file=\"https:\/\/rheinhessen-imker.de\/wp-content\/uploads\/2018\/04\/Bienen_2018-04-09_20-22-13-2.jpg\" data-orig-size=\"1000,750\" data-comments-opened=\"1\" data-image-meta=\"{&quot;aperture&quot;:&quot;2.2&quot;,&quot;credit&quot;:&quot;Michael Gr\\u00fcger&quot;,&quot;camera&quot;:&quot;iPhone SE&quot;,&quot;caption&quot;:&quot;&quot;,&quot;created_timestamp&quot;:&quot;1523305333&quot;,&quot;copyright&quot;:&quot;Michael Gr\\u00fcger&quot;,&quot;focal_length&quot;:&quot;4.15&quot;,&quot;iso&quot;:&quot;250&quot;,&quot;shutter_speed&quot;:&quot;0.028571428571429&quot;,&quot;title&quot;:&quot;&quot;,&quot;orientation&quot;:&quot;0&quot;}\" data-image-title=\"Bienen_2018-04-09_20-22-13-2\" data-image-description=\"\" data-medium-file=\"https:\/\/rheinhessen-imker.de\/wp-content\/uploads\/2018\/04\/Bienen_2018-04-09_20-22-13-2-300x225.jpg\" data-large-file=\"https:\/\/rheinhessen-imker.de\/wp-content\/uploads\/2018\/04\/Bienen_2018-04-09_20-22-13-2.jpg\" src=\"https:\/\/i0.wp.com\/rheinhessen-imker.de\/wp-content\/uploads\/2018\/04\/Bienen_2018-04-09_20-22-13-2.jpg?w=656&#038;h=492&#038;ssl=1\" srcset=\"https:\/\/rheinhessen-imker.de\/wp-content\/uploads\/2018\/04\/Bienen_2018-04-09_20-22-13-2.jpg 1000w, https:\/\/rheinhessen-imker.de\/wp-content\/uploads\/2018\/04\/Bienen_2018-04-09_20-22-13-2-416x312.jpg 416w, https:\/\/rheinhessen-imker.de\/wp-content\/uploads\/2018\/04\/Bienen_2018-04-09_20-22-13-2-150x113.jpg 150w, https:\/\/rheinhessen-imker.de\/wp-content\/uploads\/2018\/04\/Bienen_2018-04-09_20-22-13-2-300x225.jpg 300w, https:\/\/rheinhessen-imker.de\/wp-content\/uploads\/2018\/04\/Bienen_2018-04-09_20-22-13-2-768x576.jpg 768w, https:\/\/rheinhessen-imker.de\/wp-content\/uploads\/2018\/04\/Bienen_2018-04-09_20-22-13-2-700x525.jpg 700w\" width=\"656\" height=\"492\" loading=\"lazy\" data-original-width=\"656\" data-original-height=\"492\" itemprop=\"http:\/\/schema.org\/image\" title=\"Bienen_2018-04-09_20-22-13-2\" alt=\"Bienen_2018-04-09_20-22-13-2\" style=\"width: 656px; height: 492px;\" \/> <\/a> <\/div> <\/div> <!-- close group --> <\/div> <!-- close row --> <\/div>\n","protected":false},"excerpt":{"rendered":"<p>Heute habe ich zwei V\u00f6lker von unserem Heimatstand zu befreundeten Landwirten nach Gau-Algesheim &#8222;umgezogen&#8220;. Ein perfekter Zeitpunkt, die ersten Kirschbl\u00fcten haben sich heute morgen gezeigt. Allgemein ist der Beginn der Kirschbl\u00fcte ein Zeichen f\u00fcr die Imker, dass die ersten Honigr\u00e4ume aufgesetzt werden k\u00f6nnen. Die Saison hat somit nun auch &#8222;offiziell&#8220; &#8230;<\/p>\n","protected":false},"author":1,"featured_media":1420,"comment_status":"open","ping_status":"closed","sticky":false,"template":"","format":"standard","meta":{"_jetpack_memberships_contains_paid_content":false,"footnotes":""},"categories":[7],"tags":[],"class_list":["post-1421","post","type-post","status-publish","format-standard","has-post-thumbnail","hentry","category-allgemein","column","twocol","has-thumbnail"],"jetpack_sharing_enabled":true,"jetpack_featured_media_url":"https:\/\/rheinhessen-imker.de\/wp-content\/uploads\/2018\/04\/Bienen_2018-04-09_20-22-13-2.jpg","jetpack_shortlink":"https:\/\/wp.me\/p5t9Ps-mV","_links":{"self":[{"href":"https:\/\/rheinhessen-imker.de\/index.php?rest_route=\/wp\/v2\/posts\/1421","targetHints":{"allow":["GET"]}}],"collection":[{"href":"https:\/\/rheinhessen-imker.de\/index.php?rest_route=\/wp\/v2\/posts"}],"about":[{"href":"https:\/\/rheinhessen-imker.de\/index.php?rest_route=\/wp\/v2\/types\/post"}],"author":[{"embeddable":true,"href":"https:\/\/rheinhessen-imker.de\/index.php?rest_route=\/wp\/v2\/users\/1"}],"replies":[{"embeddable":true,"href":"https:\/\/rheinhessen-imker.de\/index.php?rest_route=%2Fwp%2Fv2%2Fcomments&post=1421"}],"version-history":[{"count":1,"href":"https:\/\/rheinhessen-imker.de\/index.php?rest_route=\/wp\/v2\/posts\/1421\/revisions"}],"predecessor-version":[{"id":1422,"href":"https:\/\/rheinhessen-imker.de\/index.php?rest_route=\/wp\/v2\/posts\/1421\/revisions\/1422"}],"wp:featuredmedia":[{"embeddable":true,"href":"https:\/\/rheinhessen-imker.de\/index.php?rest_route=\/wp\/v2\/media\/1420"}],"wp:attachment":[{"href":"https:\/\/rheinhessen-imker.de\/index.php?rest_route=%2Fwp%2Fv2%2Fmedia&parent=1421"}],"wp:term":[{"taxonomy":"category","embeddable":true,"href":"https:\/\/rheinhessen-imker.de\/index.php?rest_route=%2Fwp%2Fv2%2Fcategories&post=1421"},{"taxonomy":"post_tag","embeddable":true,"href":"https:\/\/rheinhessen-imker.de\/index.php?rest_route=%2Fwp%2Fv2%2Ftags&post=1421"}],"curies":[{"name":"wp","href":"https:\/\/api.w.org\/{rel}","templated":true}]}}