{"id":1427,"date":"2018-04-07T21:51:41","date_gmt":"2018-04-07T20:51:41","guid":{"rendered":"http:\/\/rheinhessen-imker.de\/?p=1427"},"modified":"2018-04-09T21:57:35","modified_gmt":"2018-04-09T20:57:35","slug":"jungimker","status":"publish","type":"post","link":"https:\/\/rheinhessen-imker.de\/?p=1427","title":{"rendered":"Jungimker"},"content":{"rendered":"<p>Bei der ersten gro\u00dfen Durchschau der V\u00f6lker wurden wir heute von zwei Jungimkern begleitet, \u00a0die sehr interessiert bei der Sache waren. Beide haben sich \u00fcber den Winter schon einiges an theoretischen Wissen angeeignet. Nun wird es Zeit f\u00fcr die praktische Umsetzung.<\/p>\n<p>Wir freuen uns darauf, die Beiden hierbei zu unterst\u00fctzen.<\/p>\n<p>Leider mussten wir heute aber auch feststellen, dass uns in den letzten zwei Wochen doch noch zwei V\u00f6lker verhungert sind. Wir haben hier bei der letzten Kontrolle wohl den Futtervorrat \u00fcbersch\u00e4tzt und\/oder die niedrigen Temperaturen untersch\u00e4tzt.<\/p>\n<div class=\"tiled-gallery type-rectangular tiled-gallery-unresized\" data-original-width=\"660\" data-carousel-extra='{&quot;blog_id&quot;:1,&quot;permalink&quot;:&quot;https:\\\/\\\/rheinhessen-imker.de\\\/?p=1427&quot;,&quot;likes_blog_id&quot;:80830978}' itemscope itemtype=\"http:\/\/schema.org\/ImageGallery\" > <div class=\"gallery-row\" style=\"width: 660px; height: 331px;\" data-original-width=\"660\" data-original-height=\"331\" > <div class=\"gallery-group images-1\" style=\"width: 440px; height: 331px;\" data-original-width=\"440\" data-original-height=\"331\" > <div class=\"tiled-gallery-item tiled-gallery-item-large\" itemprop=\"associatedMedia\" itemscope itemtype=\"http:\/\/schema.org\/ImageObject\"> <a href=\"https:\/\/rheinhessen-imker.de\/?attachment_id=1423\" border=\"0\" itemprop=\"url\"> <meta itemprop=\"width\" content=\"436\"> <meta itemprop=\"height\" content=\"327\"> <img decoding=\"async\" class=\"\" data-attachment-id=\"1423\" data-orig-file=\"https:\/\/rheinhessen-imker.de\/wp-content\/uploads\/2018\/04\/Bienen_2018-04-07_14-27-27.jpg\" data-orig-size=\"1000,750\" data-comments-opened=\"1\" data-image-meta=\"{&quot;aperture&quot;:&quot;2.2&quot;,&quot;credit&quot;:&quot;Michael Gr\\u00fcger&quot;,&quot;camera&quot;:&quot;iPhone SE&quot;,&quot;caption&quot;:&quot;&quot;,&quot;created_timestamp&quot;:&quot;1523111247&quot;,&quot;copyright&quot;:&quot;Michael Gr\\u00fcger&quot;,&quot;focal_length&quot;:&quot;4.15&quot;,&quot;iso&quot;:&quot;25&quot;,&quot;shutter_speed&quot;:&quot;0.00076923076923077&quot;,&quot;title&quot;:&quot;&quot;,&quot;orientation&quot;:&quot;0&quot;}\" data-image-title=\"Bienen_2018-04-07_14-27-27\" data-image-description=\"\" data-medium-file=\"https:\/\/rheinhessen-imker.de\/wp-content\/uploads\/2018\/04\/Bienen_2018-04-07_14-27-27-300x225.jpg\" data-large-file=\"https:\/\/rheinhessen-imker.de\/wp-content\/uploads\/2018\/04\/Bienen_2018-04-07_14-27-27.jpg\" src=\"https:\/\/i0.wp.com\/rheinhessen-imker.de\/wp-content\/uploads\/2018\/04\/Bienen_2018-04-07_14-27-27.jpg?w=436&#038;h=327&#038;ssl=1\" srcset=\"https:\/\/rheinhessen-imker.de\/wp-content\/uploads\/2018\/04\/Bienen_2018-04-07_14-27-27.jpg 1000w, https:\/\/rheinhessen-imker.de\/wp-content\/uploads\/2018\/04\/Bienen_2018-04-07_14-27-27-416x312.jpg 416w, https:\/\/rheinhessen-imker.de\/wp-content\/uploads\/2018\/04\/Bienen_2018-04-07_14-27-27-150x113.jpg 150w, https:\/\/rheinhessen-imker.de\/wp-content\/uploads\/2018\/04\/Bienen_2018-04-07_14-27-27-300x225.jpg 300w, https:\/\/rheinhessen-imker.de\/wp-content\/uploads\/2018\/04\/Bienen_2018-04-07_14-27-27-768x576.jpg 768w, https:\/\/rheinhessen-imker.de\/wp-content\/uploads\/2018\/04\/Bienen_2018-04-07_14-27-27-700x525.jpg 700w\" width=\"436\" height=\"327\" loading=\"lazy\" data-original-width=\"436\" data-original-height=\"327\" itemprop=\"http:\/\/schema.org\/image\" title=\"Bienen_2018-04-07_14-27-27\" alt=\"Bienen_2018-04-07_14-27-27\" style=\"width: 436px; height: 327px;\" \/> <\/a> <\/div> <\/div> <!-- close group --> <div class=\"gallery-group images-2\" style=\"width: 220px; height: 331px;\" data-original-width=\"220\" data-original-height=\"331\" > <div class=\"tiled-gallery-item tiled-gallery-item-small\" itemprop=\"associatedMedia\" itemscope itemtype=\"http:\/\/schema.org\/ImageObject\"> <a href=\"https:\/\/rheinhessen-imker.de\/?attachment_id=1424\" border=\"0\" itemprop=\"url\"> <meta itemprop=\"width\" content=\"216\"> <meta itemprop=\"height\" content=\"162\"> <img decoding=\"async\" class=\"\" data-attachment-id=\"1424\" data-orig-file=\"https:\/\/rheinhessen-imker.de\/wp-content\/uploads\/2018\/04\/Bienen_2018-04-07_14-27-35.jpg\" data-orig-size=\"1000,750\" data-comments-opened=\"1\" data-image-meta=\"{&quot;aperture&quot;:&quot;2.2&quot;,&quot;credit&quot;:&quot;Michael Gr\\u00fcger&quot;,&quot;camera&quot;:&quot;iPhone SE&quot;,&quot;caption&quot;:&quot;&quot;,&quot;created_timestamp&quot;:&quot;1523111255&quot;,&quot;copyright&quot;:&quot;Michael Gr\\u00fcger&quot;,&quot;focal_length&quot;:&quot;4.15&quot;,&quot;iso&quot;:&quot;25&quot;,&quot;shutter_speed&quot;:&quot;0.00083333333333333&quot;,&quot;title&quot;:&quot;&quot;,&quot;orientation&quot;:&quot;0&quot;}\" data-image-title=\"Bienen_2018-04-07_14-27-35\" data-image-description=\"\" data-medium-file=\"https:\/\/rheinhessen-imker.de\/wp-content\/uploads\/2018\/04\/Bienen_2018-04-07_14-27-35-300x225.jpg\" data-large-file=\"https:\/\/rheinhessen-imker.de\/wp-content\/uploads\/2018\/04\/Bienen_2018-04-07_14-27-35.jpg\" src=\"https:\/\/i0.wp.com\/rheinhessen-imker.de\/wp-content\/uploads\/2018\/04\/Bienen_2018-04-07_14-27-35.jpg?w=216&#038;h=162&#038;ssl=1\" srcset=\"https:\/\/rheinhessen-imker.de\/wp-content\/uploads\/2018\/04\/Bienen_2018-04-07_14-27-35.jpg 1000w, https:\/\/rheinhessen-imker.de\/wp-content\/uploads\/2018\/04\/Bienen_2018-04-07_14-27-35-416x312.jpg 416w, https:\/\/rheinhessen-imker.de\/wp-content\/uploads\/2018\/04\/Bienen_2018-04-07_14-27-35-150x113.jpg 150w, https:\/\/rheinhessen-imker.de\/wp-content\/uploads\/2018\/04\/Bienen_2018-04-07_14-27-35-300x225.jpg 300w, https:\/\/rheinhessen-imker.de\/wp-content\/uploads\/2018\/04\/Bienen_2018-04-07_14-27-35-768x576.jpg 768w, https:\/\/rheinhessen-imker.de\/wp-content\/uploads\/2018\/04\/Bienen_2018-04-07_14-27-35-700x525.jpg 700w\" width=\"216\" height=\"162\" loading=\"lazy\" data-original-width=\"216\" data-original-height=\"162\" itemprop=\"http:\/\/schema.org\/image\" title=\"Bienen_2018-04-07_14-27-35\" alt=\"Bienen_2018-04-07_14-27-35\" style=\"width: 216px; height: 162px;\" \/> <\/a> <\/div> <div class=\"tiled-gallery-item tiled-gallery-item-small\" itemprop=\"associatedMedia\" itemscope itemtype=\"http:\/\/schema.org\/ImageObject\"> <a href=\"https:\/\/rheinhessen-imker.de\/?attachment_id=1425\" border=\"0\" itemprop=\"url\"> <meta itemprop=\"width\" content=\"216\"> <meta itemprop=\"height\" content=\"161\"> <img decoding=\"async\" class=\"\" data-attachment-id=\"1425\" data-orig-file=\"https:\/\/rheinhessen-imker.de\/wp-content\/uploads\/2018\/04\/Bienen_2018-04-07_14-28-54.jpg\" data-orig-size=\"1000,750\" data-comments-opened=\"1\" data-image-meta=\"{&quot;aperture&quot;:&quot;2.2&quot;,&quot;credit&quot;:&quot;Michael Gr\\u00fcger&quot;,&quot;camera&quot;:&quot;iPhone SE&quot;,&quot;caption&quot;:&quot;&quot;,&quot;created_timestamp&quot;:&quot;1523111334&quot;,&quot;copyright&quot;:&quot;Michael Gr\\u00fcger&quot;,&quot;focal_length&quot;:&quot;4.15&quot;,&quot;iso&quot;:&quot;25&quot;,&quot;shutter_speed&quot;:&quot;0.000625&quot;,&quot;title&quot;:&quot;&quot;,&quot;orientation&quot;:&quot;0&quot;}\" data-image-title=\"Bienen_2018-04-07_14-28-54\" data-image-description=\"\" data-medium-file=\"https:\/\/rheinhessen-imker.de\/wp-content\/uploads\/2018\/04\/Bienen_2018-04-07_14-28-54-300x225.jpg\" data-large-file=\"https:\/\/rheinhessen-imker.de\/wp-content\/uploads\/2018\/04\/Bienen_2018-04-07_14-28-54.jpg\" src=\"https:\/\/i0.wp.com\/rheinhessen-imker.de\/wp-content\/uploads\/2018\/04\/Bienen_2018-04-07_14-28-54.jpg?w=216&#038;h=161&#038;ssl=1\" srcset=\"https:\/\/rheinhessen-imker.de\/wp-content\/uploads\/2018\/04\/Bienen_2018-04-07_14-28-54.jpg 1000w, https:\/\/rheinhessen-imker.de\/wp-content\/uploads\/2018\/04\/Bienen_2018-04-07_14-28-54-416x312.jpg 416w, https:\/\/rheinhessen-imker.de\/wp-content\/uploads\/2018\/04\/Bienen_2018-04-07_14-28-54-150x113.jpg 150w, https:\/\/rheinhessen-imker.de\/wp-content\/uploads\/2018\/04\/Bienen_2018-04-07_14-28-54-300x225.jpg 300w, https:\/\/rheinhessen-imker.de\/wp-content\/uploads\/2018\/04\/Bienen_2018-04-07_14-28-54-768x576.jpg 768w, https:\/\/rheinhessen-imker.de\/wp-content\/uploads\/2018\/04\/Bienen_2018-04-07_14-28-54-700x525.jpg 700w\" width=\"216\" height=\"161\" loading=\"lazy\" data-original-width=\"216\" data-original-height=\"161\" itemprop=\"http:\/\/schema.org\/image\" title=\"Bienen_2018-04-07_14-28-54\" alt=\"Bienen_2018-04-07_14-28-54\" style=\"width: 216px; height: 161px;\" \/> <\/a> <\/div> <\/div> <!-- close group --> <\/div> <!-- close row --> <div class=\"gallery-row\" style=\"width: 660px; height: 496px;\" data-original-width=\"660\" data-original-height=\"496\" > <div class=\"gallery-group images-1\" style=\"width: 660px; height: 496px;\" data-original-width=\"660\" data-original-height=\"496\" > <div class=\"tiled-gallery-item tiled-gallery-item-large\" itemprop=\"associatedMedia\" itemscope itemtype=\"http:\/\/schema.org\/ImageObject\"> <a href=\"https:\/\/rheinhessen-imker.de\/?attachment_id=1426\" border=\"0\" itemprop=\"url\"> <meta itemprop=\"width\" content=\"656\"> <meta itemprop=\"height\" content=\"492\"> <img decoding=\"async\" class=\"\" data-attachment-id=\"1426\" data-orig-file=\"https:\/\/rheinhessen-imker.de\/wp-content\/uploads\/2018\/04\/Bienen_2018-04-07_14-28-58.jpg\" data-orig-size=\"1000,750\" data-comments-opened=\"1\" data-image-meta=\"{&quot;aperture&quot;:&quot;2.2&quot;,&quot;credit&quot;:&quot;Michael Gr\\u00fcger&quot;,&quot;camera&quot;:&quot;iPhone SE&quot;,&quot;caption&quot;:&quot;&quot;,&quot;created_timestamp&quot;:&quot;1523111338&quot;,&quot;copyright&quot;:&quot;Michael Gr\\u00fcger&quot;,&quot;focal_length&quot;:&quot;4.15&quot;,&quot;iso&quot;:&quot;25&quot;,&quot;shutter_speed&quot;:&quot;0.00076923076923077&quot;,&quot;title&quot;:&quot;&quot;,&quot;orientation&quot;:&quot;0&quot;}\" data-image-title=\"Bienen_2018-04-07_14-28-58\" data-image-description=\"\" data-medium-file=\"https:\/\/rheinhessen-imker.de\/wp-content\/uploads\/2018\/04\/Bienen_2018-04-07_14-28-58-300x225.jpg\" data-large-file=\"https:\/\/rheinhessen-imker.de\/wp-content\/uploads\/2018\/04\/Bienen_2018-04-07_14-28-58.jpg\" src=\"https:\/\/i0.wp.com\/rheinhessen-imker.de\/wp-content\/uploads\/2018\/04\/Bienen_2018-04-07_14-28-58.jpg?w=656&#038;h=492&#038;ssl=1\" srcset=\"https:\/\/rheinhessen-imker.de\/wp-content\/uploads\/2018\/04\/Bienen_2018-04-07_14-28-58.jpg 1000w, https:\/\/rheinhessen-imker.de\/wp-content\/uploads\/2018\/04\/Bienen_2018-04-07_14-28-58-416x312.jpg 416w, https:\/\/rheinhessen-imker.de\/wp-content\/uploads\/2018\/04\/Bienen_2018-04-07_14-28-58-150x113.jpg 150w, https:\/\/rheinhessen-imker.de\/wp-content\/uploads\/2018\/04\/Bienen_2018-04-07_14-28-58-300x225.jpg 300w, https:\/\/rheinhessen-imker.de\/wp-content\/uploads\/2018\/04\/Bienen_2018-04-07_14-28-58-768x576.jpg 768w, https:\/\/rheinhessen-imker.de\/wp-content\/uploads\/2018\/04\/Bienen_2018-04-07_14-28-58-700x525.jpg 700w\" width=\"656\" height=\"492\" loading=\"lazy\" data-original-width=\"656\" data-original-height=\"492\" itemprop=\"http:\/\/schema.org\/image\" title=\"Bienen_2018-04-07_14-28-58\" alt=\"Bienen_2018-04-07_14-28-58\" style=\"width: 656px; height: 492px;\" \/> <\/a> <\/div> <\/div> <!-- close group --> <\/div> <!-- close row --> <\/div>\n","protected":false},"excerpt":{"rendered":"<p>Bei der ersten gro\u00dfen Durchschau der V\u00f6lker wurden wir heute von zwei Jungimkern begleitet, \u00a0die sehr interessiert bei der Sache waren. Beide haben sich \u00fcber den Winter schon einiges an theoretischen Wissen angeeignet. Nun wird es Zeit f\u00fcr die praktische Umsetzung. Wir freuen uns darauf, die Beiden hierbei zu unterst\u00fctzen. &#8230;<\/p>\n","protected":false},"author":1,"featured_media":1426,"comment_status":"open","ping_status":"closed","sticky":false,"template":"","format":"standard","meta":{"_jetpack_memberships_contains_paid_content":false,"footnotes":""},"categories":[7],"tags":[],"class_list":["post-1427","post","type-post","status-publish","format-standard","has-post-thumbnail","hentry","category-allgemein","column","twocol","has-thumbnail"],"jetpack_sharing_enabled":true,"jetpack_featured_media_url":"https:\/\/rheinhessen-imker.de\/wp-content\/uploads\/2018\/04\/Bienen_2018-04-07_14-28-58.jpg","jetpack_shortlink":"https:\/\/wp.me\/p5t9Ps-n1","_links":{"self":[{"href":"https:\/\/rheinhessen-imker.de\/index.php?rest_route=\/wp\/v2\/posts\/1427","targetHints":{"allow":["GET"]}}],"collection":[{"href":"https:\/\/rheinhessen-imker.de\/index.php?rest_route=\/wp\/v2\/posts"}],"about":[{"href":"https:\/\/rheinhessen-imker.de\/index.php?rest_route=\/wp\/v2\/types\/post"}],"author":[{"embeddable":true,"href":"https:\/\/rheinhessen-imker.de\/index.php?rest_route=\/wp\/v2\/users\/1"}],"replies":[{"embeddable":true,"href":"https:\/\/rheinhessen-imker.de\/index.php?rest_route=%2Fwp%2Fv2%2Fcomments&post=1427"}],"version-history":[{"count":2,"href":"https:\/\/rheinhessen-imker.de\/index.php?rest_route=\/wp\/v2\/posts\/1427\/revisions"}],"predecessor-version":[{"id":1429,"href":"https:\/\/rheinhessen-imker.de\/index.php?rest_route=\/wp\/v2\/posts\/1427\/revisions\/1429"}],"wp:featuredmedia":[{"embeddable":true,"href":"https:\/\/rheinhessen-imker.de\/index.php?rest_route=\/wp\/v2\/media\/1426"}],"wp:attachment":[{"href":"https:\/\/rheinhessen-imker.de\/index.php?rest_route=%2Fwp%2Fv2%2Fmedia&parent=1427"}],"wp:term":[{"taxonomy":"category","embeddable":true,"href":"https:\/\/rheinhessen-imker.de\/index.php?rest_route=%2Fwp%2Fv2%2Fcategories&post=1427"},{"taxonomy":"post_tag","embeddable":true,"href":"https:\/\/rheinhessen-imker.de\/index.php?rest_route=%2Fwp%2Fv2%2Ftags&post=1427"}],"curies":[{"name":"wp","href":"https:\/\/api.w.org\/{rel}","templated":true}]}}