{"id":1450,"date":"2018-04-14T22:24:23","date_gmt":"2018-04-14T21:24:23","guid":{"rendered":"http:\/\/rheinhessen-imker.de\/?p=1450"},"modified":"2018-04-14T22:24:23","modified_gmt":"2018-04-14T21:24:23","slug":"besuch-in-der-kirschbluete","status":"publish","type":"post","link":"https:\/\/rheinhessen-imker.de\/?p=1450","title":{"rendered":"Besuch in der Kirschbl\u00fcte"},"content":{"rendered":"<p>Kurzentschlossen haben wir heute den beiden V\u00f6lkern, mit denen wir in die Kirschbl\u00fcte gewandert sind, einen Besuch abgestattet.<\/p>\n<p>Es war wundersch\u00f6n! Die ersten Kirschb\u00e4ume stehen in voller Bl\u00fcte und unsere &#8222;Mitarbeiterinnen&#8220; f\u00fchlen sich offenkundig pudelwohl; sie tragen sehr viel Pollen ein. Ob auch viel Nektar dabei ist, werden wir n\u00e4chstes Wochenende sehen, wenn wir die V\u00f6lker wieder zur Kontrolle durchsehen.<\/p>\n<div class=\"tiled-gallery type-rectangular tiled-gallery-unresized\" data-original-width=\"660\" data-carousel-extra='{&quot;blog_id&quot;:1,&quot;permalink&quot;:&quot;https:\\\/\\\/rheinhessen-imker.de\\\/?p=1450&quot;,&quot;likes_blog_id&quot;:80830978}' itemscope itemtype=\"http:\/\/schema.org\/ImageGallery\" > <div class=\"gallery-row\" style=\"width: 660px; height: 331px;\" data-original-width=\"660\" data-original-height=\"331\" > <div class=\"gallery-group images-1\" style=\"width: 440px; height: 331px;\" data-original-width=\"440\" data-original-height=\"331\" > <div class=\"tiled-gallery-item tiled-gallery-item-large\" itemprop=\"associatedMedia\" itemscope itemtype=\"http:\/\/schema.org\/ImageObject\"> <a href=\"https:\/\/rheinhessen-imker.de\/?attachment_id=1443\" border=\"0\" itemprop=\"url\"> <meta itemprop=\"width\" content=\"436\"> <meta itemprop=\"height\" content=\"327\"> <img decoding=\"async\" class=\"\" data-attachment-id=\"1443\" data-orig-file=\"https:\/\/rheinhessen-imker.de\/wp-content\/uploads\/2018\/04\/Bienen_2018-04-14_11-20-10.jpg\" data-orig-size=\"1000,750\" data-comments-opened=\"1\" data-image-meta=\"{&quot;aperture&quot;:&quot;2.2&quot;,&quot;credit&quot;:&quot;Michael Gr\\u00fcger&quot;,&quot;camera&quot;:&quot;iPhone SE&quot;,&quot;caption&quot;:&quot;&quot;,&quot;created_timestamp&quot;:&quot;1523704810&quot;,&quot;copyright&quot;:&quot;Michael Gr\\u00fcger&quot;,&quot;focal_length&quot;:&quot;4.15&quot;,&quot;iso&quot;:&quot;25&quot;,&quot;shutter_speed&quot;:&quot;0.00071428571428571&quot;,&quot;title&quot;:&quot;&quot;,&quot;orientation&quot;:&quot;0&quot;}\" data-image-title=\"Bienen_2018-04-14_11-20-10\" data-image-description=\"\" data-medium-file=\"https:\/\/rheinhessen-imker.de\/wp-content\/uploads\/2018\/04\/Bienen_2018-04-14_11-20-10-300x225.jpg\" data-large-file=\"https:\/\/rheinhessen-imker.de\/wp-content\/uploads\/2018\/04\/Bienen_2018-04-14_11-20-10.jpg\" src=\"https:\/\/i0.wp.com\/rheinhessen-imker.de\/wp-content\/uploads\/2018\/04\/Bienen_2018-04-14_11-20-10.jpg?w=436&#038;h=327&#038;ssl=1\" srcset=\"https:\/\/rheinhessen-imker.de\/wp-content\/uploads\/2018\/04\/Bienen_2018-04-14_11-20-10.jpg 1000w, https:\/\/rheinhessen-imker.de\/wp-content\/uploads\/2018\/04\/Bienen_2018-04-14_11-20-10-416x312.jpg 416w, https:\/\/rheinhessen-imker.de\/wp-content\/uploads\/2018\/04\/Bienen_2018-04-14_11-20-10-150x113.jpg 150w, https:\/\/rheinhessen-imker.de\/wp-content\/uploads\/2018\/04\/Bienen_2018-04-14_11-20-10-300x225.jpg 300w, https:\/\/rheinhessen-imker.de\/wp-content\/uploads\/2018\/04\/Bienen_2018-04-14_11-20-10-768x576.jpg 768w, https:\/\/rheinhessen-imker.de\/wp-content\/uploads\/2018\/04\/Bienen_2018-04-14_11-20-10-700x525.jpg 700w\" width=\"436\" height=\"327\" loading=\"lazy\" data-original-width=\"436\" data-original-height=\"327\" itemprop=\"http:\/\/schema.org\/image\" title=\"Bienen_2018-04-14_11-20-10\" alt=\"Beginn der Kirschbl\u00fcte.\" style=\"width: 436px; height: 327px;\" \/> <\/a> <div class=\"tiled-gallery-caption\" itemprop=\"caption description\"> Beginn der Kirschbl\u00fcte. <\/div> <\/div> <\/div> <!-- close group --> <div class=\"gallery-group images-2\" style=\"width: 220px; height: 331px;\" data-original-width=\"220\" data-original-height=\"331\" > <div class=\"tiled-gallery-item tiled-gallery-item-small\" itemprop=\"associatedMedia\" itemscope itemtype=\"http:\/\/schema.org\/ImageObject\"> <a href=\"https:\/\/rheinhessen-imker.de\/?attachment_id=1434\" border=\"0\" itemprop=\"url\"> <meta itemprop=\"width\" content=\"216\"> <meta itemprop=\"height\" content=\"162\"> <img decoding=\"async\" class=\"\" data-attachment-id=\"1434\" data-orig-file=\"https:\/\/rheinhessen-imker.de\/wp-content\/uploads\/2018\/04\/Bienen_2018-04-14_11-14-13.jpg\" data-orig-size=\"1000,750\" data-comments-opened=\"1\" data-image-meta=\"{&quot;aperture&quot;:&quot;2.2&quot;,&quot;credit&quot;:&quot;Michael Gr\\u00fcger&quot;,&quot;camera&quot;:&quot;iPhone SE&quot;,&quot;caption&quot;:&quot;&quot;,&quot;created_timestamp&quot;:&quot;1523704453&quot;,&quot;copyright&quot;:&quot;Michael Gr\\u00fcger&quot;,&quot;focal_length&quot;:&quot;4.15&quot;,&quot;iso&quot;:&quot;25&quot;,&quot;shutter_speed&quot;:&quot;0.0008695652173913&quot;,&quot;title&quot;:&quot;&quot;,&quot;orientation&quot;:&quot;0&quot;}\" data-image-title=\"Bienen_2018-04-14_11-14-13\" data-image-description=\"\" data-medium-file=\"https:\/\/rheinhessen-imker.de\/wp-content\/uploads\/2018\/04\/Bienen_2018-04-14_11-14-13-300x225.jpg\" data-large-file=\"https:\/\/rheinhessen-imker.de\/wp-content\/uploads\/2018\/04\/Bienen_2018-04-14_11-14-13.jpg\" src=\"https:\/\/i0.wp.com\/rheinhessen-imker.de\/wp-content\/uploads\/2018\/04\/Bienen_2018-04-14_11-14-13.jpg?w=216&#038;h=162&#038;ssl=1\" srcset=\"https:\/\/rheinhessen-imker.de\/wp-content\/uploads\/2018\/04\/Bienen_2018-04-14_11-14-13.jpg 1000w, https:\/\/rheinhessen-imker.de\/wp-content\/uploads\/2018\/04\/Bienen_2018-04-14_11-14-13-416x312.jpg 416w, https:\/\/rheinhessen-imker.de\/wp-content\/uploads\/2018\/04\/Bienen_2018-04-14_11-14-13-150x113.jpg 150w, https:\/\/rheinhessen-imker.de\/wp-content\/uploads\/2018\/04\/Bienen_2018-04-14_11-14-13-300x225.jpg 300w, https:\/\/rheinhessen-imker.de\/wp-content\/uploads\/2018\/04\/Bienen_2018-04-14_11-14-13-768x576.jpg 768w, https:\/\/rheinhessen-imker.de\/wp-content\/uploads\/2018\/04\/Bienen_2018-04-14_11-14-13-700x525.jpg 700w\" width=\"216\" height=\"162\" loading=\"lazy\" data-original-width=\"216\" data-original-height=\"162\" itemprop=\"http:\/\/schema.org\/image\" title=\"Bienen_2018-04-14_11-14-13\" alt=\"Beginn der Kirschbl\u00fcte.\" style=\"width: 216px; height: 162px;\" \/> <\/a> <div class=\"tiled-gallery-caption\" itemprop=\"caption description\"> Beginn der Kirschbl\u00fcte. <\/div> <\/div> <div class=\"tiled-gallery-item tiled-gallery-item-small\" itemprop=\"associatedMedia\" itemscope itemtype=\"http:\/\/schema.org\/ImageObject\"> <a href=\"https:\/\/rheinhessen-imker.de\/?attachment_id=1444\" border=\"0\" itemprop=\"url\"> <meta itemprop=\"width\" content=\"216\"> <meta itemprop=\"height\" content=\"161\"> <img decoding=\"async\" class=\"\" data-attachment-id=\"1444\" data-orig-file=\"https:\/\/rheinhessen-imker.de\/wp-content\/uploads\/2018\/04\/Bienen_2018-04-14_11-21-11.jpg\" data-orig-size=\"1000,750\" data-comments-opened=\"1\" data-image-meta=\"{&quot;aperture&quot;:&quot;2.2&quot;,&quot;credit&quot;:&quot;Michael Gr\\u00fcger&quot;,&quot;camera&quot;:&quot;iPhone SE&quot;,&quot;caption&quot;:&quot;&quot;,&quot;created_timestamp&quot;:&quot;1523704871&quot;,&quot;copyright&quot;:&quot;Michael Gr\\u00fcger&quot;,&quot;focal_length&quot;:&quot;4.15&quot;,&quot;iso&quot;:&quot;25&quot;,&quot;shutter_speed&quot;:&quot;0.0008695652173913&quot;,&quot;title&quot;:&quot;&quot;,&quot;orientation&quot;:&quot;0&quot;}\" data-image-title=\"Bienen_2018-04-14_11-21-11\" data-image-description=\"\" data-medium-file=\"https:\/\/rheinhessen-imker.de\/wp-content\/uploads\/2018\/04\/Bienen_2018-04-14_11-21-11-300x225.jpg\" data-large-file=\"https:\/\/rheinhessen-imker.de\/wp-content\/uploads\/2018\/04\/Bienen_2018-04-14_11-21-11.jpg\" src=\"https:\/\/i0.wp.com\/rheinhessen-imker.de\/wp-content\/uploads\/2018\/04\/Bienen_2018-04-14_11-21-11.jpg?w=216&#038;h=161&#038;ssl=1\" srcset=\"https:\/\/rheinhessen-imker.de\/wp-content\/uploads\/2018\/04\/Bienen_2018-04-14_11-21-11.jpg 1000w, https:\/\/rheinhessen-imker.de\/wp-content\/uploads\/2018\/04\/Bienen_2018-04-14_11-21-11-416x312.jpg 416w, https:\/\/rheinhessen-imker.de\/wp-content\/uploads\/2018\/04\/Bienen_2018-04-14_11-21-11-150x113.jpg 150w, https:\/\/rheinhessen-imker.de\/wp-content\/uploads\/2018\/04\/Bienen_2018-04-14_11-21-11-300x225.jpg 300w, https:\/\/rheinhessen-imker.de\/wp-content\/uploads\/2018\/04\/Bienen_2018-04-14_11-21-11-768x576.jpg 768w, https:\/\/rheinhessen-imker.de\/wp-content\/uploads\/2018\/04\/Bienen_2018-04-14_11-21-11-700x525.jpg 700w\" width=\"216\" height=\"161\" loading=\"lazy\" data-original-width=\"216\" data-original-height=\"161\" itemprop=\"http:\/\/schema.org\/image\" title=\"Bienen_2018-04-14_11-21-11\" alt=\"Beginn der Kirschbl\u00fcte.\" style=\"width: 216px; height: 161px;\" \/> <\/a> <div class=\"tiled-gallery-caption\" itemprop=\"caption description\"> Beginn der Kirschbl\u00fcte. <\/div> <\/div> <\/div> <!-- close group --> <\/div> <!-- close row --> <div class=\"gallery-row\" style=\"width: 660px; height: 166px;\" data-original-width=\"660\" data-original-height=\"166\" > <div class=\"gallery-group images-1\" style=\"width: 220px; height: 166px;\" data-original-width=\"220\" data-original-height=\"166\" > <div class=\"tiled-gallery-item tiled-gallery-item-small\" itemprop=\"associatedMedia\" itemscope itemtype=\"http:\/\/schema.org\/ImageObject\"> <a href=\"https:\/\/rheinhessen-imker.de\/?attachment_id=1442\" border=\"0\" itemprop=\"url\"> <meta itemprop=\"width\" content=\"216\"> <meta itemprop=\"height\" content=\"162\"> <img decoding=\"async\" class=\"\" data-attachment-id=\"1442\" data-orig-file=\"https:\/\/rheinhessen-imker.de\/wp-content\/uploads\/2018\/04\/Bienen_2018-04-14_11-18-11.jpg\" data-orig-size=\"1000,750\" data-comments-opened=\"1\" data-image-meta=\"{&quot;aperture&quot;:&quot;2.2&quot;,&quot;credit&quot;:&quot;Michael Gr\\u00fcger&quot;,&quot;camera&quot;:&quot;iPhone SE&quot;,&quot;caption&quot;:&quot;&quot;,&quot;created_timestamp&quot;:&quot;1523704691&quot;,&quot;copyright&quot;:&quot;Michael Gr\\u00fcger&quot;,&quot;focal_length&quot;:&quot;4.15&quot;,&quot;iso&quot;:&quot;25&quot;,&quot;shutter_speed&quot;:&quot;0.000625&quot;,&quot;title&quot;:&quot;&quot;,&quot;orientation&quot;:&quot;0&quot;}\" data-image-title=\"Bienen_2018-04-14_11-18-11\" data-image-description=\"\" data-medium-file=\"https:\/\/rheinhessen-imker.de\/wp-content\/uploads\/2018\/04\/Bienen_2018-04-14_11-18-11-300x225.jpg\" data-large-file=\"https:\/\/rheinhessen-imker.de\/wp-content\/uploads\/2018\/04\/Bienen_2018-04-14_11-18-11.jpg\" src=\"https:\/\/i0.wp.com\/rheinhessen-imker.de\/wp-content\/uploads\/2018\/04\/Bienen_2018-04-14_11-18-11.jpg?w=216&#038;h=162&#038;ssl=1\" srcset=\"https:\/\/rheinhessen-imker.de\/wp-content\/uploads\/2018\/04\/Bienen_2018-04-14_11-18-11.jpg 1000w, https:\/\/rheinhessen-imker.de\/wp-content\/uploads\/2018\/04\/Bienen_2018-04-14_11-18-11-416x312.jpg 416w, https:\/\/rheinhessen-imker.de\/wp-content\/uploads\/2018\/04\/Bienen_2018-04-14_11-18-11-150x113.jpg 150w, https:\/\/rheinhessen-imker.de\/wp-content\/uploads\/2018\/04\/Bienen_2018-04-14_11-18-11-300x225.jpg 300w, https:\/\/rheinhessen-imker.de\/wp-content\/uploads\/2018\/04\/Bienen_2018-04-14_11-18-11-768x576.jpg 768w, https:\/\/rheinhessen-imker.de\/wp-content\/uploads\/2018\/04\/Bienen_2018-04-14_11-18-11-700x525.jpg 700w\" width=\"216\" height=\"162\" loading=\"lazy\" data-original-width=\"216\" data-original-height=\"162\" itemprop=\"http:\/\/schema.org\/image\" title=\"Bienen_2018-04-14_11-18-11\" alt=\"Am Bienenstand in der Kirschbl\u00fcte.\" style=\"width: 216px; height: 162px;\" \/> <\/a> <div class=\"tiled-gallery-caption\" itemprop=\"caption description\"> Am Bienenstand in der Kirschbl\u00fcte. <\/div> <\/div> <\/div> <!-- close group --> <div class=\"gallery-group images-1\" style=\"width: 220px; height: 166px;\" data-original-width=\"220\" data-original-height=\"166\" > <div class=\"tiled-gallery-item tiled-gallery-item-small\" itemprop=\"associatedMedia\" itemscope itemtype=\"http:\/\/schema.org\/ImageObject\"> <a href=\"https:\/\/rheinhessen-imker.de\/?attachment_id=1441\" border=\"0\" itemprop=\"url\"> <meta itemprop=\"width\" content=\"216\"> <meta itemprop=\"height\" content=\"162\"> <img decoding=\"async\" class=\"\" data-attachment-id=\"1441\" data-orig-file=\"https:\/\/rheinhessen-imker.de\/wp-content\/uploads\/2018\/04\/Bienen_2018-04-14_11-15-36.jpg\" data-orig-size=\"1000,750\" data-comments-opened=\"1\" data-image-meta=\"{&quot;aperture&quot;:&quot;2.2&quot;,&quot;credit&quot;:&quot;Michael Gr\\u00fcger&quot;,&quot;camera&quot;:&quot;iPhone SE&quot;,&quot;caption&quot;:&quot;&quot;,&quot;created_timestamp&quot;:&quot;1523704536&quot;,&quot;copyright&quot;:&quot;Michael Gr\\u00fcger&quot;,&quot;focal_length&quot;:&quot;4.15&quot;,&quot;iso&quot;:&quot;25&quot;,&quot;shutter_speed&quot;:&quot;0.0004&quot;,&quot;title&quot;:&quot;&quot;,&quot;orientation&quot;:&quot;0&quot;}\" data-image-title=\"Bienen_2018-04-14_11-15-36\" data-image-description=\"\" data-medium-file=\"https:\/\/rheinhessen-imker.de\/wp-content\/uploads\/2018\/04\/Bienen_2018-04-14_11-15-36-300x225.jpg\" data-large-file=\"https:\/\/rheinhessen-imker.de\/wp-content\/uploads\/2018\/04\/Bienen_2018-04-14_11-15-36.jpg\" src=\"https:\/\/i0.wp.com\/rheinhessen-imker.de\/wp-content\/uploads\/2018\/04\/Bienen_2018-04-14_11-15-36.jpg?w=216&#038;h=162&#038;ssl=1\" srcset=\"https:\/\/rheinhessen-imker.de\/wp-content\/uploads\/2018\/04\/Bienen_2018-04-14_11-15-36.jpg 1000w, https:\/\/rheinhessen-imker.de\/wp-content\/uploads\/2018\/04\/Bienen_2018-04-14_11-15-36-416x312.jpg 416w, https:\/\/rheinhessen-imker.de\/wp-content\/uploads\/2018\/04\/Bienen_2018-04-14_11-15-36-150x113.jpg 150w, https:\/\/rheinhessen-imker.de\/wp-content\/uploads\/2018\/04\/Bienen_2018-04-14_11-15-36-300x225.jpg 300w, https:\/\/rheinhessen-imker.de\/wp-content\/uploads\/2018\/04\/Bienen_2018-04-14_11-15-36-768x576.jpg 768w, https:\/\/rheinhessen-imker.de\/wp-content\/uploads\/2018\/04\/Bienen_2018-04-14_11-15-36-700x525.jpg 700w\" width=\"216\" height=\"162\" loading=\"lazy\" data-original-width=\"216\" data-original-height=\"162\" itemprop=\"http:\/\/schema.org\/image\" title=\"Bienen_2018-04-14_11-15-36\" alt=\"Biene mit Pollen an einer Kirschbl\u00fcte.\" style=\"width: 216px; height: 162px;\" \/> <\/a> <div class=\"tiled-gallery-caption\" itemprop=\"caption description\"> Biene mit Pollen an einer Kirschbl\u00fcte. <\/div> <\/div> <\/div> <!-- close group --> <div class=\"gallery-group images-1\" style=\"width: 220px; height: 166px;\" data-original-width=\"220\" data-original-height=\"166\" > <div class=\"tiled-gallery-item tiled-gallery-item-small\" itemprop=\"associatedMedia\" itemscope itemtype=\"http:\/\/schema.org\/ImageObject\"> <a href=\"https:\/\/rheinhessen-imker.de\/?attachment_id=1440\" border=\"0\" itemprop=\"url\"> <meta itemprop=\"width\" content=\"216\"> <meta itemprop=\"height\" content=\"162\"> <img decoding=\"async\" class=\"\" data-attachment-id=\"1440\" data-orig-file=\"https:\/\/rheinhessen-imker.de\/wp-content\/uploads\/2018\/04\/Bienen_2018-04-14_11-15-33.jpg\" data-orig-size=\"1000,750\" data-comments-opened=\"1\" data-image-meta=\"{&quot;aperture&quot;:&quot;2.2&quot;,&quot;credit&quot;:&quot;Michael Gr\\u00fcger&quot;,&quot;camera&quot;:&quot;iPhone SE&quot;,&quot;caption&quot;:&quot;&quot;,&quot;created_timestamp&quot;:&quot;1523704533&quot;,&quot;copyright&quot;:&quot;Michael Gr\\u00fcger&quot;,&quot;focal_length&quot;:&quot;4.15&quot;,&quot;iso&quot;:&quot;25&quot;,&quot;shutter_speed&quot;:&quot;0.0004&quot;,&quot;title&quot;:&quot;&quot;,&quot;orientation&quot;:&quot;0&quot;}\" data-image-title=\"Bienen_2018-04-14_11-15-33\" data-image-description=\"\" data-medium-file=\"https:\/\/rheinhessen-imker.de\/wp-content\/uploads\/2018\/04\/Bienen_2018-04-14_11-15-33-300x225.jpg\" data-large-file=\"https:\/\/rheinhessen-imker.de\/wp-content\/uploads\/2018\/04\/Bienen_2018-04-14_11-15-33.jpg\" src=\"https:\/\/i0.wp.com\/rheinhessen-imker.de\/wp-content\/uploads\/2018\/04\/Bienen_2018-04-14_11-15-33.jpg?w=216&#038;h=162&#038;ssl=1\" srcset=\"https:\/\/rheinhessen-imker.de\/wp-content\/uploads\/2018\/04\/Bienen_2018-04-14_11-15-33.jpg 1000w, https:\/\/rheinhessen-imker.de\/wp-content\/uploads\/2018\/04\/Bienen_2018-04-14_11-15-33-416x312.jpg 416w, https:\/\/rheinhessen-imker.de\/wp-content\/uploads\/2018\/04\/Bienen_2018-04-14_11-15-33-150x113.jpg 150w, https:\/\/rheinhessen-imker.de\/wp-content\/uploads\/2018\/04\/Bienen_2018-04-14_11-15-33-300x225.jpg 300w, https:\/\/rheinhessen-imker.de\/wp-content\/uploads\/2018\/04\/Bienen_2018-04-14_11-15-33-768x576.jpg 768w, https:\/\/rheinhessen-imker.de\/wp-content\/uploads\/2018\/04\/Bienen_2018-04-14_11-15-33-700x525.jpg 700w\" width=\"216\" height=\"162\" loading=\"lazy\" data-original-width=\"216\" data-original-height=\"162\" itemprop=\"http:\/\/schema.org\/image\" title=\"Bienen_2018-04-14_11-15-33\" alt=\"Biene mit Pollen an einer Kirschbl\u00fcte.\" style=\"width: 216px; height: 162px;\" \/> <\/a> <div class=\"tiled-gallery-caption\" itemprop=\"caption description\"> Biene mit Pollen an einer Kirschbl\u00fcte. <\/div> <\/div> <\/div> <!-- close group --> <\/div> <!-- close row --> <div class=\"gallery-row\" style=\"width: 660px; height: 331px;\" data-original-width=\"660\" data-original-height=\"331\" > <div class=\"gallery-group images-2\" style=\"width: 220px; height: 331px;\" data-original-width=\"220\" data-original-height=\"331\" > <div class=\"tiled-gallery-item tiled-gallery-item-small\" itemprop=\"associatedMedia\" itemscope itemtype=\"http:\/\/schema.org\/ImageObject\"> <a href=\"https:\/\/rheinhessen-imker.de\/?attachment_id=1439\" border=\"0\" itemprop=\"url\"> <meta itemprop=\"width\" content=\"216\"> <meta itemprop=\"height\" content=\"162\"> <img decoding=\"async\" class=\"\" data-attachment-id=\"1439\" data-orig-file=\"https:\/\/rheinhessen-imker.de\/wp-content\/uploads\/2018\/04\/Bienen_2018-04-14_11-15-19.jpg\" data-orig-size=\"1000,750\" data-comments-opened=\"1\" data-image-meta=\"{&quot;aperture&quot;:&quot;2.2&quot;,&quot;credit&quot;:&quot;Michael Gr\\u00fcger&quot;,&quot;camera&quot;:&quot;iPhone SE&quot;,&quot;caption&quot;:&quot;&quot;,&quot;created_timestamp&quot;:&quot;1523704519&quot;,&quot;copyright&quot;:&quot;Michael Gr\\u00fcger&quot;,&quot;focal_length&quot;:&quot;4.15&quot;,&quot;iso&quot;:&quot;25&quot;,&quot;shutter_speed&quot;:&quot;0.0004&quot;,&quot;title&quot;:&quot;&quot;,&quot;orientation&quot;:&quot;0&quot;}\" data-image-title=\"Bienen_2018-04-14_11-15-19\" data-image-description=\"\" data-medium-file=\"https:\/\/rheinhessen-imker.de\/wp-content\/uploads\/2018\/04\/Bienen_2018-04-14_11-15-19-300x225.jpg\" data-large-file=\"https:\/\/rheinhessen-imker.de\/wp-content\/uploads\/2018\/04\/Bienen_2018-04-14_11-15-19.jpg\" src=\"https:\/\/i0.wp.com\/rheinhessen-imker.de\/wp-content\/uploads\/2018\/04\/Bienen_2018-04-14_11-15-19.jpg?w=216&#038;h=162&#038;ssl=1\" srcset=\"https:\/\/rheinhessen-imker.de\/wp-content\/uploads\/2018\/04\/Bienen_2018-04-14_11-15-19.jpg 1000w, https:\/\/rheinhessen-imker.de\/wp-content\/uploads\/2018\/04\/Bienen_2018-04-14_11-15-19-416x312.jpg 416w, https:\/\/rheinhessen-imker.de\/wp-content\/uploads\/2018\/04\/Bienen_2018-04-14_11-15-19-150x113.jpg 150w, https:\/\/rheinhessen-imker.de\/wp-content\/uploads\/2018\/04\/Bienen_2018-04-14_11-15-19-300x225.jpg 300w, https:\/\/rheinhessen-imker.de\/wp-content\/uploads\/2018\/04\/Bienen_2018-04-14_11-15-19-768x576.jpg 768w, https:\/\/rheinhessen-imker.de\/wp-content\/uploads\/2018\/04\/Bienen_2018-04-14_11-15-19-700x525.jpg 700w\" width=\"216\" height=\"162\" loading=\"lazy\" data-original-width=\"216\" data-original-height=\"162\" itemprop=\"http:\/\/schema.org\/image\" title=\"Bienen_2018-04-14_11-15-19\" alt=\"Biene im Anflug auf eine Kirschbl\u00fcte.\" style=\"width: 216px; height: 162px;\" \/> <\/a> <div class=\"tiled-gallery-caption\" itemprop=\"caption description\"> Biene im Anflug auf eine Kirschbl\u00fcte. <\/div> <\/div> <div class=\"tiled-gallery-item tiled-gallery-item-small\" itemprop=\"associatedMedia\" itemscope itemtype=\"http:\/\/schema.org\/ImageObject\"> <a href=\"https:\/\/rheinhessen-imker.de\/?attachment_id=1438\" border=\"0\" itemprop=\"url\"> <meta itemprop=\"width\" content=\"216\"> <meta itemprop=\"height\" content=\"161\"> <img decoding=\"async\" class=\"\" data-attachment-id=\"1438\" data-orig-file=\"https:\/\/rheinhessen-imker.de\/wp-content\/uploads\/2018\/04\/Bienen_2018-04-14_11-15-17.jpg\" data-orig-size=\"1000,750\" data-comments-opened=\"1\" data-image-meta=\"{&quot;aperture&quot;:&quot;2.2&quot;,&quot;credit&quot;:&quot;Michael Gr\\u00fcger&quot;,&quot;camera&quot;:&quot;iPhone SE&quot;,&quot;caption&quot;:&quot;&quot;,&quot;created_timestamp&quot;:&quot;1523704517&quot;,&quot;copyright&quot;:&quot;Michael Gr\\u00fcger&quot;,&quot;focal_length&quot;:&quot;4.15&quot;,&quot;iso&quot;:&quot;25&quot;,&quot;shutter_speed&quot;:&quot;0.0004&quot;,&quot;title&quot;:&quot;&quot;,&quot;orientation&quot;:&quot;0&quot;}\" data-image-title=\"Bienen_2018-04-14_11-15-17\" data-image-description=\"\" data-medium-file=\"https:\/\/rheinhessen-imker.de\/wp-content\/uploads\/2018\/04\/Bienen_2018-04-14_11-15-17-300x225.jpg\" data-large-file=\"https:\/\/rheinhessen-imker.de\/wp-content\/uploads\/2018\/04\/Bienen_2018-04-14_11-15-17.jpg\" src=\"https:\/\/i0.wp.com\/rheinhessen-imker.de\/wp-content\/uploads\/2018\/04\/Bienen_2018-04-14_11-15-17.jpg?w=216&#038;h=161&#038;ssl=1\" srcset=\"https:\/\/rheinhessen-imker.de\/wp-content\/uploads\/2018\/04\/Bienen_2018-04-14_11-15-17.jpg 1000w, https:\/\/rheinhessen-imker.de\/wp-content\/uploads\/2018\/04\/Bienen_2018-04-14_11-15-17-416x312.jpg 416w, https:\/\/rheinhessen-imker.de\/wp-content\/uploads\/2018\/04\/Bienen_2018-04-14_11-15-17-150x113.jpg 150w, https:\/\/rheinhessen-imker.de\/wp-content\/uploads\/2018\/04\/Bienen_2018-04-14_11-15-17-300x225.jpg 300w, https:\/\/rheinhessen-imker.de\/wp-content\/uploads\/2018\/04\/Bienen_2018-04-14_11-15-17-768x576.jpg 768w, https:\/\/rheinhessen-imker.de\/wp-content\/uploads\/2018\/04\/Bienen_2018-04-14_11-15-17-700x525.jpg 700w\" width=\"216\" height=\"161\" loading=\"lazy\" data-original-width=\"216\" data-original-height=\"161\" itemprop=\"http:\/\/schema.org\/image\" title=\"Bienen_2018-04-14_11-15-17\" alt=\"Biene im Anflug auf eine Kirschbl\u00fcte.\" style=\"width: 216px; height: 161px;\" \/> <\/a> <div class=\"tiled-gallery-caption\" itemprop=\"caption description\"> Biene im Anflug auf eine Kirschbl\u00fcte. <\/div> <\/div> <\/div> <!-- close group --> <div class=\"gallery-group images-1\" style=\"width: 440px; height: 331px;\" data-original-width=\"440\" data-original-height=\"331\" > <div class=\"tiled-gallery-item tiled-gallery-item-large\" itemprop=\"associatedMedia\" itemscope itemtype=\"http:\/\/schema.org\/ImageObject\"> <a href=\"https:\/\/rheinhessen-imker.de\/?attachment_id=1437\" border=\"0\" itemprop=\"url\"> <meta itemprop=\"width\" content=\"436\"> <meta itemprop=\"height\" content=\"327\"> <img decoding=\"async\" class=\"\" data-attachment-id=\"1437\" data-orig-file=\"https:\/\/rheinhessen-imker.de\/wp-content\/uploads\/2018\/04\/Bienen_2018-04-14_11-15-14.jpg\" data-orig-size=\"1000,750\" data-comments-opened=\"1\" data-image-meta=\"{&quot;aperture&quot;:&quot;2.2&quot;,&quot;credit&quot;:&quot;Michael Gr\\u00fcger&quot;,&quot;camera&quot;:&quot;iPhone SE&quot;,&quot;caption&quot;:&quot;&quot;,&quot;created_timestamp&quot;:&quot;1523704514&quot;,&quot;copyright&quot;:&quot;Michael Gr\\u00fcger&quot;,&quot;focal_length&quot;:&quot;4.15&quot;,&quot;iso&quot;:&quot;25&quot;,&quot;shutter_speed&quot;:&quot;0.00037037037037037&quot;,&quot;title&quot;:&quot;&quot;,&quot;orientation&quot;:&quot;0&quot;}\" data-image-title=\"Bienen_2018-04-14_11-15-14\" data-image-description=\"\" data-medium-file=\"https:\/\/rheinhessen-imker.de\/wp-content\/uploads\/2018\/04\/Bienen_2018-04-14_11-15-14-300x225.jpg\" data-large-file=\"https:\/\/rheinhessen-imker.de\/wp-content\/uploads\/2018\/04\/Bienen_2018-04-14_11-15-14.jpg\" src=\"https:\/\/i0.wp.com\/rheinhessen-imker.de\/wp-content\/uploads\/2018\/04\/Bienen_2018-04-14_11-15-14.jpg?w=436&#038;h=327&#038;ssl=1\" srcset=\"https:\/\/rheinhessen-imker.de\/wp-content\/uploads\/2018\/04\/Bienen_2018-04-14_11-15-14.jpg 1000w, https:\/\/rheinhessen-imker.de\/wp-content\/uploads\/2018\/04\/Bienen_2018-04-14_11-15-14-416x312.jpg 416w, https:\/\/rheinhessen-imker.de\/wp-content\/uploads\/2018\/04\/Bienen_2018-04-14_11-15-14-150x113.jpg 150w, https:\/\/rheinhessen-imker.de\/wp-content\/uploads\/2018\/04\/Bienen_2018-04-14_11-15-14-300x225.jpg 300w, https:\/\/rheinhessen-imker.de\/wp-content\/uploads\/2018\/04\/Bienen_2018-04-14_11-15-14-768x576.jpg 768w, https:\/\/rheinhessen-imker.de\/wp-content\/uploads\/2018\/04\/Bienen_2018-04-14_11-15-14-700x525.jpg 700w\" width=\"436\" height=\"327\" loading=\"lazy\" data-original-width=\"436\" data-original-height=\"327\" itemprop=\"http:\/\/schema.org\/image\" title=\"Bienen_2018-04-14_11-15-14\" alt=\"Biene mit Pollen an einer Kirschbl\u00fcte.\" style=\"width: 436px; height: 327px;\" \/> <\/a> <div class=\"tiled-gallery-caption\" itemprop=\"caption description\"> Biene mit Pollen an einer Kirschbl\u00fcte. <\/div> <\/div> <\/div> <!-- close group --> <\/div> <!-- close row --> <div class=\"gallery-row\" style=\"width: 660px; height: 249px;\" data-original-width=\"660\" data-original-height=\"249\" > <div class=\"gallery-group images-1\" style=\"width: 330px; height: 249px;\" data-original-width=\"330\" data-original-height=\"249\" > <div class=\"tiled-gallery-item tiled-gallery-item-large\" itemprop=\"associatedMedia\" itemscope itemtype=\"http:\/\/schema.org\/ImageObject\"> <a href=\"https:\/\/rheinhessen-imker.de\/?attachment_id=1436\" border=\"0\" itemprop=\"url\"> <meta itemprop=\"width\" content=\"326\"> <meta itemprop=\"height\" content=\"245\"> <img decoding=\"async\" class=\"\" data-attachment-id=\"1436\" data-orig-file=\"https:\/\/rheinhessen-imker.de\/wp-content\/uploads\/2018\/04\/Bienen_2018-04-14_11-14-42.jpg\" data-orig-size=\"1000,750\" data-comments-opened=\"1\" data-image-meta=\"{&quot;aperture&quot;:&quot;2.2&quot;,&quot;credit&quot;:&quot;Michael Gr\\u00fcger&quot;,&quot;camera&quot;:&quot;iPhone SE&quot;,&quot;caption&quot;:&quot;&quot;,&quot;created_timestamp&quot;:&quot;1523704482&quot;,&quot;copyright&quot;:&quot;Michael Gr\\u00fcger&quot;,&quot;focal_length&quot;:&quot;4.15&quot;,&quot;iso&quot;:&quot;25&quot;,&quot;shutter_speed&quot;:&quot;0.00047619047619048&quot;,&quot;title&quot;:&quot;&quot;,&quot;orientation&quot;:&quot;0&quot;}\" data-image-title=\"Bienen_2018-04-14_11-14-42\" data-image-description=\"\" data-medium-file=\"https:\/\/rheinhessen-imker.de\/wp-content\/uploads\/2018\/04\/Bienen_2018-04-14_11-14-42-300x225.jpg\" data-large-file=\"https:\/\/rheinhessen-imker.de\/wp-content\/uploads\/2018\/04\/Bienen_2018-04-14_11-14-42.jpg\" src=\"https:\/\/i0.wp.com\/rheinhessen-imker.de\/wp-content\/uploads\/2018\/04\/Bienen_2018-04-14_11-14-42.jpg?w=326&#038;h=245&#038;ssl=1\" srcset=\"https:\/\/rheinhessen-imker.de\/wp-content\/uploads\/2018\/04\/Bienen_2018-04-14_11-14-42.jpg 1000w, https:\/\/rheinhessen-imker.de\/wp-content\/uploads\/2018\/04\/Bienen_2018-04-14_11-14-42-416x312.jpg 416w, https:\/\/rheinhessen-imker.de\/wp-content\/uploads\/2018\/04\/Bienen_2018-04-14_11-14-42-150x113.jpg 150w, https:\/\/rheinhessen-imker.de\/wp-content\/uploads\/2018\/04\/Bienen_2018-04-14_11-14-42-300x225.jpg 300w, https:\/\/rheinhessen-imker.de\/wp-content\/uploads\/2018\/04\/Bienen_2018-04-14_11-14-42-768x576.jpg 768w, https:\/\/rheinhessen-imker.de\/wp-content\/uploads\/2018\/04\/Bienen_2018-04-14_11-14-42-700x525.jpg 700w\" width=\"326\" height=\"245\" loading=\"lazy\" data-original-width=\"326\" data-original-height=\"245\" itemprop=\"http:\/\/schema.org\/image\" title=\"Bienen_2018-04-14_11-14-42\" alt=\"Kirschbl\u00fcten\" style=\"width: 326px; height: 245px;\" \/> <\/a> <div class=\"tiled-gallery-caption\" itemprop=\"caption description\"> Kirschbl\u00fcten <\/div> <\/div> <\/div> <!-- close group --> <div class=\"gallery-group images-1\" style=\"width: 330px; height: 249px;\" data-original-width=\"330\" data-original-height=\"249\" > <div class=\"tiled-gallery-item tiled-gallery-item-large\" itemprop=\"associatedMedia\" itemscope itemtype=\"http:\/\/schema.org\/ImageObject\"> <a href=\"https:\/\/rheinhessen-imker.de\/?attachment_id=1435\" border=\"0\" itemprop=\"url\"> <meta itemprop=\"width\" content=\"326\"> <meta itemprop=\"height\" content=\"245\"> <img decoding=\"async\" class=\"\" data-attachment-id=\"1435\" data-orig-file=\"https:\/\/rheinhessen-imker.de\/wp-content\/uploads\/2018\/04\/Bienen_2018-04-14_11-14-26.jpg\" data-orig-size=\"1000,750\" data-comments-opened=\"1\" data-image-meta=\"{&quot;aperture&quot;:&quot;2.2&quot;,&quot;credit&quot;:&quot;Michael Gr\\u00fcger&quot;,&quot;camera&quot;:&quot;iPhone SE&quot;,&quot;caption&quot;:&quot;&quot;,&quot;created_timestamp&quot;:&quot;1523704466&quot;,&quot;copyright&quot;:&quot;Michael Gr\\u00fcger&quot;,&quot;focal_length&quot;:&quot;4.15&quot;,&quot;iso&quot;:&quot;25&quot;,&quot;shutter_speed&quot;:&quot;0.00018181818181818&quot;,&quot;title&quot;:&quot;&quot;,&quot;orientation&quot;:&quot;0&quot;}\" data-image-title=\"Bienen_2018-04-14_11-14-26\" data-image-description=\"\" data-medium-file=\"https:\/\/rheinhessen-imker.de\/wp-content\/uploads\/2018\/04\/Bienen_2018-04-14_11-14-26-300x225.jpg\" data-large-file=\"https:\/\/rheinhessen-imker.de\/wp-content\/uploads\/2018\/04\/Bienen_2018-04-14_11-14-26.jpg\" src=\"https:\/\/i0.wp.com\/rheinhessen-imker.de\/wp-content\/uploads\/2018\/04\/Bienen_2018-04-14_11-14-26.jpg?w=326&#038;h=245&#038;ssl=1\" srcset=\"https:\/\/rheinhessen-imker.de\/wp-content\/uploads\/2018\/04\/Bienen_2018-04-14_11-14-26.jpg 1000w, https:\/\/rheinhessen-imker.de\/wp-content\/uploads\/2018\/04\/Bienen_2018-04-14_11-14-26-416x312.jpg 416w, https:\/\/rheinhessen-imker.de\/wp-content\/uploads\/2018\/04\/Bienen_2018-04-14_11-14-26-150x113.jpg 150w, https:\/\/rheinhessen-imker.de\/wp-content\/uploads\/2018\/04\/Bienen_2018-04-14_11-14-26-300x225.jpg 300w, https:\/\/rheinhessen-imker.de\/wp-content\/uploads\/2018\/04\/Bienen_2018-04-14_11-14-26-768x576.jpg 768w, https:\/\/rheinhessen-imker.de\/wp-content\/uploads\/2018\/04\/Bienen_2018-04-14_11-14-26-700x525.jpg 700w\" width=\"326\" height=\"245\" loading=\"lazy\" data-original-width=\"326\" data-original-height=\"245\" itemprop=\"http:\/\/schema.org\/image\" title=\"Bienen_2018-04-14_11-14-26\" alt=\"Bl\u00fcte der Kirsche.\" style=\"width: 326px; height: 245px;\" \/> <\/a> <div class=\"tiled-gallery-caption\" itemprop=\"caption description\"> Bl\u00fcte der Kirsche. <\/div> <\/div> <\/div> <!-- close group --> <\/div> <!-- close row --> <div class=\"gallery-row\" style=\"width: 660px; height: 331px;\" data-original-width=\"660\" data-original-height=\"331\" > <div class=\"gallery-group images-1\" style=\"width: 440px; height: 331px;\" data-original-width=\"440\" data-original-height=\"331\" > <div class=\"tiled-gallery-item tiled-gallery-item-large\" itemprop=\"associatedMedia\" itemscope itemtype=\"http:\/\/schema.org\/ImageObject\"> <a href=\"https:\/\/rheinhessen-imker.de\/?attachment_id=1449\" border=\"0\" itemprop=\"url\"> <meta itemprop=\"width\" content=\"436\"> <meta itemprop=\"height\" content=\"327\"> <img decoding=\"async\" class=\"\" data-attachment-id=\"1449\" data-orig-file=\"https:\/\/rheinhessen-imker.de\/wp-content\/uploads\/2018\/04\/Bienen_2018-04-14_11-27-47.jpg\" data-orig-size=\"1000,750\" data-comments-opened=\"1\" data-image-meta=\"{&quot;aperture&quot;:&quot;2.2&quot;,&quot;credit&quot;:&quot;Michael Gr\\u00fcger&quot;,&quot;camera&quot;:&quot;iPhone SE&quot;,&quot;caption&quot;:&quot;&quot;,&quot;created_timestamp&quot;:&quot;1523705267&quot;,&quot;copyright&quot;:&quot;Michael Gr\\u00fcger&quot;,&quot;focal_length&quot;:&quot;4.15&quot;,&quot;iso&quot;:&quot;25&quot;,&quot;shutter_speed&quot;:&quot;0.001&quot;,&quot;title&quot;:&quot;&quot;,&quot;orientation&quot;:&quot;0&quot;}\" data-image-title=\"Bienen_2018-04-14_11-27-47\" data-image-description=\"\" data-medium-file=\"https:\/\/rheinhessen-imker.de\/wp-content\/uploads\/2018\/04\/Bienen_2018-04-14_11-27-47-300x225.jpg\" data-large-file=\"https:\/\/rheinhessen-imker.de\/wp-content\/uploads\/2018\/04\/Bienen_2018-04-14_11-27-47.jpg\" src=\"https:\/\/i0.wp.com\/rheinhessen-imker.de\/wp-content\/uploads\/2018\/04\/Bienen_2018-04-14_11-27-47.jpg?w=436&#038;h=327&#038;ssl=1\" srcset=\"https:\/\/rheinhessen-imker.de\/wp-content\/uploads\/2018\/04\/Bienen_2018-04-14_11-27-47.jpg 1000w, https:\/\/rheinhessen-imker.de\/wp-content\/uploads\/2018\/04\/Bienen_2018-04-14_11-27-47-416x312.jpg 416w, https:\/\/rheinhessen-imker.de\/wp-content\/uploads\/2018\/04\/Bienen_2018-04-14_11-27-47-150x113.jpg 150w, https:\/\/rheinhessen-imker.de\/wp-content\/uploads\/2018\/04\/Bienen_2018-04-14_11-27-47-300x225.jpg 300w, https:\/\/rheinhessen-imker.de\/wp-content\/uploads\/2018\/04\/Bienen_2018-04-14_11-27-47-768x576.jpg 768w, https:\/\/rheinhessen-imker.de\/wp-content\/uploads\/2018\/04\/Bienen_2018-04-14_11-27-47-700x525.jpg 700w\" width=\"436\" height=\"327\" loading=\"lazy\" data-original-width=\"436\" data-original-height=\"327\" itemprop=\"http:\/\/schema.org\/image\" title=\"Bienen_2018-04-14_11-27-47\" alt=\"In 10.000 Jahren findet darin jemand eine Biene von uns.\" style=\"width: 436px; height: 327px;\" \/> <\/a> <div class=\"tiled-gallery-caption\" itemprop=\"caption description\"> In 10.000 Jahren findet darin jemand eine Biene von uns. <\/div> <\/div> <\/div> <!-- close group --> <div class=\"gallery-group images-2\" style=\"width: 220px; height: 331px;\" data-original-width=\"220\" data-original-height=\"331\" > <div class=\"tiled-gallery-item tiled-gallery-item-small\" itemprop=\"associatedMedia\" itemscope itemtype=\"http:\/\/schema.org\/ImageObject\"> <a href=\"https:\/\/rheinhessen-imker.de\/?attachment_id=1448\" border=\"0\" itemprop=\"url\"> <meta itemprop=\"width\" content=\"216\"> <meta itemprop=\"height\" content=\"162\"> <img decoding=\"async\" class=\"\" data-attachment-id=\"1448\" data-orig-file=\"https:\/\/rheinhessen-imker.de\/wp-content\/uploads\/2018\/04\/Bienen_2018-04-14_11-27-01.jpg\" data-orig-size=\"1000,750\" data-comments-opened=\"1\" data-image-meta=\"{&quot;aperture&quot;:&quot;2.2&quot;,&quot;credit&quot;:&quot;Michael Gr\\u00fcger&quot;,&quot;camera&quot;:&quot;iPhone SE&quot;,&quot;caption&quot;:&quot;&quot;,&quot;created_timestamp&quot;:&quot;1523705221&quot;,&quot;copyright&quot;:&quot;Michael Gr\\u00fcger&quot;,&quot;focal_length&quot;:&quot;4.15&quot;,&quot;iso&quot;:&quot;25&quot;,&quot;shutter_speed&quot;:&quot;0.0011764705882353&quot;,&quot;title&quot;:&quot;&quot;,&quot;orientation&quot;:&quot;0&quot;}\" data-image-title=\"Bienen_2018-04-14_11-27-01\" data-image-description=\"\" data-medium-file=\"https:\/\/rheinhessen-imker.de\/wp-content\/uploads\/2018\/04\/Bienen_2018-04-14_11-27-01-300x225.jpg\" data-large-file=\"https:\/\/rheinhessen-imker.de\/wp-content\/uploads\/2018\/04\/Bienen_2018-04-14_11-27-01.jpg\" src=\"https:\/\/i0.wp.com\/rheinhessen-imker.de\/wp-content\/uploads\/2018\/04\/Bienen_2018-04-14_11-27-01.jpg?w=216&#038;h=162&#038;ssl=1\" srcset=\"https:\/\/rheinhessen-imker.de\/wp-content\/uploads\/2018\/04\/Bienen_2018-04-14_11-27-01.jpg 1000w, https:\/\/rheinhessen-imker.de\/wp-content\/uploads\/2018\/04\/Bienen_2018-04-14_11-27-01-416x312.jpg 416w, https:\/\/rheinhessen-imker.de\/wp-content\/uploads\/2018\/04\/Bienen_2018-04-14_11-27-01-150x113.jpg 150w, https:\/\/rheinhessen-imker.de\/wp-content\/uploads\/2018\/04\/Bienen_2018-04-14_11-27-01-300x225.jpg 300w, https:\/\/rheinhessen-imker.de\/wp-content\/uploads\/2018\/04\/Bienen_2018-04-14_11-27-01-768x576.jpg 768w, https:\/\/rheinhessen-imker.de\/wp-content\/uploads\/2018\/04\/Bienen_2018-04-14_11-27-01-700x525.jpg 700w\" width=\"216\" height=\"162\" loading=\"lazy\" data-original-width=\"216\" data-original-height=\"162\" itemprop=\"http:\/\/schema.org\/image\" title=\"Bienen_2018-04-14_11-27-01\" alt=\"Mit Pollen beladende Bienen.\" style=\"width: 216px; height: 162px;\" \/> <\/a> <div class=\"tiled-gallery-caption\" itemprop=\"caption description\"> Mit Pollen beladende Bienen. <\/div> <\/div> <div class=\"tiled-gallery-item tiled-gallery-item-small\" itemprop=\"associatedMedia\" itemscope itemtype=\"http:\/\/schema.org\/ImageObject\"> <a href=\"https:\/\/rheinhessen-imker.de\/?attachment_id=1447\" border=\"0\" itemprop=\"url\"> <meta itemprop=\"width\" content=\"216\"> <meta itemprop=\"height\" content=\"161\"> <img decoding=\"async\" class=\"\" data-attachment-id=\"1447\" data-orig-file=\"https:\/\/rheinhessen-imker.de\/wp-content\/uploads\/2018\/04\/Bienen_2018-04-14_11-27-00.jpg\" data-orig-size=\"1000,750\" data-comments-opened=\"1\" data-image-meta=\"{&quot;aperture&quot;:&quot;2.2&quot;,&quot;credit&quot;:&quot;Michael Gr\\u00fcger&quot;,&quot;camera&quot;:&quot;iPhone SE&quot;,&quot;caption&quot;:&quot;&quot;,&quot;created_timestamp&quot;:&quot;1523705220&quot;,&quot;copyright&quot;:&quot;Michael Gr\\u00fcger&quot;,&quot;focal_length&quot;:&quot;4.15&quot;,&quot;iso&quot;:&quot;25&quot;,&quot;shutter_speed&quot;:&quot;0.0011764705882353&quot;,&quot;title&quot;:&quot;&quot;,&quot;orientation&quot;:&quot;0&quot;}\" data-image-title=\"Bienen_2018-04-14_11-27-00\" data-image-description=\"\" data-medium-file=\"https:\/\/rheinhessen-imker.de\/wp-content\/uploads\/2018\/04\/Bienen_2018-04-14_11-27-00-300x225.jpg\" data-large-file=\"https:\/\/rheinhessen-imker.de\/wp-content\/uploads\/2018\/04\/Bienen_2018-04-14_11-27-00.jpg\" src=\"https:\/\/i0.wp.com\/rheinhessen-imker.de\/wp-content\/uploads\/2018\/04\/Bienen_2018-04-14_11-27-00.jpg?w=216&#038;h=161&#038;ssl=1\" srcset=\"https:\/\/rheinhessen-imker.de\/wp-content\/uploads\/2018\/04\/Bienen_2018-04-14_11-27-00.jpg 1000w, https:\/\/rheinhessen-imker.de\/wp-content\/uploads\/2018\/04\/Bienen_2018-04-14_11-27-00-416x312.jpg 416w, https:\/\/rheinhessen-imker.de\/wp-content\/uploads\/2018\/04\/Bienen_2018-04-14_11-27-00-150x113.jpg 150w, https:\/\/rheinhessen-imker.de\/wp-content\/uploads\/2018\/04\/Bienen_2018-04-14_11-27-00-300x225.jpg 300w, https:\/\/rheinhessen-imker.de\/wp-content\/uploads\/2018\/04\/Bienen_2018-04-14_11-27-00-768x576.jpg 768w, https:\/\/rheinhessen-imker.de\/wp-content\/uploads\/2018\/04\/Bienen_2018-04-14_11-27-00-700x525.jpg 700w\" width=\"216\" height=\"161\" loading=\"lazy\" data-original-width=\"216\" data-original-height=\"161\" itemprop=\"http:\/\/schema.org\/image\" title=\"Bienen_2018-04-14_11-27-00\" alt=\"Mit Pollen beladende Bienen.\" style=\"width: 216px; height: 161px;\" \/> <\/a> <div class=\"tiled-gallery-caption\" itemprop=\"caption description\"> Mit Pollen beladende Bienen. <\/div> <\/div> <\/div> <!-- close group --> <\/div> <!-- close row --> <div class=\"gallery-row\" style=\"width: 660px; height: 249px;\" data-original-width=\"660\" data-original-height=\"249\" > <div class=\"gallery-group images-1\" style=\"width: 330px; height: 249px;\" data-original-width=\"330\" data-original-height=\"249\" > <div class=\"tiled-gallery-item tiled-gallery-item-large\" itemprop=\"associatedMedia\" itemscope itemtype=\"http:\/\/schema.org\/ImageObject\"> <a href=\"https:\/\/rheinhessen-imker.de\/?attachment_id=1446\" border=\"0\" itemprop=\"url\"> <meta itemprop=\"width\" content=\"326\"> <meta itemprop=\"height\" content=\"245\"> <img decoding=\"async\" class=\"\" data-attachment-id=\"1446\" data-orig-file=\"https:\/\/rheinhessen-imker.de\/wp-content\/uploads\/2018\/04\/Bienen_2018-04-14_11-26-51.jpg\" data-orig-size=\"1000,750\" data-comments-opened=\"1\" data-image-meta=\"{&quot;aperture&quot;:&quot;2.2&quot;,&quot;credit&quot;:&quot;Michael Gr\\u00fcger&quot;,&quot;camera&quot;:&quot;iPhone SE&quot;,&quot;caption&quot;:&quot;&quot;,&quot;created_timestamp&quot;:&quot;1523705211&quot;,&quot;copyright&quot;:&quot;Michael Gr\\u00fcger&quot;,&quot;focal_length&quot;:&quot;4.15&quot;,&quot;iso&quot;:&quot;25&quot;,&quot;shutter_speed&quot;:&quot;0.0013333333333333&quot;,&quot;title&quot;:&quot;&quot;,&quot;orientation&quot;:&quot;0&quot;}\" data-image-title=\"Bienen_2018-04-14_11-26-51\" data-image-description=\"\" data-medium-file=\"https:\/\/rheinhessen-imker.de\/wp-content\/uploads\/2018\/04\/Bienen_2018-04-14_11-26-51-300x225.jpg\" data-large-file=\"https:\/\/rheinhessen-imker.de\/wp-content\/uploads\/2018\/04\/Bienen_2018-04-14_11-26-51.jpg\" src=\"https:\/\/i0.wp.com\/rheinhessen-imker.de\/wp-content\/uploads\/2018\/04\/Bienen_2018-04-14_11-26-51.jpg?w=326&#038;h=245&#038;ssl=1\" srcset=\"https:\/\/rheinhessen-imker.de\/wp-content\/uploads\/2018\/04\/Bienen_2018-04-14_11-26-51.jpg 1000w, https:\/\/rheinhessen-imker.de\/wp-content\/uploads\/2018\/04\/Bienen_2018-04-14_11-26-51-416x312.jpg 416w, https:\/\/rheinhessen-imker.de\/wp-content\/uploads\/2018\/04\/Bienen_2018-04-14_11-26-51-150x113.jpg 150w, https:\/\/rheinhessen-imker.de\/wp-content\/uploads\/2018\/04\/Bienen_2018-04-14_11-26-51-300x225.jpg 300w, https:\/\/rheinhessen-imker.de\/wp-content\/uploads\/2018\/04\/Bienen_2018-04-14_11-26-51-768x576.jpg 768w, https:\/\/rheinhessen-imker.de\/wp-content\/uploads\/2018\/04\/Bienen_2018-04-14_11-26-51-700x525.jpg 700w\" width=\"326\" height=\"245\" loading=\"lazy\" data-original-width=\"326\" data-original-height=\"245\" itemprop=\"http:\/\/schema.org\/image\" title=\"Bienen_2018-04-14_11-26-51\" alt=\"Mit Pollen beladende Bienen.\" style=\"width: 326px; height: 245px;\" \/> <\/a> <div class=\"tiled-gallery-caption\" itemprop=\"caption description\"> Mit Pollen beladende Bienen. <\/div> <\/div> <\/div> <!-- close group --> <div class=\"gallery-group images-1\" style=\"width: 330px; height: 249px;\" data-original-width=\"330\" data-original-height=\"249\" > <div class=\"tiled-gallery-item tiled-gallery-item-large\" itemprop=\"associatedMedia\" itemscope itemtype=\"http:\/\/schema.org\/ImageObject\"> <a href=\"https:\/\/rheinhessen-imker.de\/?attachment_id=1445\" border=\"0\" itemprop=\"url\"> <meta itemprop=\"width\" content=\"326\"> <meta itemprop=\"height\" content=\"245\"> <img decoding=\"async\" class=\"\" data-attachment-id=\"1445\" data-orig-file=\"https:\/\/rheinhessen-imker.de\/wp-content\/uploads\/2018\/04\/Bienen_2018-04-14_11-26-49.jpg\" data-orig-size=\"1000,750\" data-comments-opened=\"1\" data-image-meta=\"{&quot;aperture&quot;:&quot;2.2&quot;,&quot;credit&quot;:&quot;Michael Gr\\u00fcger&quot;,&quot;camera&quot;:&quot;iPhone SE&quot;,&quot;caption&quot;:&quot;&quot;,&quot;created_timestamp&quot;:&quot;1523705209&quot;,&quot;copyright&quot;:&quot;Michael Gr\\u00fcger&quot;,&quot;focal_length&quot;:&quot;4.15&quot;,&quot;iso&quot;:&quot;25&quot;,&quot;shutter_speed&quot;:&quot;0.0013333333333333&quot;,&quot;title&quot;:&quot;&quot;,&quot;orientation&quot;:&quot;0&quot;}\" data-image-title=\"Bienen_2018-04-14_11-26-49\" data-image-description=\"\" data-medium-file=\"https:\/\/rheinhessen-imker.de\/wp-content\/uploads\/2018\/04\/Bienen_2018-04-14_11-26-49-300x225.jpg\" data-large-file=\"https:\/\/rheinhessen-imker.de\/wp-content\/uploads\/2018\/04\/Bienen_2018-04-14_11-26-49.jpg\" src=\"https:\/\/i0.wp.com\/rheinhessen-imker.de\/wp-content\/uploads\/2018\/04\/Bienen_2018-04-14_11-26-49.jpg?w=326&#038;h=245&#038;ssl=1\" srcset=\"https:\/\/rheinhessen-imker.de\/wp-content\/uploads\/2018\/04\/Bienen_2018-04-14_11-26-49.jpg 1000w, https:\/\/rheinhessen-imker.de\/wp-content\/uploads\/2018\/04\/Bienen_2018-04-14_11-26-49-416x312.jpg 416w, https:\/\/rheinhessen-imker.de\/wp-content\/uploads\/2018\/04\/Bienen_2018-04-14_11-26-49-150x113.jpg 150w, https:\/\/rheinhessen-imker.de\/wp-content\/uploads\/2018\/04\/Bienen_2018-04-14_11-26-49-300x225.jpg 300w, https:\/\/rheinhessen-imker.de\/wp-content\/uploads\/2018\/04\/Bienen_2018-04-14_11-26-49-768x576.jpg 768w, https:\/\/rheinhessen-imker.de\/wp-content\/uploads\/2018\/04\/Bienen_2018-04-14_11-26-49-700x525.jpg 700w\" width=\"326\" height=\"245\" loading=\"lazy\" data-original-width=\"326\" data-original-height=\"245\" itemprop=\"http:\/\/schema.org\/image\" title=\"Bienen_2018-04-14_11-26-49\" alt=\"Mit Pollen beladende Bienen.\" style=\"width: 326px; height: 245px;\" \/> <\/a> <div class=\"tiled-gallery-caption\" itemprop=\"caption description\"> Mit Pollen beladende Bienen. <\/div> <\/div> <\/div> <!-- close group --> <\/div> <!-- close row --> <\/div>\n","protected":false},"excerpt":{"rendered":"<p>Kurzentschlossen haben wir heute den beiden V\u00f6lkern, mit denen wir in die Kirschbl\u00fcte gewandert sind, einen Besuch abgestattet. Es war wundersch\u00f6n! Die ersten Kirschb\u00e4ume stehen in voller Bl\u00fcte und unsere &#8222;Mitarbeiterinnen&#8220; f\u00fchlen sich offenkundig pudelwohl; sie tragen sehr viel Pollen ein. Ob auch viel Nektar dabei ist, werden wir n\u00e4chstes &#8230;<\/p>\n","protected":false},"author":1,"featured_media":1437,"comment_status":"open","ping_status":"closed","sticky":false,"template":"","format":"standard","meta":{"_jetpack_memberships_contains_paid_content":false,"footnotes":""},"categories":[7],"tags":[],"class_list":["post-1450","post","type-post","status-publish","format-standard","has-post-thumbnail","hentry","category-allgemein","column","twocol","has-thumbnail"],"jetpack_sharing_enabled":true,"jetpack_featured_media_url":"https:\/\/rheinhessen-imker.de\/wp-content\/uploads\/2018\/04\/Bienen_2018-04-14_11-15-14.jpg","jetpack_shortlink":"https:\/\/wp.me\/p5t9Ps-no","_links":{"self":[{"href":"https:\/\/rheinhessen-imker.de\/index.php?rest_route=\/wp\/v2\/posts\/1450","targetHints":{"allow":["GET"]}}],"collection":[{"href":"https:\/\/rheinhessen-imker.de\/index.php?rest_route=\/wp\/v2\/posts"}],"about":[{"href":"https:\/\/rheinhessen-imker.de\/index.php?rest_route=\/wp\/v2\/types\/post"}],"author":[{"embeddable":true,"href":"https:\/\/rheinhessen-imker.de\/index.php?rest_route=\/wp\/v2\/users\/1"}],"replies":[{"embeddable":true,"href":"https:\/\/rheinhessen-imker.de\/index.php?rest_route=%2Fwp%2Fv2%2Fcomments&post=1450"}],"version-history":[{"count":1,"href":"https:\/\/rheinhessen-imker.de\/index.php?rest_route=\/wp\/v2\/posts\/1450\/revisions"}],"predecessor-version":[{"id":1451,"href":"https:\/\/rheinhessen-imker.de\/index.php?rest_route=\/wp\/v2\/posts\/1450\/revisions\/1451"}],"wp:featuredmedia":[{"embeddable":true,"href":"https:\/\/rheinhessen-imker.de\/index.php?rest_route=\/wp\/v2\/media\/1437"}],"wp:attachment":[{"href":"https:\/\/rheinhessen-imker.de\/index.php?rest_route=%2Fwp%2Fv2%2Fmedia&parent=1450"}],"wp:term":[{"taxonomy":"category","embeddable":true,"href":"https:\/\/rheinhessen-imker.de\/index.php?rest_route=%2Fwp%2Fv2%2Fcategories&post=1450"},{"taxonomy":"post_tag","embeddable":true,"href":"https:\/\/rheinhessen-imker.de\/index.php?rest_route=%2Fwp%2Fv2%2Ftags&post=1450"}],"curies":[{"name":"wp","href":"https:\/\/api.w.org\/{rel}","templated":true}]}}