{"id":1471,"date":"2018-07-07T21:20:57","date_gmt":"2018-07-07T20:20:57","guid":{"rendered":"http:\/\/rheinhessen-imker.de\/?p=1471"},"modified":"2018-07-09T22:46:36","modified_gmt":"2018-07-09T21:46:36","slug":"wandern-in-die-sonnenblume","status":"publish","type":"post","link":"https:\/\/rheinhessen-imker.de\/?p=1471","title":{"rendered":"Wandern in die Sonnenblume"},"content":{"rendered":"<p>Heute haben wir ein Experiment gewagt: Wir sind mit einem Volk zu einem Sonnenblumenfeld gewandert. Bereits im Fr\u00fchjahr hat uns ein Landwirt\/Winzer kontaktiert und angefragt, ob wir Interesse h\u00e4tten Bienen zu seinen Sonnenblumen zu stellen. Es w\u00fcrde sich auch um die mit den &#8222;schwarzen&#8220; Kernen handeln. Diese Blumen honigen wohl, im Gegensatz zu den erheblich weiter verbreiteten Sonnenblumen mit &#8222;gestreiften&#8220; Kernen.<\/p>\n<p>Nun sind wir gespannt, haben das Volk in den Landkreis Alzey-Worms gefahren und vorher beim \u00f6rtlichen Imkerverein und zust\u00e4ndigen Amtsveterin\u00e4r angemeldet. Kommendes Wochenende schauen wir, wie es dem Volk geht und ob es tats\u00e4chlich Nektar bei den Sonnenblumen findet.<\/p>\n<p>Wenn alles gut l\u00e4uft, werden wir bald leuchtend gelben und sehr leckeren Sonnenblumenhonig ernten k\u00f6nnen.<\/p>\n<div class=\"tiled-gallery type-rectangular tiled-gallery-unresized\" data-original-width=\"660\" data-carousel-extra='{&quot;blog_id&quot;:1,&quot;permalink&quot;:&quot;https:\\\/\\\/rheinhessen-imker.de\\\/?p=1471&quot;,&quot;likes_blog_id&quot;:80830978}' itemscope itemtype=\"http:\/\/schema.org\/ImageGallery\" > <div class=\"gallery-row\" style=\"width: 660px; height: 140px;\" data-original-width=\"660\" data-original-height=\"140\" > <div class=\"gallery-group images-1\" style=\"width: 185px; height: 140px;\" data-original-width=\"185\" data-original-height=\"140\" > <div class=\"tiled-gallery-item tiled-gallery-item-small\" itemprop=\"associatedMedia\" itemscope itemtype=\"http:\/\/schema.org\/ImageObject\"> <a href=\"https:\/\/rheinhessen-imker.de\/?attachment_id=1470\" border=\"0\" itemprop=\"url\"> <meta itemprop=\"width\" content=\"181\"> <meta itemprop=\"height\" content=\"136\"> <img decoding=\"async\" class=\"\" data-attachment-id=\"1470\" data-orig-file=\"https:\/\/rheinhessen-imker.de\/wp-content\/uploads\/2018\/07\/Bienen_2018-07-04_19-06-16.jpg\" data-orig-size=\"1000,750\" data-comments-opened=\"1\" data-image-meta=\"{&quot;aperture&quot;:&quot;0&quot;,&quot;credit&quot;:&quot;&quot;,&quot;camera&quot;:&quot;&quot;,&quot;caption&quot;:&quot;&quot;,&quot;created_timestamp&quot;:&quot;0&quot;,&quot;copyright&quot;:&quot;Michael Gr\\u00fcger&quot;,&quot;focal_length&quot;:&quot;0&quot;,&quot;iso&quot;:&quot;0&quot;,&quot;shutter_speed&quot;:&quot;0&quot;,&quot;title&quot;:&quot;&quot;,&quot;orientation&quot;:&quot;0&quot;}\" data-image-title=\"Bienen_2018-07-04_19-06-16\" data-image-description=\"\" data-medium-file=\"https:\/\/rheinhessen-imker.de\/wp-content\/uploads\/2018\/07\/Bienen_2018-07-04_19-06-16-300x225.jpg\" data-large-file=\"https:\/\/rheinhessen-imker.de\/wp-content\/uploads\/2018\/07\/Bienen_2018-07-04_19-06-16.jpg\" src=\"https:\/\/i0.wp.com\/rheinhessen-imker.de\/wp-content\/uploads\/2018\/07\/Bienen_2018-07-04_19-06-16.jpg?w=181&#038;h=136&#038;ssl=1\" srcset=\"https:\/\/rheinhessen-imker.de\/wp-content\/uploads\/2018\/07\/Bienen_2018-07-04_19-06-16.jpg 1000w, https:\/\/rheinhessen-imker.de\/wp-content\/uploads\/2018\/07\/Bienen_2018-07-04_19-06-16-416x312.jpg 416w, https:\/\/rheinhessen-imker.de\/wp-content\/uploads\/2018\/07\/Bienen_2018-07-04_19-06-16-150x113.jpg 150w, https:\/\/rheinhessen-imker.de\/wp-content\/uploads\/2018\/07\/Bienen_2018-07-04_19-06-16-300x225.jpg 300w, https:\/\/rheinhessen-imker.de\/wp-content\/uploads\/2018\/07\/Bienen_2018-07-04_19-06-16-768x576.jpg 768w, https:\/\/rheinhessen-imker.de\/wp-content\/uploads\/2018\/07\/Bienen_2018-07-04_19-06-16-700x525.jpg 700w\" width=\"181\" height=\"136\" loading=\"lazy\" data-original-width=\"181\" data-original-height=\"136\" itemprop=\"http:\/\/schema.org\/image\" title=\"Bienen_2018-07-04_19-06-16\" alt=\"Sonnenblume\" style=\"width: 181px; height: 136px;\" \/> <\/a> <div class=\"tiled-gallery-caption\" itemprop=\"caption description\"> Sonnenblume <\/div> <\/div> <\/div> <!-- close group --> <div class=\"gallery-group images-1\" style=\"width: 185px; height: 140px;\" data-original-width=\"185\" data-original-height=\"140\" > <div class=\"tiled-gallery-item tiled-gallery-item-small\" itemprop=\"associatedMedia\" itemscope itemtype=\"http:\/\/schema.org\/ImageObject\"> <a href=\"https:\/\/rheinhessen-imker.de\/?attachment_id=1469\" border=\"0\" itemprop=\"url\"> <meta itemprop=\"width\" content=\"181\"> <meta itemprop=\"height\" content=\"136\"> <img decoding=\"async\" class=\"\" data-attachment-id=\"1469\" data-orig-file=\"https:\/\/rheinhessen-imker.de\/wp-content\/uploads\/2018\/07\/Bienen_2018-07-04_18-58-24.jpg\" data-orig-size=\"1000,750\" data-comments-opened=\"1\" data-image-meta=\"{&quot;aperture&quot;:&quot;0&quot;,&quot;credit&quot;:&quot;&quot;,&quot;camera&quot;:&quot;&quot;,&quot;caption&quot;:&quot;&quot;,&quot;created_timestamp&quot;:&quot;0&quot;,&quot;copyright&quot;:&quot;Michael Gr\\u00fcger&quot;,&quot;focal_length&quot;:&quot;0&quot;,&quot;iso&quot;:&quot;0&quot;,&quot;shutter_speed&quot;:&quot;0&quot;,&quot;title&quot;:&quot;&quot;,&quot;orientation&quot;:&quot;0&quot;}\" data-image-title=\"Bienen_2018-07-04_18-58-24\" data-image-description=\"\" data-medium-file=\"https:\/\/rheinhessen-imker.de\/wp-content\/uploads\/2018\/07\/Bienen_2018-07-04_18-58-24-300x225.jpg\" data-large-file=\"https:\/\/rheinhessen-imker.de\/wp-content\/uploads\/2018\/07\/Bienen_2018-07-04_18-58-24.jpg\" src=\"https:\/\/i0.wp.com\/rheinhessen-imker.de\/wp-content\/uploads\/2018\/07\/Bienen_2018-07-04_18-58-24.jpg?w=181&#038;h=136&#038;ssl=1\" srcset=\"https:\/\/rheinhessen-imker.de\/wp-content\/uploads\/2018\/07\/Bienen_2018-07-04_18-58-24.jpg 1000w, https:\/\/rheinhessen-imker.de\/wp-content\/uploads\/2018\/07\/Bienen_2018-07-04_18-58-24-416x312.jpg 416w, https:\/\/rheinhessen-imker.de\/wp-content\/uploads\/2018\/07\/Bienen_2018-07-04_18-58-24-150x113.jpg 150w, https:\/\/rheinhessen-imker.de\/wp-content\/uploads\/2018\/07\/Bienen_2018-07-04_18-58-24-300x225.jpg 300w, https:\/\/rheinhessen-imker.de\/wp-content\/uploads\/2018\/07\/Bienen_2018-07-04_18-58-24-768x576.jpg 768w, https:\/\/rheinhessen-imker.de\/wp-content\/uploads\/2018\/07\/Bienen_2018-07-04_18-58-24-700x525.jpg 700w\" width=\"181\" height=\"136\" loading=\"lazy\" data-original-width=\"181\" data-original-height=\"136\" itemprop=\"http:\/\/schema.org\/image\" title=\"Bienen_2018-07-04_18-58-24\" alt=\"Das Bienenvolk &quot;wandert&quot; in die Sonnenblume.\" style=\"width: 181px; height: 136px;\" \/> <\/a> <div class=\"tiled-gallery-caption\" itemprop=\"caption description\"> Das Bienenvolk &#8222;wandert&#8220; in die Sonnenblume. <\/div> <\/div> <\/div> <!-- close group --> <div class=\"gallery-group images-1\" style=\"width: 105px; height: 140px;\" data-original-width=\"105\" data-original-height=\"140\" > <div class=\"tiled-gallery-item tiled-gallery-item-small\" itemprop=\"associatedMedia\" itemscope itemtype=\"http:\/\/schema.org\/ImageObject\"> <a href=\"https:\/\/rheinhessen-imker.de\/?attachment_id=1468\" border=\"0\" itemprop=\"url\"> <meta itemprop=\"width\" content=\"101\"> <meta itemprop=\"height\" content=\"136\"> <img decoding=\"async\" class=\"\" data-attachment-id=\"1468\" data-orig-file=\"https:\/\/rheinhessen-imker.de\/wp-content\/uploads\/2018\/07\/Bienen_2018-07-04_18-53-55.jpg\" data-orig-size=\"750,1000\" data-comments-opened=\"1\" data-image-meta=\"{&quot;aperture&quot;:&quot;0&quot;,&quot;credit&quot;:&quot;&quot;,&quot;camera&quot;:&quot;&quot;,&quot;caption&quot;:&quot;&quot;,&quot;created_timestamp&quot;:&quot;0&quot;,&quot;copyright&quot;:&quot;Michael Gr\\u00fcger&quot;,&quot;focal_length&quot;:&quot;0&quot;,&quot;iso&quot;:&quot;0&quot;,&quot;shutter_speed&quot;:&quot;0&quot;,&quot;title&quot;:&quot;&quot;,&quot;orientation&quot;:&quot;0&quot;}\" data-image-title=\"Bienen_2018-07-04_18-53-55\" data-image-description=\"\" data-medium-file=\"https:\/\/rheinhessen-imker.de\/wp-content\/uploads\/2018\/07\/Bienen_2018-07-04_18-53-55-225x300.jpg\" data-large-file=\"https:\/\/rheinhessen-imker.de\/wp-content\/uploads\/2018\/07\/Bienen_2018-07-04_18-53-55.jpg\" src=\"https:\/\/i0.wp.com\/rheinhessen-imker.de\/wp-content\/uploads\/2018\/07\/Bienen_2018-07-04_18-53-55.jpg?w=101&#038;h=136&#038;ssl=1\" srcset=\"https:\/\/rheinhessen-imker.de\/wp-content\/uploads\/2018\/07\/Bienen_2018-07-04_18-53-55.jpg 750w, https:\/\/rheinhessen-imker.de\/wp-content\/uploads\/2018\/07\/Bienen_2018-07-04_18-53-55-416x555.jpg 416w, https:\/\/rheinhessen-imker.de\/wp-content\/uploads\/2018\/07\/Bienen_2018-07-04_18-53-55-225x300.jpg 225w, https:\/\/rheinhessen-imker.de\/wp-content\/uploads\/2018\/07\/Bienen_2018-07-04_18-53-55-700x933.jpg 700w\" width=\"101\" height=\"136\" loading=\"lazy\" data-original-width=\"101\" data-original-height=\"136\" itemprop=\"http:\/\/schema.org\/image\" title=\"Bienen_2018-07-04_18-53-55\" alt=\"Sonnenblumenfeld\" style=\"width: 101px; height: 136px;\" \/> <\/a> <div class=\"tiled-gallery-caption\" itemprop=\"caption description\"> Sonnenblumenfeld <\/div> <\/div> <\/div> <!-- close group --> <div class=\"gallery-group images-1\" style=\"width: 185px; height: 140px;\" data-original-width=\"185\" data-original-height=\"140\" > <div class=\"tiled-gallery-item tiled-gallery-item-small\" itemprop=\"associatedMedia\" itemscope itemtype=\"http:\/\/schema.org\/ImageObject\"> <a href=\"https:\/\/rheinhessen-imker.de\/?attachment_id=1467\" border=\"0\" itemprop=\"url\"> <meta itemprop=\"width\" content=\"181\"> <meta itemprop=\"height\" content=\"136\"> <img decoding=\"async\" class=\"\" data-attachment-id=\"1467\" data-orig-file=\"https:\/\/rheinhessen-imker.de\/wp-content\/uploads\/2018\/07\/Bienen_2018-07-04_18-53-37.jpg\" data-orig-size=\"1000,750\" data-comments-opened=\"1\" data-image-meta=\"{&quot;aperture&quot;:&quot;0&quot;,&quot;credit&quot;:&quot;&quot;,&quot;camera&quot;:&quot;&quot;,&quot;caption&quot;:&quot;&quot;,&quot;created_timestamp&quot;:&quot;0&quot;,&quot;copyright&quot;:&quot;Michael Gr\\u00fcger&quot;,&quot;focal_length&quot;:&quot;0&quot;,&quot;iso&quot;:&quot;0&quot;,&quot;shutter_speed&quot;:&quot;0&quot;,&quot;title&quot;:&quot;&quot;,&quot;orientation&quot;:&quot;0&quot;}\" data-image-title=\"Bienen_2018-07-04_18-53-37\" data-image-description=\"\" data-medium-file=\"https:\/\/rheinhessen-imker.de\/wp-content\/uploads\/2018\/07\/Bienen_2018-07-04_18-53-37-300x225.jpg\" data-large-file=\"https:\/\/rheinhessen-imker.de\/wp-content\/uploads\/2018\/07\/Bienen_2018-07-04_18-53-37.jpg\" src=\"https:\/\/i0.wp.com\/rheinhessen-imker.de\/wp-content\/uploads\/2018\/07\/Bienen_2018-07-04_18-53-37.jpg?w=181&#038;h=136&#038;ssl=1\" srcset=\"https:\/\/rheinhessen-imker.de\/wp-content\/uploads\/2018\/07\/Bienen_2018-07-04_18-53-37.jpg 1000w, https:\/\/rheinhessen-imker.de\/wp-content\/uploads\/2018\/07\/Bienen_2018-07-04_18-53-37-416x312.jpg 416w, https:\/\/rheinhessen-imker.de\/wp-content\/uploads\/2018\/07\/Bienen_2018-07-04_18-53-37-150x113.jpg 150w, https:\/\/rheinhessen-imker.de\/wp-content\/uploads\/2018\/07\/Bienen_2018-07-04_18-53-37-300x225.jpg 300w, https:\/\/rheinhessen-imker.de\/wp-content\/uploads\/2018\/07\/Bienen_2018-07-04_18-53-37-768x576.jpg 768w, https:\/\/rheinhessen-imker.de\/wp-content\/uploads\/2018\/07\/Bienen_2018-07-04_18-53-37-700x525.jpg 700w\" width=\"181\" height=\"136\" loading=\"lazy\" data-original-width=\"181\" data-original-height=\"136\" itemprop=\"http:\/\/schema.org\/image\" title=\"Bienen_2018-07-04_18-53-37\" alt=\"Sonnenblumenfeld\" style=\"width: 181px; height: 136px;\" \/> <\/a> <div class=\"tiled-gallery-caption\" itemprop=\"caption description\"> Sonnenblumenfeld <\/div> <\/div> <\/div> <!-- close group --> <\/div> <!-- close row --> <\/div>\n","protected":false},"excerpt":{"rendered":"<p>Heute haben wir ein Experiment gewagt: Wir sind mit einem Volk zu einem Sonnenblumenfeld gewandert. Bereits im Fr\u00fchjahr hat uns ein Landwirt\/Winzer kontaktiert und angefragt, ob wir Interesse h\u00e4tten Bienen zu seinen Sonnenblumen zu stellen. Es w\u00fcrde sich auch um die mit den &#8222;schwarzen&#8220; Kernen handeln. Diese Blumen honigen wohl, &#8230;<\/p>\n","protected":false},"author":1,"featured_media":1467,"comment_status":"open","ping_status":"closed","sticky":false,"template":"","format":"standard","meta":{"_jetpack_memberships_contains_paid_content":false,"footnotes":""},"categories":[7],"tags":[],"class_list":["post-1471","post","type-post","status-publish","format-standard","has-post-thumbnail","hentry","category-allgemein","column","twocol","has-thumbnail"],"jetpack_sharing_enabled":true,"jetpack_featured_media_url":"https:\/\/rheinhessen-imker.de\/wp-content\/uploads\/2018\/07\/Bienen_2018-07-04_18-53-37.jpg","jetpack_shortlink":"https:\/\/wp.me\/p5t9Ps-nJ","_links":{"self":[{"href":"https:\/\/rheinhessen-imker.de\/index.php?rest_route=\/wp\/v2\/posts\/1471","targetHints":{"allow":["GET"]}}],"collection":[{"href":"https:\/\/rheinhessen-imker.de\/index.php?rest_route=\/wp\/v2\/posts"}],"about":[{"href":"https:\/\/rheinhessen-imker.de\/index.php?rest_route=\/wp\/v2\/types\/post"}],"author":[{"embeddable":true,"href":"https:\/\/rheinhessen-imker.de\/index.php?rest_route=\/wp\/v2\/users\/1"}],"replies":[{"embeddable":true,"href":"https:\/\/rheinhessen-imker.de\/index.php?rest_route=%2Fwp%2Fv2%2Fcomments&post=1471"}],"version-history":[{"count":2,"href":"https:\/\/rheinhessen-imker.de\/index.php?rest_route=\/wp\/v2\/posts\/1471\/revisions"}],"predecessor-version":[{"id":1477,"href":"https:\/\/rheinhessen-imker.de\/index.php?rest_route=\/wp\/v2\/posts\/1471\/revisions\/1477"}],"wp:featuredmedia":[{"embeddable":true,"href":"https:\/\/rheinhessen-imker.de\/index.php?rest_route=\/wp\/v2\/media\/1467"}],"wp:attachment":[{"href":"https:\/\/rheinhessen-imker.de\/index.php?rest_route=%2Fwp%2Fv2%2Fmedia&parent=1471"}],"wp:term":[{"taxonomy":"category","embeddable":true,"href":"https:\/\/rheinhessen-imker.de\/index.php?rest_route=%2Fwp%2Fv2%2Fcategories&post=1471"},{"taxonomy":"post_tag","embeddable":true,"href":"https:\/\/rheinhessen-imker.de\/index.php?rest_route=%2Fwp%2Fv2%2Ftags&post=1471"}],"curies":[{"name":"wp","href":"https:\/\/api.w.org\/{rel}","templated":true}]}}