{"id":1478,"date":"2018-07-08T22:26:54","date_gmt":"2018-07-08T21:26:54","guid":{"rendered":"http:\/\/rheinhessen-imker.de\/?p=1478"},"modified":"2018-07-09T22:46:28","modified_gmt":"2018-07-09T21:46:28","slug":"trockenes-rheinhessen","status":"publish","type":"post","link":"https:\/\/rheinhessen-imker.de\/?p=1478","title":{"rendered":"Trockenes Rheinhessen"},"content":{"rendered":"<p>Rheinhessen ist trocken &#8211; seit mehreren Wochen hat es nicht mehr geregnet. Auf unserem Bienenstand sieht man das sehr deutlich, denn der Boden dort ist sehr sandig und speichert Regenwasser sowieso sehr schlecht. Die noch wenigen bl\u00fchenden Pflanzen produzieren daher \u00a0vermutlich wenig Nektar.<\/p>\n<p>Daher sind wir um so zufriedener mit den bisher guten Trachten des Jahres. Wir konnten \u00a0\u00fcberdurchschnittlich viel Honig ernten und die Bienen haben immer noch ausreichende Futtervorr\u00e4te (Honig und Pollen) in ihren Brutr\u00e4umen.<\/p>\n<p>Nun warten wir noch ab, ob wir auch in diesem Jahr wieder eine dunkle Sp\u00e4ttracht ernten k\u00f6nnen und dann ist die Honigsaision auch schon wieder vorbei.<\/p>\n<div class=\"tiled-gallery type-rectangular tiled-gallery-unresized\" data-original-width=\"660\" data-carousel-extra='{&quot;blog_id&quot;:1,&quot;permalink&quot;:&quot;https:\\\/\\\/rheinhessen-imker.de\\\/?p=1478&quot;,&quot;likes_blog_id&quot;:80830978}' itemscope itemtype=\"http:\/\/schema.org\/ImageGallery\" > <div class=\"gallery-row\" style=\"width: 660px; height: 331px;\" data-original-width=\"660\" data-original-height=\"331\" > <div class=\"gallery-group images-1\" style=\"width: 440px; height: 331px;\" data-original-width=\"440\" data-original-height=\"331\" > <div class=\"tiled-gallery-item tiled-gallery-item-large\" itemprop=\"associatedMedia\" itemscope itemtype=\"http:\/\/schema.org\/ImageObject\"> <a href=\"https:\/\/rheinhessen-imker.de\/?attachment_id=1482\" border=\"0\" itemprop=\"url\"> <meta itemprop=\"width\" content=\"436\"> <meta itemprop=\"height\" content=\"327\"> <img decoding=\"async\" class=\"\" data-attachment-id=\"1482\" data-orig-file=\"https:\/\/rheinhessen-imker.de\/wp-content\/uploads\/2018\/07\/Bienen_2018-07-08_15-18-19-2.jpg\" data-orig-size=\"1000,750\" data-comments-opened=\"1\" data-image-meta=\"{&quot;aperture&quot;:&quot;0&quot;,&quot;credit&quot;:&quot;&quot;,&quot;camera&quot;:&quot;&quot;,&quot;caption&quot;:&quot;&quot;,&quot;created_timestamp&quot;:&quot;0&quot;,&quot;copyright&quot;:&quot;Michael Gr\\u00fcger&quot;,&quot;focal_length&quot;:&quot;0&quot;,&quot;iso&quot;:&quot;0&quot;,&quot;shutter_speed&quot;:&quot;0&quot;,&quot;title&quot;:&quot;&quot;,&quot;orientation&quot;:&quot;0&quot;}\" data-image-title=\"Bienen_2018-07-08_15-18-19-2\" data-image-description=\"\" data-medium-file=\"https:\/\/rheinhessen-imker.de\/wp-content\/uploads\/2018\/07\/Bienen_2018-07-08_15-18-19-2-300x225.jpg\" data-large-file=\"https:\/\/rheinhessen-imker.de\/wp-content\/uploads\/2018\/07\/Bienen_2018-07-08_15-18-19-2.jpg\" src=\"https:\/\/i0.wp.com\/rheinhessen-imker.de\/wp-content\/uploads\/2018\/07\/Bienen_2018-07-08_15-18-19-2.jpg?w=436&#038;h=327&#038;ssl=1\" srcset=\"https:\/\/rheinhessen-imker.de\/wp-content\/uploads\/2018\/07\/Bienen_2018-07-08_15-18-19-2.jpg 1000w, https:\/\/rheinhessen-imker.de\/wp-content\/uploads\/2018\/07\/Bienen_2018-07-08_15-18-19-2-416x312.jpg 416w, https:\/\/rheinhessen-imker.de\/wp-content\/uploads\/2018\/07\/Bienen_2018-07-08_15-18-19-2-150x113.jpg 150w, https:\/\/rheinhessen-imker.de\/wp-content\/uploads\/2018\/07\/Bienen_2018-07-08_15-18-19-2-300x225.jpg 300w, https:\/\/rheinhessen-imker.de\/wp-content\/uploads\/2018\/07\/Bienen_2018-07-08_15-18-19-2-768x576.jpg 768w, https:\/\/rheinhessen-imker.de\/wp-content\/uploads\/2018\/07\/Bienen_2018-07-08_15-18-19-2-700x525.jpg 700w\" width=\"436\" height=\"327\" loading=\"lazy\" data-original-width=\"436\" data-original-height=\"327\" itemprop=\"http:\/\/schema.org\/image\" title=\"Bienen_2018-07-08_15-18-19-2\" alt=\"Pollenbrett\" style=\"width: 436px; height: 327px;\" \/> <\/a> <div class=\"tiled-gallery-caption\" itemprop=\"caption description\"> Pollenbrett <\/div> <\/div> <\/div> <!-- close group --> <div class=\"gallery-group images-2\" style=\"width: 220px; height: 331px;\" data-original-width=\"220\" data-original-height=\"331\" > <div class=\"tiled-gallery-item tiled-gallery-item-small\" itemprop=\"associatedMedia\" itemscope itemtype=\"http:\/\/schema.org\/ImageObject\"> <a href=\"https:\/\/rheinhessen-imker.de\/?attachment_id=1481\" border=\"0\" itemprop=\"url\"> <meta itemprop=\"width\" content=\"216\"> <meta itemprop=\"height\" content=\"162\"> <img decoding=\"async\" class=\"\" data-attachment-id=\"1481\" data-orig-file=\"https:\/\/rheinhessen-imker.de\/wp-content\/uploads\/2018\/07\/Bienen_2018-07-08_14-28-22.jpg\" data-orig-size=\"1000,750\" data-comments-opened=\"1\" data-image-meta=\"{&quot;aperture&quot;:&quot;0&quot;,&quot;credit&quot;:&quot;&quot;,&quot;camera&quot;:&quot;&quot;,&quot;caption&quot;:&quot;&quot;,&quot;created_timestamp&quot;:&quot;0&quot;,&quot;copyright&quot;:&quot;Michael Gr\\u00fcger&quot;,&quot;focal_length&quot;:&quot;0&quot;,&quot;iso&quot;:&quot;0&quot;,&quot;shutter_speed&quot;:&quot;0&quot;,&quot;title&quot;:&quot;&quot;,&quot;orientation&quot;:&quot;0&quot;}\" data-image-title=\"Bienen_2018-07-08_14-28-22\" data-image-description=\"\" data-medium-file=\"https:\/\/rheinhessen-imker.de\/wp-content\/uploads\/2018\/07\/Bienen_2018-07-08_14-28-22-300x225.jpg\" data-large-file=\"https:\/\/rheinhessen-imker.de\/wp-content\/uploads\/2018\/07\/Bienen_2018-07-08_14-28-22.jpg\" src=\"https:\/\/i0.wp.com\/rheinhessen-imker.de\/wp-content\/uploads\/2018\/07\/Bienen_2018-07-08_14-28-22.jpg?w=216&#038;h=162&#038;ssl=1\" srcset=\"https:\/\/rheinhessen-imker.de\/wp-content\/uploads\/2018\/07\/Bienen_2018-07-08_14-28-22.jpg 1000w, https:\/\/rheinhessen-imker.de\/wp-content\/uploads\/2018\/07\/Bienen_2018-07-08_14-28-22-416x312.jpg 416w, https:\/\/rheinhessen-imker.de\/wp-content\/uploads\/2018\/07\/Bienen_2018-07-08_14-28-22-150x113.jpg 150w, https:\/\/rheinhessen-imker.de\/wp-content\/uploads\/2018\/07\/Bienen_2018-07-08_14-28-22-300x225.jpg 300w, https:\/\/rheinhessen-imker.de\/wp-content\/uploads\/2018\/07\/Bienen_2018-07-08_14-28-22-768x576.jpg 768w, https:\/\/rheinhessen-imker.de\/wp-content\/uploads\/2018\/07\/Bienen_2018-07-08_14-28-22-700x525.jpg 700w\" width=\"216\" height=\"162\" loading=\"lazy\" data-original-width=\"216\" data-original-height=\"162\" itemprop=\"http:\/\/schema.org\/image\" title=\"Bienen_2018-07-08_14-28-22\" alt=\"verdorrtes Gras\" style=\"width: 216px; height: 162px;\" \/> <\/a> <div class=\"tiled-gallery-caption\" itemprop=\"caption description\"> verdorrtes Gras <\/div> <\/div> <div class=\"tiled-gallery-item tiled-gallery-item-small\" itemprop=\"associatedMedia\" itemscope itemtype=\"http:\/\/schema.org\/ImageObject\"> <a href=\"https:\/\/rheinhessen-imker.de\/?attachment_id=1480\" border=\"0\" itemprop=\"url\"> <meta itemprop=\"width\" content=\"216\"> <meta itemprop=\"height\" content=\"161\"> <img decoding=\"async\" class=\"\" data-attachment-id=\"1480\" data-orig-file=\"https:\/\/rheinhessen-imker.de\/wp-content\/uploads\/2018\/07\/Bienen_2018-07-08_14-25-50.jpg\" data-orig-size=\"1000,750\" data-comments-opened=\"1\" data-image-meta=\"{&quot;aperture&quot;:&quot;0&quot;,&quot;credit&quot;:&quot;&quot;,&quot;camera&quot;:&quot;&quot;,&quot;caption&quot;:&quot;&quot;,&quot;created_timestamp&quot;:&quot;0&quot;,&quot;copyright&quot;:&quot;Michael Gr\\u00fcger&quot;,&quot;focal_length&quot;:&quot;0&quot;,&quot;iso&quot;:&quot;0&quot;,&quot;shutter_speed&quot;:&quot;0&quot;,&quot;title&quot;:&quot;&quot;,&quot;orientation&quot;:&quot;0&quot;}\" data-image-title=\"Bienen_2018-07-08_14-25-50\" data-image-description=\"\" data-medium-file=\"https:\/\/rheinhessen-imker.de\/wp-content\/uploads\/2018\/07\/Bienen_2018-07-08_14-25-50-300x225.jpg\" data-large-file=\"https:\/\/rheinhessen-imker.de\/wp-content\/uploads\/2018\/07\/Bienen_2018-07-08_14-25-50.jpg\" src=\"https:\/\/i0.wp.com\/rheinhessen-imker.de\/wp-content\/uploads\/2018\/07\/Bienen_2018-07-08_14-25-50.jpg?w=216&#038;h=161&#038;ssl=1\" srcset=\"https:\/\/rheinhessen-imker.de\/wp-content\/uploads\/2018\/07\/Bienen_2018-07-08_14-25-50.jpg 1000w, https:\/\/rheinhessen-imker.de\/wp-content\/uploads\/2018\/07\/Bienen_2018-07-08_14-25-50-416x312.jpg 416w, https:\/\/rheinhessen-imker.de\/wp-content\/uploads\/2018\/07\/Bienen_2018-07-08_14-25-50-150x113.jpg 150w, https:\/\/rheinhessen-imker.de\/wp-content\/uploads\/2018\/07\/Bienen_2018-07-08_14-25-50-300x225.jpg 300w, https:\/\/rheinhessen-imker.de\/wp-content\/uploads\/2018\/07\/Bienen_2018-07-08_14-25-50-768x576.jpg 768w, https:\/\/rheinhessen-imker.de\/wp-content\/uploads\/2018\/07\/Bienen_2018-07-08_14-25-50-700x525.jpg 700w\" width=\"216\" height=\"161\" loading=\"lazy\" data-original-width=\"216\" data-original-height=\"161\" itemprop=\"http:\/\/schema.org\/image\" title=\"Bienen_2018-07-08_14-25-50\" alt=\"vertrocknetes Gras am Bienenstand.\" style=\"width: 216px; height: 161px;\" \/> <\/a> <div class=\"tiled-gallery-caption\" itemprop=\"caption description\"> vertrocknetes Gras am Bienenstand. <\/div> <\/div> <\/div> <!-- close group --> <\/div> <!-- close row --> <\/div>\n","protected":false},"excerpt":{"rendered":"<p>Rheinhessen ist trocken &#8211; seit mehreren Wochen hat es nicht mehr geregnet. Auf unserem Bienenstand sieht man das sehr deutlich, denn der Boden dort ist sehr sandig und speichert Regenwasser sowieso sehr schlecht. Die noch wenigen bl\u00fchenden Pflanzen produzieren daher \u00a0vermutlich wenig Nektar. Daher sind wir um so zufriedener mit &#8230;<\/p>\n","protected":false},"author":1,"featured_media":1481,"comment_status":"open","ping_status":"closed","sticky":false,"template":"","format":"standard","meta":{"_jetpack_memberships_contains_paid_content":false,"footnotes":""},"categories":[7],"tags":[],"class_list":["post-1478","post","type-post","status-publish","format-standard","has-post-thumbnail","hentry","category-allgemein","column","twocol","has-thumbnail"],"jetpack_sharing_enabled":true,"jetpack_featured_media_url":"https:\/\/rheinhessen-imker.de\/wp-content\/uploads\/2018\/07\/Bienen_2018-07-08_14-28-22.jpg","jetpack_shortlink":"https:\/\/wp.me\/p5t9Ps-nQ","_links":{"self":[{"href":"https:\/\/rheinhessen-imker.de\/index.php?rest_route=\/wp\/v2\/posts\/1478","targetHints":{"allow":["GET"]}}],"collection":[{"href":"https:\/\/rheinhessen-imker.de\/index.php?rest_route=\/wp\/v2\/posts"}],"about":[{"href":"https:\/\/rheinhessen-imker.de\/index.php?rest_route=\/wp\/v2\/types\/post"}],"author":[{"embeddable":true,"href":"https:\/\/rheinhessen-imker.de\/index.php?rest_route=\/wp\/v2\/users\/1"}],"replies":[{"embeddable":true,"href":"https:\/\/rheinhessen-imker.de\/index.php?rest_route=%2Fwp%2Fv2%2Fcomments&post=1478"}],"version-history":[{"count":1,"href":"https:\/\/rheinhessen-imker.de\/index.php?rest_route=\/wp\/v2\/posts\/1478\/revisions"}],"predecessor-version":[{"id":1483,"href":"https:\/\/rheinhessen-imker.de\/index.php?rest_route=\/wp\/v2\/posts\/1478\/revisions\/1483"}],"wp:featuredmedia":[{"embeddable":true,"href":"https:\/\/rheinhessen-imker.de\/index.php?rest_route=\/wp\/v2\/media\/1481"}],"wp:attachment":[{"href":"https:\/\/rheinhessen-imker.de\/index.php?rest_route=%2Fwp%2Fv2%2Fmedia&parent=1478"}],"wp:term":[{"taxonomy":"category","embeddable":true,"href":"https:\/\/rheinhessen-imker.de\/index.php?rest_route=%2Fwp%2Fv2%2Fcategories&post=1478"},{"taxonomy":"post_tag","embeddable":true,"href":"https:\/\/rheinhessen-imker.de\/index.php?rest_route=%2Fwp%2Fv2%2Ftags&post=1478"}],"curies":[{"name":"wp","href":"https:\/\/api.w.org\/{rel}","templated":true}]}}