{"id":1537,"date":"2018-08-12T23:09:18","date_gmt":"2018-08-12T22:09:18","guid":{"rendered":"http:\/\/rheinhessen-imker.de\/?p=1537"},"modified":"2018-08-12T23:09:18","modified_gmt":"2018-08-12T22:09:18","slug":"abschleudern-saisonende","status":"publish","type":"post","link":"https:\/\/rheinhessen-imker.de\/?p=1537","title":{"rendered":"Abschleudern \/ Saisonende"},"content":{"rendered":"<p>Heute war es dann soweit: Wir haben abgeschleudert, also das letzte Mal in diesem Jahr von einem Volk Honig geerntet.<\/p>\n<p>Es war gar nicht so einfach, denn der Honig war extrem trocken und damit dickfl\u00fcssig. Er war nur sehr laaaaaangsam dazu bereit, aus der Schleuder ins Sieb zu flie\u00dfen&#8230; Mit dem Refraktometer haben wir niedrige 14,2 % Wassergehalt gemessen (\u00fcblich sind ungef\u00e4hr zwischen 16 und 18%). Aber gelohnt hat sich die M\u00fche, dieser Honig schmeckt sch\u00f6n intensiv und hat noch einen deutlichen Lindeneinschlag.<\/p>\n<p>Insgesamt liegt wieder eine Interessante und abwechslungsreiche Saison hinter uns: Die beiden Ernten im Fr\u00fchjahr und im Fr\u00fchsommer waren ausgesprochen gut, fast \u00fcberdurchschnittlich. Im weiteren Jahresverlauf war es jedoch sehr trocken. Folglich haben die Bienen auch weniger Nektar gefunden.<\/p>\n<p>Zwei Honige haben wir zur Analyse geschickt. Der Erste aus der ersten Ernte. Dieser war ungew\u00f6hnlich, weil er entgegen unserer Erfahrungen aus den Vorjahren nicht schnell kristallisierte, sondern (bis heute) klar und fl\u00fcssig blieb. Wir tippten wegen dieses Verhaltens und auch wegen des milden harmonischen Geschmacks auf eine Pr\u00e4gung durch Akazie\/Rubine. Die war laut Analyse auch drin, aber in geringeren Mengen als wir dachten. Der Raps hat in der Pollenanalyse sogar \u00fcberwogen. \u00dcblicherweise ist ein hoher Rapsanteil ein Garant daf\u00fcr, dass ein Honig schnell auskristallisieren wird. Die Sortenempfehlung (basierend auf der Pollenanalyse und einer Geschmackspr\u00fcfung) des <a href=\"http:\/\/www.bienenkunde.rlp.de\/\">Bieneninstitutes Mayen <\/a>war &#8222;Bl\u00fctenhonig&#8220;.<\/p>\n<p>Die zweite Analyse haben wir dann von unserem Sommerhonig machen lassen. Auch hier hatten wir eine \u00fcberraschende Sortenempfehlung: &#8222;Sommertracht mit G\u00f6tterbaum&#8220;. Der Anteil der G\u00f6tterbaumpollen liegt bei 55 %, und, f\u00fcr die Sortenempfehlung noch wichtiger: in der Geschmackspr\u00fcfung war das typische Aroma zu erkennen.<\/p>\n<p>Nun steht &#8222;nur noch&#8220; das Einf\u00fcttern der Bienenv\u00f6lker und die Behandlung gegen die Varoa-Milbe und das Umweiseln des ein oder anderen Volkes auf dem Programm und schon beginnt die &#8222;Winterpause&#8220;&#8230;<\/p>\n<div class=\"tiled-gallery type-rectangular tiled-gallery-unresized\" data-original-width=\"660\" data-carousel-extra='{&quot;blog_id&quot;:1,&quot;permalink&quot;:&quot;https:\\\/\\\/rheinhessen-imker.de\\\/?p=1537&quot;,&quot;likes_blog_id&quot;:80830978}' itemscope itemtype=\"http:\/\/schema.org\/ImageGallery\" > <div class=\"gallery-row\" style=\"width: 660px; height: 331px;\" data-original-width=\"660\" data-original-height=\"331\" > <div class=\"gallery-group images-1\" style=\"width: 440px; height: 331px;\" data-original-width=\"440\" data-original-height=\"331\" > <div class=\"tiled-gallery-item tiled-gallery-item-large\" itemprop=\"associatedMedia\" itemscope itemtype=\"http:\/\/schema.org\/ImageObject\"> <a href=\"https:\/\/rheinhessen-imker.de\/?attachment_id=1533\" border=\"0\" itemprop=\"url\"> <meta itemprop=\"width\" content=\"436\"> <meta itemprop=\"height\" content=\"327\"> <img decoding=\"async\" class=\"\" data-attachment-id=\"1533\" data-orig-file=\"https:\/\/rheinhessen-imker.de\/wp-content\/uploads\/2018\/08\/Bienen_2018-08-12_21-52-03.jpg\" data-orig-size=\"1000,750\" data-comments-opened=\"1\" data-image-meta=\"{&quot;aperture&quot;:&quot;0&quot;,&quot;credit&quot;:&quot;&quot;,&quot;camera&quot;:&quot;&quot;,&quot;caption&quot;:&quot;&quot;,&quot;created_timestamp&quot;:&quot;0&quot;,&quot;copyright&quot;:&quot;Michael Gr\\u00fcger&quot;,&quot;focal_length&quot;:&quot;0&quot;,&quot;iso&quot;:&quot;0&quot;,&quot;shutter_speed&quot;:&quot;0&quot;,&quot;title&quot;:&quot;&quot;,&quot;orientation&quot;:&quot;0&quot;}\" data-image-title=\"Bienen_2018-08-12_21-52-03\" data-image-description=\"\" data-medium-file=\"https:\/\/rheinhessen-imker.de\/wp-content\/uploads\/2018\/08\/Bienen_2018-08-12_21-52-03-300x225.jpg\" data-large-file=\"https:\/\/rheinhessen-imker.de\/wp-content\/uploads\/2018\/08\/Bienen_2018-08-12_21-52-03.jpg\" src=\"https:\/\/i0.wp.com\/rheinhessen-imker.de\/wp-content\/uploads\/2018\/08\/Bienen_2018-08-12_21-52-03.jpg?w=436&#038;h=327&#038;ssl=1\" srcset=\"https:\/\/rheinhessen-imker.de\/wp-content\/uploads\/2018\/08\/Bienen_2018-08-12_21-52-03.jpg 1000w, https:\/\/rheinhessen-imker.de\/wp-content\/uploads\/2018\/08\/Bienen_2018-08-12_21-52-03-150x113.jpg 150w, https:\/\/rheinhessen-imker.de\/wp-content\/uploads\/2018\/08\/Bienen_2018-08-12_21-52-03-300x225.jpg 300w, https:\/\/rheinhessen-imker.de\/wp-content\/uploads\/2018\/08\/Bienen_2018-08-12_21-52-03-768x576.jpg 768w, https:\/\/rheinhessen-imker.de\/wp-content\/uploads\/2018\/08\/Bienen_2018-08-12_21-52-03-700x525.jpg 700w\" width=\"436\" height=\"327\" loading=\"lazy\" data-original-width=\"436\" data-original-height=\"327\" itemprop=\"http:\/\/schema.org\/image\" title=\"Bienen_2018-08-12_21-52-03\" alt=\"Ein Blick in das Refraktometer\" style=\"width: 436px; height: 327px;\" \/> <\/a> <div class=\"tiled-gallery-caption\" itemprop=\"caption description\"> Ein Blick in das Refraktometer <\/div> <\/div> <\/div> <!-- close group --> <div class=\"gallery-group images-2\" style=\"width: 220px; height: 331px;\" data-original-width=\"220\" data-original-height=\"331\" > <div class=\"tiled-gallery-item tiled-gallery-item-small\" itemprop=\"associatedMedia\" itemscope itemtype=\"http:\/\/schema.org\/ImageObject\"> <a href=\"https:\/\/rheinhessen-imker.de\/?attachment_id=1534\" border=\"0\" itemprop=\"url\"> <meta itemprop=\"width\" content=\"216\"> <meta itemprop=\"height\" content=\"162\"> <img decoding=\"async\" class=\"\" data-attachment-id=\"1534\" data-orig-file=\"https:\/\/rheinhessen-imker.de\/wp-content\/uploads\/2018\/08\/Bienen_2018-08-12_21-56-57.jpg\" data-orig-size=\"1000,750\" data-comments-opened=\"1\" data-image-meta=\"{&quot;aperture&quot;:&quot;0&quot;,&quot;credit&quot;:&quot;&quot;,&quot;camera&quot;:&quot;&quot;,&quot;caption&quot;:&quot;&quot;,&quot;created_timestamp&quot;:&quot;0&quot;,&quot;copyright&quot;:&quot;Michael Gr\\u00fcger&quot;,&quot;focal_length&quot;:&quot;0&quot;,&quot;iso&quot;:&quot;0&quot;,&quot;shutter_speed&quot;:&quot;0&quot;,&quot;title&quot;:&quot;&quot;,&quot;orientation&quot;:&quot;0&quot;}\" data-image-title=\"Bienen_2018-08-12_21-56-57\" data-image-description=\"\" data-medium-file=\"https:\/\/rheinhessen-imker.de\/wp-content\/uploads\/2018\/08\/Bienen_2018-08-12_21-56-57-300x225.jpg\" data-large-file=\"https:\/\/rheinhessen-imker.de\/wp-content\/uploads\/2018\/08\/Bienen_2018-08-12_21-56-57.jpg\" src=\"https:\/\/i0.wp.com\/rheinhessen-imker.de\/wp-content\/uploads\/2018\/08\/Bienen_2018-08-12_21-56-57.jpg?w=216&#038;h=162&#038;ssl=1\" srcset=\"https:\/\/rheinhessen-imker.de\/wp-content\/uploads\/2018\/08\/Bienen_2018-08-12_21-56-57.jpg 1000w, https:\/\/rheinhessen-imker.de\/wp-content\/uploads\/2018\/08\/Bienen_2018-08-12_21-56-57-150x113.jpg 150w, https:\/\/rheinhessen-imker.de\/wp-content\/uploads\/2018\/08\/Bienen_2018-08-12_21-56-57-300x225.jpg 300w, https:\/\/rheinhessen-imker.de\/wp-content\/uploads\/2018\/08\/Bienen_2018-08-12_21-56-57-768x576.jpg 768w, https:\/\/rheinhessen-imker.de\/wp-content\/uploads\/2018\/08\/Bienen_2018-08-12_21-56-57-700x525.jpg 700w\" width=\"216\" height=\"162\" loading=\"lazy\" data-original-width=\"216\" data-original-height=\"162\" itemprop=\"http:\/\/schema.org\/image\" title=\"Bienen_2018-08-12_21-56-57\" alt=\"Perfektes Deckelwachs\" style=\"width: 216px; height: 162px;\" \/> <\/a> <div class=\"tiled-gallery-caption\" itemprop=\"caption description\"> Perfektes Deckelwachs <\/div> <\/div> <div class=\"tiled-gallery-item tiled-gallery-item-small\" itemprop=\"associatedMedia\" itemscope itemtype=\"http:\/\/schema.org\/ImageObject\"> <a href=\"https:\/\/rheinhessen-imker.de\/?attachment_id=1535\" border=\"0\" itemprop=\"url\"> <meta itemprop=\"width\" content=\"216\"> <meta itemprop=\"height\" content=\"161\"> <img decoding=\"async\" class=\"\" data-attachment-id=\"1535\" data-orig-file=\"https:\/\/rheinhessen-imker.de\/wp-content\/uploads\/2018\/08\/Bienen_2018-08-12_21-59-08.jpg\" data-orig-size=\"1000,750\" data-comments-opened=\"1\" data-image-meta=\"{&quot;aperture&quot;:&quot;0&quot;,&quot;credit&quot;:&quot;&quot;,&quot;camera&quot;:&quot;&quot;,&quot;caption&quot;:&quot;&quot;,&quot;created_timestamp&quot;:&quot;0&quot;,&quot;copyright&quot;:&quot;Michael Gr\\u00fcger&quot;,&quot;focal_length&quot;:&quot;0&quot;,&quot;iso&quot;:&quot;0&quot;,&quot;shutter_speed&quot;:&quot;0&quot;,&quot;title&quot;:&quot;&quot;,&quot;orientation&quot;:&quot;0&quot;}\" data-image-title=\"Bienen_2018-08-12_21-59-08\" data-image-description=\"\" data-medium-file=\"https:\/\/rheinhessen-imker.de\/wp-content\/uploads\/2018\/08\/Bienen_2018-08-12_21-59-08-300x225.jpg\" data-large-file=\"https:\/\/rheinhessen-imker.de\/wp-content\/uploads\/2018\/08\/Bienen_2018-08-12_21-59-08.jpg\" src=\"https:\/\/i0.wp.com\/rheinhessen-imker.de\/wp-content\/uploads\/2018\/08\/Bienen_2018-08-12_21-59-08.jpg?w=216&#038;h=161&#038;ssl=1\" srcset=\"https:\/\/rheinhessen-imker.de\/wp-content\/uploads\/2018\/08\/Bienen_2018-08-12_21-59-08.jpg 1000w, https:\/\/rheinhessen-imker.de\/wp-content\/uploads\/2018\/08\/Bienen_2018-08-12_21-59-08-150x113.jpg 150w, https:\/\/rheinhessen-imker.de\/wp-content\/uploads\/2018\/08\/Bienen_2018-08-12_21-59-08-300x225.jpg 300w, https:\/\/rheinhessen-imker.de\/wp-content\/uploads\/2018\/08\/Bienen_2018-08-12_21-59-08-768x576.jpg 768w, https:\/\/rheinhessen-imker.de\/wp-content\/uploads\/2018\/08\/Bienen_2018-08-12_21-59-08-700x525.jpg 700w\" width=\"216\" height=\"161\" loading=\"lazy\" data-original-width=\"216\" data-original-height=\"161\" itemprop=\"http:\/\/schema.org\/image\" title=\"Bienen_2018-08-12_21-59-08\" alt=\"Die sogenannten &quot;Treppchen&quot; beim Schleudern\" style=\"width: 216px; height: 161px;\" \/> <\/a> <div class=\"tiled-gallery-caption\" itemprop=\"caption description\"> Die sogenannten &#8222;Treppchen&#8220; beim Schleudern <\/div> <\/div> <\/div> <!-- close group --> <\/div> <!-- close row --> <div class=\"gallery-row\" style=\"width: 660px; height: 496px;\" data-original-width=\"660\" data-original-height=\"496\" > <div class=\"gallery-group images-1\" style=\"width: 660px; height: 496px;\" data-original-width=\"660\" data-original-height=\"496\" > <div class=\"tiled-gallery-item tiled-gallery-item-large\" itemprop=\"associatedMedia\" itemscope itemtype=\"http:\/\/schema.org\/ImageObject\"> <a href=\"https:\/\/rheinhessen-imker.de\/?attachment_id=1536\" border=\"0\" itemprop=\"url\"> <meta itemprop=\"width\" content=\"656\"> <meta itemprop=\"height\" content=\"492\"> <img decoding=\"async\" class=\"\" data-attachment-id=\"1536\" data-orig-file=\"https:\/\/rheinhessen-imker.de\/wp-content\/uploads\/2018\/08\/Bienen_2018-08-12_21-59-26.jpg\" data-orig-size=\"1000,750\" data-comments-opened=\"1\" data-image-meta=\"{&quot;aperture&quot;:&quot;0&quot;,&quot;credit&quot;:&quot;&quot;,&quot;camera&quot;:&quot;&quot;,&quot;caption&quot;:&quot;&quot;,&quot;created_timestamp&quot;:&quot;0&quot;,&quot;copyright&quot;:&quot;Michael Gr\\u00fcger&quot;,&quot;focal_length&quot;:&quot;0&quot;,&quot;iso&quot;:&quot;0&quot;,&quot;shutter_speed&quot;:&quot;0&quot;,&quot;title&quot;:&quot;&quot;,&quot;orientation&quot;:&quot;0&quot;}\" data-image-title=\"Bienen_2018-08-12_21-59-26\" data-image-description=\"\" data-medium-file=\"https:\/\/rheinhessen-imker.de\/wp-content\/uploads\/2018\/08\/Bienen_2018-08-12_21-59-26-300x225.jpg\" data-large-file=\"https:\/\/rheinhessen-imker.de\/wp-content\/uploads\/2018\/08\/Bienen_2018-08-12_21-59-26.jpg\" src=\"https:\/\/i0.wp.com\/rheinhessen-imker.de\/wp-content\/uploads\/2018\/08\/Bienen_2018-08-12_21-59-26.jpg?w=656&#038;h=492&#038;ssl=1\" srcset=\"https:\/\/rheinhessen-imker.de\/wp-content\/uploads\/2018\/08\/Bienen_2018-08-12_21-59-26.jpg 1000w, https:\/\/rheinhessen-imker.de\/wp-content\/uploads\/2018\/08\/Bienen_2018-08-12_21-59-26-150x113.jpg 150w, https:\/\/rheinhessen-imker.de\/wp-content\/uploads\/2018\/08\/Bienen_2018-08-12_21-59-26-300x225.jpg 300w, https:\/\/rheinhessen-imker.de\/wp-content\/uploads\/2018\/08\/Bienen_2018-08-12_21-59-26-768x576.jpg 768w, https:\/\/rheinhessen-imker.de\/wp-content\/uploads\/2018\/08\/Bienen_2018-08-12_21-59-26-700x525.jpg 700w\" width=\"656\" height=\"492\" loading=\"lazy\" data-original-width=\"656\" data-original-height=\"492\" itemprop=\"http:\/\/schema.org\/image\" title=\"Bienen_2018-08-12_21-59-26\" alt=\"Imkergold mit &quot;Treppchen&quot;\" style=\"width: 656px; height: 492px;\" \/> <\/a> <div class=\"tiled-gallery-caption\" itemprop=\"caption description\"> Imkergold mit &#8222;Treppchen&#8220; <\/div> <\/div> <\/div> <!-- close group --> <\/div> <!-- close row --> <\/div>\n","protected":false},"excerpt":{"rendered":"<p>Heute war es dann soweit: Wir haben abgeschleudert, also das letzte Mal in diesem Jahr von einem Volk Honig geerntet. Es war gar nicht so einfach, denn der Honig war extrem trocken und damit dickfl\u00fcssig. Er war nur sehr laaaaaangsam dazu bereit, aus der Schleuder ins Sieb zu flie\u00dfen&#8230; Mit &#8230;<\/p>\n","protected":false},"author":1,"featured_media":1536,"comment_status":"open","ping_status":"closed","sticky":false,"template":"","format":"standard","meta":{"_jetpack_memberships_contains_paid_content":false,"footnotes":""},"categories":[7],"tags":[],"class_list":["post-1537","post","type-post","status-publish","format-standard","has-post-thumbnail","hentry","category-allgemein","column","twocol","has-thumbnail"],"jetpack_sharing_enabled":true,"jetpack_featured_media_url":"https:\/\/rheinhessen-imker.de\/wp-content\/uploads\/2018\/08\/Bienen_2018-08-12_21-59-26.jpg","jetpack_shortlink":"https:\/\/wp.me\/p5t9Ps-oN","_links":{"self":[{"href":"https:\/\/rheinhessen-imker.de\/index.php?rest_route=\/wp\/v2\/posts\/1537","targetHints":{"allow":["GET"]}}],"collection":[{"href":"https:\/\/rheinhessen-imker.de\/index.php?rest_route=\/wp\/v2\/posts"}],"about":[{"href":"https:\/\/rheinhessen-imker.de\/index.php?rest_route=\/wp\/v2\/types\/post"}],"author":[{"embeddable":true,"href":"https:\/\/rheinhessen-imker.de\/index.php?rest_route=\/wp\/v2\/users\/1"}],"replies":[{"embeddable":true,"href":"https:\/\/rheinhessen-imker.de\/index.php?rest_route=%2Fwp%2Fv2%2Fcomments&post=1537"}],"version-history":[{"count":3,"href":"https:\/\/rheinhessen-imker.de\/index.php?rest_route=\/wp\/v2\/posts\/1537\/revisions"}],"predecessor-version":[{"id":1540,"href":"https:\/\/rheinhessen-imker.de\/index.php?rest_route=\/wp\/v2\/posts\/1537\/revisions\/1540"}],"wp:featuredmedia":[{"embeddable":true,"href":"https:\/\/rheinhessen-imker.de\/index.php?rest_route=\/wp\/v2\/media\/1536"}],"wp:attachment":[{"href":"https:\/\/rheinhessen-imker.de\/index.php?rest_route=%2Fwp%2Fv2%2Fmedia&parent=1537"}],"wp:term":[{"taxonomy":"category","embeddable":true,"href":"https:\/\/rheinhessen-imker.de\/index.php?rest_route=%2Fwp%2Fv2%2Fcategories&post=1537"},{"taxonomy":"post_tag","embeddable":true,"href":"https:\/\/rheinhessen-imker.de\/index.php?rest_route=%2Fwp%2Fv2%2Ftags&post=1537"}],"curies":[{"name":"wp","href":"https:\/\/api.w.org\/{rel}","templated":true}]}}