{"id":1554,"date":"2018-10-05T21:47:33","date_gmt":"2018-10-05T20:47:33","guid":{"rendered":"http:\/\/rheinhessen-imker.de\/?p=1554"},"modified":"2018-11-13T22:06:56","modified_gmt":"2018-11-13T21:06:56","slug":"erntedankfest-in-heidesheim","status":"publish","type":"post","link":"https:\/\/rheinhessen-imker.de\/?p=1554","title":{"rendered":"Erntedankfest in Heidesheim"},"content":{"rendered":"<p>Wenn m\u00f6glich, haben wir in den vergangenen Jahren immer gerne das gro\u00dfe traditionelle Erntedankfest in Heidesheim besucht. Das Dorf ist daf\u00fcr wundersch\u00f6n geschm\u00fcckt, der Festumzug ist prunkvoll und vielf\u00e4ltig und auch das &#8222;Drumherum&#8220; ist sehr sehenswert.<\/p>\n<p>Dieses Jahr hatten wir das Gl\u00fcck, von einem befreundeten Imker gefragt zu werden, ob wir nicht mit ihm einen Honigverkaufsstand in der Markthalle betreiben wollten. Und nat\u00fcrlich wollten wir !<\/p>\n<p>In der sch\u00f6nen Markthalle mit seiner Obstausstellung war unser Verkaufsstand genau richtig positioniert. F\u00fcr uns war es ein tolles Wochenende mit vielen interessanten Gespr\u00e4chen (nicht nur) rund um den Honig. Wir hatten von der Fr\u00fchlingsbl\u00fcte \u00fcber 2 unterschiedliche Sommerhonige und eine dunkle Sp\u00e4ttracht das ganze &#8222;Honigjahr&#8220; unseres Heidesheimer Bienengrundst\u00fcckes dabei &#8211; es wurde flei\u00dfig probiert und verglichen, und es kam sehr gut an, dass es wirklich lokaler Heidesheimer Honig war.<\/p>\n<p>Wir konnten auch einige neue Kontakte zu den Landwirten rund um Heidesheim kn\u00fcpfen, und hatten richtig viel Spa\u00df an dieser f\u00fcr uns neuen Perspektive des Erntedankfestes.<\/p>\n<div class=\"tiled-gallery type-rectangular tiled-gallery-unresized\" data-original-width=\"660\" data-carousel-extra='{&quot;blog_id&quot;:1,&quot;permalink&quot;:&quot;https:\\\/\\\/rheinhessen-imker.de\\\/?p=1554&quot;,&quot;likes_blog_id&quot;:80830978}' itemscope itemtype=\"http:\/\/schema.org\/ImageGallery\" > <div class=\"gallery-row\" style=\"width: 660px; height: 331px;\" data-original-width=\"660\" data-original-height=\"331\" > <div class=\"gallery-group images-1\" style=\"width: 440px; height: 331px;\" data-original-width=\"440\" data-original-height=\"331\" > <div class=\"tiled-gallery-item tiled-gallery-item-large\" itemprop=\"associatedMedia\" itemscope itemtype=\"http:\/\/schema.org\/ImageObject\"> <a href=\"https:\/\/rheinhessen-imker.de\/?attachment_id=1549\" border=\"0\" itemprop=\"url\"> <meta itemprop=\"width\" content=\"436\"> <meta itemprop=\"height\" content=\"327\"> <img decoding=\"async\" class=\"\" data-attachment-id=\"1549\" data-orig-file=\"https:\/\/rheinhessen-imker.de\/wp-content\/uploads\/2018\/11\/Erntedankfest-Heidesheim_2018-10-07_10-08-56.jpg\" data-orig-size=\"1000,750\" data-comments-opened=\"1\" data-image-meta=\"{&quot;aperture&quot;:&quot;0&quot;,&quot;credit&quot;:&quot;&quot;,&quot;camera&quot;:&quot;&quot;,&quot;caption&quot;:&quot;&quot;,&quot;created_timestamp&quot;:&quot;0&quot;,&quot;copyright&quot;:&quot;Michael Gr\\u00fcger&quot;,&quot;focal_length&quot;:&quot;0&quot;,&quot;iso&quot;:&quot;0&quot;,&quot;shutter_speed&quot;:&quot;0&quot;,&quot;title&quot;:&quot;&quot;,&quot;orientation&quot;:&quot;0&quot;}\" data-image-title=\"Erntedankfest-Heidesheim_2018-10-07_10-08-56\" data-image-description=\"\" data-medium-file=\"https:\/\/rheinhessen-imker.de\/wp-content\/uploads\/2018\/11\/Erntedankfest-Heidesheim_2018-10-07_10-08-56-300x225.jpg\" data-large-file=\"https:\/\/rheinhessen-imker.de\/wp-content\/uploads\/2018\/11\/Erntedankfest-Heidesheim_2018-10-07_10-08-56.jpg\" src=\"https:\/\/i0.wp.com\/rheinhessen-imker.de\/wp-content\/uploads\/2018\/11\/Erntedankfest-Heidesheim_2018-10-07_10-08-56.jpg?w=436&#038;h=327&#038;ssl=1\" srcset=\"https:\/\/rheinhessen-imker.de\/wp-content\/uploads\/2018\/11\/Erntedankfest-Heidesheim_2018-10-07_10-08-56.jpg 1000w, https:\/\/rheinhessen-imker.de\/wp-content\/uploads\/2018\/11\/Erntedankfest-Heidesheim_2018-10-07_10-08-56-150x113.jpg 150w, https:\/\/rheinhessen-imker.de\/wp-content\/uploads\/2018\/11\/Erntedankfest-Heidesheim_2018-10-07_10-08-56-300x225.jpg 300w, https:\/\/rheinhessen-imker.de\/wp-content\/uploads\/2018\/11\/Erntedankfest-Heidesheim_2018-10-07_10-08-56-768x576.jpg 768w, https:\/\/rheinhessen-imker.de\/wp-content\/uploads\/2018\/11\/Erntedankfest-Heidesheim_2018-10-07_10-08-56-700x525.jpg 700w\" width=\"436\" height=\"327\" loading=\"lazy\" data-original-width=\"436\" data-original-height=\"327\" itemprop=\"http:\/\/schema.org\/image\" title=\"Erntedankfest-Heidesheim_2018-10-07_10-08-56\" alt=\"Erntedankfest-Heidesheim_2018-10-07_10-08-56\" style=\"width: 436px; height: 327px;\" \/> <\/a> <\/div> <\/div> <!-- close group --> <div class=\"gallery-group images-2\" style=\"width: 220px; height: 331px;\" data-original-width=\"220\" data-original-height=\"331\" > <div class=\"tiled-gallery-item tiled-gallery-item-small\" itemprop=\"associatedMedia\" itemscope itemtype=\"http:\/\/schema.org\/ImageObject\"> <a href=\"https:\/\/rheinhessen-imker.de\/?attachment_id=1550\" border=\"0\" itemprop=\"url\"> <meta itemprop=\"width\" content=\"216\"> <meta itemprop=\"height\" content=\"162\"> <img decoding=\"async\" class=\"\" data-attachment-id=\"1550\" data-orig-file=\"https:\/\/rheinhessen-imker.de\/wp-content\/uploads\/2018\/11\/Erntedankfest-Heidesheim_2018-10-07_10-09-05.jpg\" data-orig-size=\"1000,750\" data-comments-opened=\"1\" data-image-meta=\"{&quot;aperture&quot;:&quot;0&quot;,&quot;credit&quot;:&quot;&quot;,&quot;camera&quot;:&quot;&quot;,&quot;caption&quot;:&quot;&quot;,&quot;created_timestamp&quot;:&quot;0&quot;,&quot;copyright&quot;:&quot;Michael Gr\\u00fcger&quot;,&quot;focal_length&quot;:&quot;0&quot;,&quot;iso&quot;:&quot;0&quot;,&quot;shutter_speed&quot;:&quot;0&quot;,&quot;title&quot;:&quot;&quot;,&quot;orientation&quot;:&quot;0&quot;}\" data-image-title=\"Erntedankfest-Heidesheim_2018-10-07_10-09-05\" data-image-description=\"\" data-medium-file=\"https:\/\/rheinhessen-imker.de\/wp-content\/uploads\/2018\/11\/Erntedankfest-Heidesheim_2018-10-07_10-09-05-300x225.jpg\" data-large-file=\"https:\/\/rheinhessen-imker.de\/wp-content\/uploads\/2018\/11\/Erntedankfest-Heidesheim_2018-10-07_10-09-05.jpg\" src=\"https:\/\/i0.wp.com\/rheinhessen-imker.de\/wp-content\/uploads\/2018\/11\/Erntedankfest-Heidesheim_2018-10-07_10-09-05.jpg?w=216&#038;h=162&#038;ssl=1\" srcset=\"https:\/\/rheinhessen-imker.de\/wp-content\/uploads\/2018\/11\/Erntedankfest-Heidesheim_2018-10-07_10-09-05.jpg 1000w, https:\/\/rheinhessen-imker.de\/wp-content\/uploads\/2018\/11\/Erntedankfest-Heidesheim_2018-10-07_10-09-05-150x113.jpg 150w, https:\/\/rheinhessen-imker.de\/wp-content\/uploads\/2018\/11\/Erntedankfest-Heidesheim_2018-10-07_10-09-05-300x225.jpg 300w, https:\/\/rheinhessen-imker.de\/wp-content\/uploads\/2018\/11\/Erntedankfest-Heidesheim_2018-10-07_10-09-05-768x576.jpg 768w, https:\/\/rheinhessen-imker.de\/wp-content\/uploads\/2018\/11\/Erntedankfest-Heidesheim_2018-10-07_10-09-05-700x525.jpg 700w\" width=\"216\" height=\"162\" loading=\"lazy\" data-original-width=\"216\" data-original-height=\"162\" itemprop=\"http:\/\/schema.org\/image\" title=\"Erntedankfest-Heidesheim_2018-10-07_10-09-05\" alt=\"Erntedankfest-Heidesheim_2018-10-07_10-09-05\" style=\"width: 216px; height: 162px;\" \/> <\/a> <\/div> <div class=\"tiled-gallery-item tiled-gallery-item-small\" itemprop=\"associatedMedia\" itemscope itemtype=\"http:\/\/schema.org\/ImageObject\"> <a href=\"https:\/\/rheinhessen-imker.de\/?attachment_id=1551\" border=\"0\" itemprop=\"url\"> <meta itemprop=\"width\" content=\"216\"> <meta itemprop=\"height\" content=\"161\"> <img decoding=\"async\" class=\"\" data-attachment-id=\"1551\" data-orig-file=\"https:\/\/rheinhessen-imker.de\/wp-content\/uploads\/2018\/11\/Erntedankfest-Heidesheim_2018-10-07_11-30-56.jpg\" data-orig-size=\"1000,750\" data-comments-opened=\"1\" data-image-meta=\"{&quot;aperture&quot;:&quot;0&quot;,&quot;credit&quot;:&quot;&quot;,&quot;camera&quot;:&quot;&quot;,&quot;caption&quot;:&quot;&quot;,&quot;created_timestamp&quot;:&quot;0&quot;,&quot;copyright&quot;:&quot;Michael Gr\\u00fcger&quot;,&quot;focal_length&quot;:&quot;0&quot;,&quot;iso&quot;:&quot;0&quot;,&quot;shutter_speed&quot;:&quot;0&quot;,&quot;title&quot;:&quot;&quot;,&quot;orientation&quot;:&quot;0&quot;}\" data-image-title=\"Erntedankfest-Heidesheim_2018-10-07_11-30-56\" data-image-description=\"\" data-medium-file=\"https:\/\/rheinhessen-imker.de\/wp-content\/uploads\/2018\/11\/Erntedankfest-Heidesheim_2018-10-07_11-30-56-300x225.jpg\" data-large-file=\"https:\/\/rheinhessen-imker.de\/wp-content\/uploads\/2018\/11\/Erntedankfest-Heidesheim_2018-10-07_11-30-56.jpg\" src=\"https:\/\/i0.wp.com\/rheinhessen-imker.de\/wp-content\/uploads\/2018\/11\/Erntedankfest-Heidesheim_2018-10-07_11-30-56.jpg?w=216&#038;h=161&#038;ssl=1\" srcset=\"https:\/\/rheinhessen-imker.de\/wp-content\/uploads\/2018\/11\/Erntedankfest-Heidesheim_2018-10-07_11-30-56.jpg 1000w, https:\/\/rheinhessen-imker.de\/wp-content\/uploads\/2018\/11\/Erntedankfest-Heidesheim_2018-10-07_11-30-56-150x113.jpg 150w, https:\/\/rheinhessen-imker.de\/wp-content\/uploads\/2018\/11\/Erntedankfest-Heidesheim_2018-10-07_11-30-56-300x225.jpg 300w, https:\/\/rheinhessen-imker.de\/wp-content\/uploads\/2018\/11\/Erntedankfest-Heidesheim_2018-10-07_11-30-56-768x576.jpg 768w, https:\/\/rheinhessen-imker.de\/wp-content\/uploads\/2018\/11\/Erntedankfest-Heidesheim_2018-10-07_11-30-56-700x525.jpg 700w\" width=\"216\" height=\"161\" loading=\"lazy\" data-original-width=\"216\" data-original-height=\"161\" itemprop=\"http:\/\/schema.org\/image\" title=\"Erntedankfest-Heidesheim_2018-10-07_11-30-56\" alt=\"Erntedankfest-Heidesheim_2018-10-07_11-30-56\" style=\"width: 216px; height: 161px;\" \/> <\/a> <\/div> <\/div> <!-- close group --> <\/div> <!-- close row --> <div class=\"gallery-row\" style=\"width: 660px; height: 249px;\" data-original-width=\"660\" data-original-height=\"249\" > <div class=\"gallery-group images-1\" style=\"width: 330px; height: 249px;\" data-original-width=\"330\" data-original-height=\"249\" > <div class=\"tiled-gallery-item tiled-gallery-item-large\" itemprop=\"associatedMedia\" itemscope itemtype=\"http:\/\/schema.org\/ImageObject\"> <a href=\"https:\/\/rheinhessen-imker.de\/?attachment_id=1552\" border=\"0\" itemprop=\"url\"> <meta itemprop=\"width\" content=\"326\"> <meta itemprop=\"height\" content=\"245\"> <img decoding=\"async\" class=\"\" data-attachment-id=\"1552\" data-orig-file=\"https:\/\/rheinhessen-imker.de\/wp-content\/uploads\/2018\/11\/Erntedankfest-Heidesheim_2018-10-07_14-56-28.jpg\" data-orig-size=\"1000,750\" data-comments-opened=\"1\" data-image-meta=\"{&quot;aperture&quot;:&quot;0&quot;,&quot;credit&quot;:&quot;&quot;,&quot;camera&quot;:&quot;&quot;,&quot;caption&quot;:&quot;&quot;,&quot;created_timestamp&quot;:&quot;0&quot;,&quot;copyright&quot;:&quot;Michael Gr\\u00fcger&quot;,&quot;focal_length&quot;:&quot;0&quot;,&quot;iso&quot;:&quot;0&quot;,&quot;shutter_speed&quot;:&quot;0&quot;,&quot;title&quot;:&quot;&quot;,&quot;orientation&quot;:&quot;0&quot;}\" data-image-title=\"Erntedankfest-Heidesheim_2018-10-07_14-56-28\" data-image-description=\"\" data-medium-file=\"https:\/\/rheinhessen-imker.de\/wp-content\/uploads\/2018\/11\/Erntedankfest-Heidesheim_2018-10-07_14-56-28-300x225.jpg\" data-large-file=\"https:\/\/rheinhessen-imker.de\/wp-content\/uploads\/2018\/11\/Erntedankfest-Heidesheim_2018-10-07_14-56-28.jpg\" src=\"https:\/\/i0.wp.com\/rheinhessen-imker.de\/wp-content\/uploads\/2018\/11\/Erntedankfest-Heidesheim_2018-10-07_14-56-28.jpg?w=326&#038;h=245&#038;ssl=1\" srcset=\"https:\/\/rheinhessen-imker.de\/wp-content\/uploads\/2018\/11\/Erntedankfest-Heidesheim_2018-10-07_14-56-28.jpg 1000w, https:\/\/rheinhessen-imker.de\/wp-content\/uploads\/2018\/11\/Erntedankfest-Heidesheim_2018-10-07_14-56-28-150x113.jpg 150w, https:\/\/rheinhessen-imker.de\/wp-content\/uploads\/2018\/11\/Erntedankfest-Heidesheim_2018-10-07_14-56-28-300x225.jpg 300w, https:\/\/rheinhessen-imker.de\/wp-content\/uploads\/2018\/11\/Erntedankfest-Heidesheim_2018-10-07_14-56-28-768x576.jpg 768w, https:\/\/rheinhessen-imker.de\/wp-content\/uploads\/2018\/11\/Erntedankfest-Heidesheim_2018-10-07_14-56-28-700x525.jpg 700w\" width=\"326\" height=\"245\" loading=\"lazy\" data-original-width=\"326\" data-original-height=\"245\" itemprop=\"http:\/\/schema.org\/image\" title=\"Erntedankfest-Heidesheim_2018-10-07_14-56-28\" alt=\"Erntedankfest-Heidesheim_2018-10-07_14-56-28\" style=\"width: 326px; height: 245px;\" \/> <\/a> <\/div> <\/div> <!-- close group --> <div class=\"gallery-group images-1\" style=\"width: 330px; height: 249px;\" data-original-width=\"330\" data-original-height=\"249\" > <div class=\"tiled-gallery-item tiled-gallery-item-large\" itemprop=\"associatedMedia\" itemscope itemtype=\"http:\/\/schema.org\/ImageObject\"> <a href=\"https:\/\/rheinhessen-imker.de\/?attachment_id=1553\" border=\"0\" itemprop=\"url\"> <meta itemprop=\"width\" content=\"326\"> <meta itemprop=\"height\" content=\"245\"> <img decoding=\"async\" class=\"\" data-attachment-id=\"1553\" data-orig-file=\"https:\/\/rheinhessen-imker.de\/wp-content\/uploads\/2018\/11\/Erntedankfest-Heidesheim_2018-10-07_14-56-56.jpg\" data-orig-size=\"1000,750\" data-comments-opened=\"1\" data-image-meta=\"{&quot;aperture&quot;:&quot;0&quot;,&quot;credit&quot;:&quot;&quot;,&quot;camera&quot;:&quot;&quot;,&quot;caption&quot;:&quot;&quot;,&quot;created_timestamp&quot;:&quot;0&quot;,&quot;copyright&quot;:&quot;Michael Gr\\u00fcger&quot;,&quot;focal_length&quot;:&quot;0&quot;,&quot;iso&quot;:&quot;0&quot;,&quot;shutter_speed&quot;:&quot;0&quot;,&quot;title&quot;:&quot;&quot;,&quot;orientation&quot;:&quot;0&quot;}\" data-image-title=\"Erntedankfest-Heidesheim_2018-10-07_14-56-56\" data-image-description=\"\" data-medium-file=\"https:\/\/rheinhessen-imker.de\/wp-content\/uploads\/2018\/11\/Erntedankfest-Heidesheim_2018-10-07_14-56-56-300x225.jpg\" data-large-file=\"https:\/\/rheinhessen-imker.de\/wp-content\/uploads\/2018\/11\/Erntedankfest-Heidesheim_2018-10-07_14-56-56.jpg\" src=\"https:\/\/i0.wp.com\/rheinhessen-imker.de\/wp-content\/uploads\/2018\/11\/Erntedankfest-Heidesheim_2018-10-07_14-56-56.jpg?w=326&#038;h=245&#038;ssl=1\" srcset=\"https:\/\/rheinhessen-imker.de\/wp-content\/uploads\/2018\/11\/Erntedankfest-Heidesheim_2018-10-07_14-56-56.jpg 1000w, https:\/\/rheinhessen-imker.de\/wp-content\/uploads\/2018\/11\/Erntedankfest-Heidesheim_2018-10-07_14-56-56-150x113.jpg 150w, https:\/\/rheinhessen-imker.de\/wp-content\/uploads\/2018\/11\/Erntedankfest-Heidesheim_2018-10-07_14-56-56-300x225.jpg 300w, https:\/\/rheinhessen-imker.de\/wp-content\/uploads\/2018\/11\/Erntedankfest-Heidesheim_2018-10-07_14-56-56-768x576.jpg 768w, https:\/\/rheinhessen-imker.de\/wp-content\/uploads\/2018\/11\/Erntedankfest-Heidesheim_2018-10-07_14-56-56-700x525.jpg 700w\" width=\"326\" height=\"245\" loading=\"lazy\" data-original-width=\"326\" data-original-height=\"245\" itemprop=\"http:\/\/schema.org\/image\" title=\"Erntedankfest-Heidesheim_2018-10-07_14-56-56\" alt=\"Erntedankfest-Heidesheim_2018-10-07_14-56-56\" style=\"width: 326px; height: 245px;\" \/> <\/a> <\/div> <\/div> <!-- close group --> <\/div> <!-- close row --> <\/div>\n","protected":false},"excerpt":{"rendered":"<p>Wenn m\u00f6glich, haben wir in den vergangenen Jahren immer gerne das gro\u00dfe traditionelle Erntedankfest in Heidesheim besucht. Das Dorf ist daf\u00fcr wundersch\u00f6n geschm\u00fcckt, der Festumzug ist prunkvoll und vielf\u00e4ltig und auch das &#8222;Drumherum&#8220; ist sehr sehenswert. Dieses Jahr hatten wir das Gl\u00fcck, von einem befreundeten Imker gefragt zu werden, ob &#8230;<\/p>\n","protected":false},"author":1,"featured_media":1553,"comment_status":"open","ping_status":"closed","sticky":false,"template":"","format":"standard","meta":{"_jetpack_memberships_contains_paid_content":false,"footnotes":""},"categories":[7],"tags":[],"class_list":["post-1554","post","type-post","status-publish","format-standard","has-post-thumbnail","hentry","category-allgemein","column","twocol","has-thumbnail"],"jetpack_sharing_enabled":true,"jetpack_featured_media_url":"https:\/\/rheinhessen-imker.de\/wp-content\/uploads\/2018\/11\/Erntedankfest-Heidesheim_2018-10-07_14-56-56.jpg","jetpack_shortlink":"https:\/\/wp.me\/p5t9Ps-p4","_links":{"self":[{"href":"https:\/\/rheinhessen-imker.de\/index.php?rest_route=\/wp\/v2\/posts\/1554","targetHints":{"allow":["GET"]}}],"collection":[{"href":"https:\/\/rheinhessen-imker.de\/index.php?rest_route=\/wp\/v2\/posts"}],"about":[{"href":"https:\/\/rheinhessen-imker.de\/index.php?rest_route=\/wp\/v2\/types\/post"}],"author":[{"embeddable":true,"href":"https:\/\/rheinhessen-imker.de\/index.php?rest_route=\/wp\/v2\/users\/1"}],"replies":[{"embeddable":true,"href":"https:\/\/rheinhessen-imker.de\/index.php?rest_route=%2Fwp%2Fv2%2Fcomments&post=1554"}],"version-history":[{"count":6,"href":"https:\/\/rheinhessen-imker.de\/index.php?rest_route=\/wp\/v2\/posts\/1554\/revisions"}],"predecessor-version":[{"id":1564,"href":"https:\/\/rheinhessen-imker.de\/index.php?rest_route=\/wp\/v2\/posts\/1554\/revisions\/1564"}],"wp:featuredmedia":[{"embeddable":true,"href":"https:\/\/rheinhessen-imker.de\/index.php?rest_route=\/wp\/v2\/media\/1553"}],"wp:attachment":[{"href":"https:\/\/rheinhessen-imker.de\/index.php?rest_route=%2Fwp%2Fv2%2Fmedia&parent=1554"}],"wp:term":[{"taxonomy":"category","embeddable":true,"href":"https:\/\/rheinhessen-imker.de\/index.php?rest_route=%2Fwp%2Fv2%2Fcategories&post=1554"},{"taxonomy":"post_tag","embeddable":true,"href":"https:\/\/rheinhessen-imker.de\/index.php?rest_route=%2Fwp%2Fv2%2Ftags&post=1554"}],"curies":[{"name":"wp","href":"https:\/\/api.w.org\/{rel}","templated":true}]}}