{"id":1631,"date":"2019-07-09T21:46:18","date_gmt":"2019-07-09T20:46:18","guid":{"rendered":"http:\/\/rheinhessen-imker.de\/?p=1631"},"modified":"2019-07-10T10:40:05","modified_gmt":"2019-07-10T09:40:05","slug":"amerikanische-faulbrut-im-rheingau","status":"publish","type":"post","link":"https:\/\/rheinhessen-imker.de\/?p=1631","title":{"rendered":"Amerikanische Faulbrut im Rheingau"},"content":{"rendered":"<p>Im Imkerverein ist die Information seit Montag kursiert; heute kam von Seiten des Kreisveterin\u00e4ramtes auch ein offizieller Brief:<\/p>\n<p>Auf der anderen Rheinseite ist ein Sperrbezirk wegen Amerikanischer Faulbrut eingerichtet worden. Das hei\u00dft insbesondere, dass keine Bienenv\u00f6lker dorthin gebracht oder weggebracht werden d\u00fcrfen.<\/p>\n<p>Aber auch wir m\u00fcssen in der n\u00e4chsten Zeit besonders gr\u00fcndlich nach unsere V\u00f6lker sehen. Der Rand des Sperrbezirks liegt nur 10km Luftlinie von unserem Bienenstand entfernt.<\/p>\n<p>Bleiben zwei Dinge zu hoffen:<\/p>\n<p>F\u00fcr uns, dass der Rhein eine ausreichende nat\u00fcrliche Barriere bildet. Und f\u00fcr die Imker im Rheingau, dass dort alle Imker ihre V\u00f6lker korrekt angemeldet haben. Nur so haben Amtstierarzt und die Bienenseuchen-Sachverst\u00e4ndigen eine Chance haben, alle infizierten V\u00f6lker zu \u00fcberwachen und die Seuche einzud\u00e4mmen.<\/p>\n<p>&nbsp;<\/p>\n","protected":false},"excerpt":{"rendered":"<p>Im Imkerverein ist die Information seit Montag kursiert; heute kam von Seiten des Kreisveterin\u00e4ramtes auch ein offizieller Brief: Auf der anderen Rheinseite ist ein Sperrbezirk wegen Amerikanischer Faulbrut eingerichtet worden. Das hei\u00dft insbesondere, dass keine Bienenv\u00f6lker dorthin gebracht oder weggebracht werden d\u00fcrfen. Aber auch wir m\u00fcssen in der n\u00e4chsten Zeit &#8230;<\/p>\n","protected":false},"author":1,"featured_media":1630,"comment_status":"open","ping_status":"closed","sticky":false,"template":"","format":"standard","meta":{"_jetpack_memberships_contains_paid_content":false,"footnotes":""},"categories":[7],"tags":[],"class_list":["post-1631","post","type-post","status-publish","format-standard","has-post-thumbnail","hentry","category-allgemein","column","twocol","has-thumbnail"],"jetpack_sharing_enabled":true,"jetpack_featured_media_url":"https:\/\/rheinhessen-imker.de\/wp-content\/uploads\/2019\/07\/img_6422.jpg","jetpack_shortlink":"https:\/\/wp.me\/p5t9Ps-qj","_links":{"self":[{"href":"https:\/\/rheinhessen-imker.de\/index.php?rest_route=\/wp\/v2\/posts\/1631","targetHints":{"allow":["GET"]}}],"collection":[{"href":"https:\/\/rheinhessen-imker.de\/index.php?rest_route=\/wp\/v2\/posts"}],"about":[{"href":"https:\/\/rheinhessen-imker.de\/index.php?rest_route=\/wp\/v2\/types\/post"}],"author":[{"embeddable":true,"href":"https:\/\/rheinhessen-imker.de\/index.php?rest_route=\/wp\/v2\/users\/1"}],"replies":[{"embeddable":true,"href":"https:\/\/rheinhessen-imker.de\/index.php?rest_route=%2Fwp%2Fv2%2Fcomments&post=1631"}],"version-history":[{"count":2,"href":"https:\/\/rheinhessen-imker.de\/index.php?rest_route=\/wp\/v2\/posts\/1631\/revisions"}],"predecessor-version":[{"id":1635,"href":"https:\/\/rheinhessen-imker.de\/index.php?rest_route=\/wp\/v2\/posts\/1631\/revisions\/1635"}],"wp:featuredmedia":[{"embeddable":true,"href":"https:\/\/rheinhessen-imker.de\/index.php?rest_route=\/wp\/v2\/media\/1630"}],"wp:attachment":[{"href":"https:\/\/rheinhessen-imker.de\/index.php?rest_route=%2Fwp%2Fv2%2Fmedia&parent=1631"}],"wp:term":[{"taxonomy":"category","embeddable":true,"href":"https:\/\/rheinhessen-imker.de\/index.php?rest_route=%2Fwp%2Fv2%2Fcategories&post=1631"},{"taxonomy":"post_tag","embeddable":true,"href":"https:\/\/rheinhessen-imker.de\/index.php?rest_route=%2Fwp%2Fv2%2Ftags&post=1631"}],"curies":[{"name":"wp","href":"https:\/\/api.w.org\/{rel}","templated":true}]}}