{"id":165,"date":"2014-03-16T22:49:46","date_gmt":"2014-03-16T21:49:46","guid":{"rendered":"http:\/\/rheinhessen-imker.de\/?p=165"},"modified":"2015-01-16T23:55:25","modified_gmt":"2015-01-16T22:55:25","slug":"umzug-der-bienen","status":"publish","type":"post","link":"https:\/\/rheinhessen-imker.de\/?p=165","title":{"rendered":"Umzug der Bienen"},"content":{"rendered":"<p><span style=\"line-height: 1.714285714; font-size: 1rem;\">Mitte M\u00e4rz war es dann an der Zeit, unsere Bienen von den St\u00e4nden unseres Patenimkers abzuholen, und zu unserem neuen eigenen Bienenstand zu transportieren&#8230;.<\/span><\/p>\n<p>Das Wetter, wenn auch sonst nicht so sch\u00f6n, kam uns hier entgegen, denn es war ein recht k\u00fchler Tag, windig und etwas nieselig. So waren alle Bienen artig im Stock, und wir konnten bei Tageslicht umziehen.<\/p>\n<p>Zwei passten bequem ins Auto (mal wieder ein hoch auf den Golf Variant!) und das dritte wurde im Pferdeanh\u00e4nger hinterhergezogen.<\/p>\n<div class=\"tiled-gallery type-rectangular tiled-gallery-unresized\" data-original-width=\"660\" data-carousel-extra='{&quot;blog_id&quot;:1,&quot;permalink&quot;:&quot;https:\\\/\\\/rheinhessen-imker.de\\\/?p=165&quot;,&quot;likes_blog_id&quot;:80830978}' itemscope itemtype=\"http:\/\/schema.org\/ImageGallery\" > <div class=\"gallery-row\" style=\"width: 660px; height: 331px;\" data-original-width=\"660\" data-original-height=\"331\" > <div class=\"gallery-group images-1\" style=\"width: 440px; height: 331px;\" data-original-width=\"440\" data-original-height=\"331\" > <div class=\"tiled-gallery-item tiled-gallery-item-large\" itemprop=\"associatedMedia\" itemscope itemtype=\"http:\/\/schema.org\/ImageObject\"> <a href=\"https:\/\/rheinhessen-imker.de\/?attachment_id=156\" border=\"0\" itemprop=\"url\"> <meta itemprop=\"width\" content=\"436\"> <meta itemprop=\"height\" content=\"327\"> <img decoding=\"async\" class=\"\" data-attachment-id=\"156\" data-orig-file=\"https:\/\/rheinhessen-imker.de\/wp-content\/uploads\/2014\/03\/Bienen-1.jpg\" data-orig-size=\"1024,768\" data-comments-opened=\"1\" data-image-meta=\"{&quot;aperture&quot;:&quot;2.4&quot;,&quot;credit&quot;:&quot;Michael Gr\\u00fcger&quot;,&quot;camera&quot;:&quot;iPhone 5&quot;,&quot;caption&quot;:&quot;&quot;,&quot;created_timestamp&quot;:&quot;1394904526&quot;,&quot;copyright&quot;:&quot;Michael Gr\\u00fcger&quot;,&quot;focal_length&quot;:&quot;4.12&quot;,&quot;iso&quot;:&quot;250&quot;,&quot;shutter_speed&quot;:&quot;0.05&quot;,&quot;title&quot;:&quot;\\u00a9 Michael Gr\\u00fcger, Wackernheim&quot;}\" data-image-title=\"Bienenumzug 1\" data-image-description=\"\" data-medium-file=\"https:\/\/rheinhessen-imker.de\/wp-content\/uploads\/2014\/03\/Bienen-1-300x225.jpg\" data-large-file=\"https:\/\/rheinhessen-imker.de\/wp-content\/uploads\/2014\/03\/Bienen-1.jpg\" src=\"https:\/\/i0.wp.com\/rheinhessen-imker.de\/wp-content\/uploads\/2014\/03\/Bienen-1.jpg?w=436&#038;h=327&#038;ssl=1\" srcset=\"https:\/\/rheinhessen-imker.de\/wp-content\/uploads\/2014\/03\/Bienen-1.jpg 1024w, https:\/\/rheinhessen-imker.de\/wp-content\/uploads\/2014\/03\/Bienen-1-150x112.jpg 150w, https:\/\/rheinhessen-imker.de\/wp-content\/uploads\/2014\/03\/Bienen-1-300x225.jpg 300w, https:\/\/rheinhessen-imker.de\/wp-content\/uploads\/2014\/03\/Bienen-1-624x468.jpg 624w\" width=\"436\" height=\"327\" loading=\"lazy\" data-original-width=\"436\" data-original-height=\"327\" itemprop=\"http:\/\/schema.org\/image\" title=\"Bienenumzug 1\" alt=\"Bienenumzug 1\" style=\"width: 436px; height: 327px;\" \/> <\/a> <\/div> <\/div> <!-- close group --> <div class=\"gallery-group images-2\" style=\"width: 220px; height: 331px;\" data-original-width=\"220\" data-original-height=\"331\" > <div class=\"tiled-gallery-item tiled-gallery-item-small\" itemprop=\"associatedMedia\" itemscope itemtype=\"http:\/\/schema.org\/ImageObject\"> <a href=\"https:\/\/rheinhessen-imker.de\/?attachment_id=157\" border=\"0\" itemprop=\"url\"> <meta itemprop=\"width\" content=\"216\"> <meta itemprop=\"height\" content=\"162\"> <img decoding=\"async\" class=\"\" data-attachment-id=\"157\" data-orig-file=\"https:\/\/rheinhessen-imker.de\/wp-content\/uploads\/2014\/03\/Bienen-2.jpg\" data-orig-size=\"1024,768\" data-comments-opened=\"1\" data-image-meta=\"{&quot;aperture&quot;:&quot;2.4&quot;,&quot;credit&quot;:&quot;Michael Gr\\u00fcger&quot;,&quot;camera&quot;:&quot;iPhone 5&quot;,&quot;caption&quot;:&quot;&quot;,&quot;created_timestamp&quot;:&quot;1394904733&quot;,&quot;copyright&quot;:&quot;Michael Gr\\u00fcger&quot;,&quot;focal_length&quot;:&quot;4.12&quot;,&quot;iso&quot;:&quot;125&quot;,&quot;shutter_speed&quot;:&quot;0.05&quot;,&quot;title&quot;:&quot;\\u00a9 Michael Gr\\u00fcger, Wackernheim&quot;}\" data-image-title=\"Bienenumzug 2\" data-image-description=\"\" data-medium-file=\"https:\/\/rheinhessen-imker.de\/wp-content\/uploads\/2014\/03\/Bienen-2-300x225.jpg\" data-large-file=\"https:\/\/rheinhessen-imker.de\/wp-content\/uploads\/2014\/03\/Bienen-2.jpg\" src=\"https:\/\/i0.wp.com\/rheinhessen-imker.de\/wp-content\/uploads\/2014\/03\/Bienen-2.jpg?w=216&#038;h=162&#038;ssl=1\" srcset=\"https:\/\/rheinhessen-imker.de\/wp-content\/uploads\/2014\/03\/Bienen-2.jpg 1024w, https:\/\/rheinhessen-imker.de\/wp-content\/uploads\/2014\/03\/Bienen-2-150x112.jpg 150w, https:\/\/rheinhessen-imker.de\/wp-content\/uploads\/2014\/03\/Bienen-2-300x225.jpg 300w, https:\/\/rheinhessen-imker.de\/wp-content\/uploads\/2014\/03\/Bienen-2-624x468.jpg 624w\" width=\"216\" height=\"162\" loading=\"lazy\" data-original-width=\"216\" data-original-height=\"162\" itemprop=\"http:\/\/schema.org\/image\" title=\"Bienenumzug 2\" alt=\"Bienenumzug 2\" style=\"width: 216px; height: 162px;\" \/> <\/a> <\/div> <div class=\"tiled-gallery-item tiled-gallery-item-small\" itemprop=\"associatedMedia\" itemscope itemtype=\"http:\/\/schema.org\/ImageObject\"> <a href=\"https:\/\/rheinhessen-imker.de\/?attachment_id=158\" border=\"0\" itemprop=\"url\"> <meta itemprop=\"width\" content=\"216\"> <meta itemprop=\"height\" content=\"161\"> <img decoding=\"async\" class=\"\" data-attachment-id=\"158\" data-orig-file=\"https:\/\/rheinhessen-imker.de\/wp-content\/uploads\/2014\/03\/Bienen-3.jpg\" data-orig-size=\"1024,768\" data-comments-opened=\"1\" data-image-meta=\"{&quot;aperture&quot;:&quot;2.4&quot;,&quot;credit&quot;:&quot;Michael Gr\\u00fcger&quot;,&quot;camera&quot;:&quot;iPhone 5&quot;,&quot;caption&quot;:&quot;&quot;,&quot;created_timestamp&quot;:&quot;1394904802&quot;,&quot;copyright&quot;:&quot;Michael Gr\\u00fcger&quot;,&quot;focal_length&quot;:&quot;4.12&quot;,&quot;iso&quot;:&quot;125&quot;,&quot;shutter_speed&quot;:&quot;0.05&quot;,&quot;title&quot;:&quot;\\u00a9 Michael Gr\\u00fcger, Wackernheim&quot;}\" data-image-title=\"Bienenumzug 3\" data-image-description=\"\" data-medium-file=\"https:\/\/rheinhessen-imker.de\/wp-content\/uploads\/2014\/03\/Bienen-3-300x225.jpg\" data-large-file=\"https:\/\/rheinhessen-imker.de\/wp-content\/uploads\/2014\/03\/Bienen-3.jpg\" src=\"https:\/\/i0.wp.com\/rheinhessen-imker.de\/wp-content\/uploads\/2014\/03\/Bienen-3.jpg?w=216&#038;h=161&#038;ssl=1\" srcset=\"https:\/\/rheinhessen-imker.de\/wp-content\/uploads\/2014\/03\/Bienen-3.jpg 1024w, https:\/\/rheinhessen-imker.de\/wp-content\/uploads\/2014\/03\/Bienen-3-150x112.jpg 150w, https:\/\/rheinhessen-imker.de\/wp-content\/uploads\/2014\/03\/Bienen-3-300x225.jpg 300w, https:\/\/rheinhessen-imker.de\/wp-content\/uploads\/2014\/03\/Bienen-3-624x468.jpg 624w\" width=\"216\" height=\"161\" loading=\"lazy\" data-original-width=\"216\" data-original-height=\"161\" itemprop=\"http:\/\/schema.org\/image\" title=\"Bienenumzug 3\" alt=\"Bienenumzug 3\" style=\"width: 216px; height: 161px;\" \/> <\/a> <\/div> <\/div> <!-- close group --> <\/div> <!-- close row --> <\/div>\n<p>Einen Tag sp\u00e4ter waren alle drei V\u00f6lker schon flei\u00dfig und haben sich eingeflogen, um die neue Umgebung zu erkunden &#8230;<\/p>\n<p>&nbsp;<\/p>\n<div class=\"tiled-gallery type-rectangular tiled-gallery-unresized\" data-original-width=\"660\" data-carousel-extra='{&quot;blog_id&quot;:1,&quot;permalink&quot;:&quot;https:\\\/\\\/rheinhessen-imker.de\\\/?p=165&quot;,&quot;likes_blog_id&quot;:80830978}' itemscope itemtype=\"http:\/\/schema.org\/ImageGallery\" > <div class=\"gallery-row\" style=\"width: 660px; height: 496px;\" data-original-width=\"660\" data-original-height=\"496\" > <div class=\"gallery-group images-1\" style=\"width: 660px; height: 496px;\" data-original-width=\"660\" data-original-height=\"496\" > <div class=\"tiled-gallery-item tiled-gallery-item-large\" itemprop=\"associatedMedia\" itemscope itemtype=\"http:\/\/schema.org\/ImageObject\"> <a href=\"https:\/\/rheinhessen-imker.de\/?attachment_id=164\" border=\"0\" itemprop=\"url\"> <meta itemprop=\"width\" content=\"656\"> <meta itemprop=\"height\" content=\"492\"> <img decoding=\"async\" class=\"\" data-attachment-id=\"164\" data-orig-file=\"https:\/\/rheinhessen-imker.de\/wp-content\/uploads\/2014\/03\/Bienen.jpg\" data-orig-size=\"1024,768\" data-comments-opened=\"1\" data-image-meta=\"{&quot;aperture&quot;:&quot;0&quot;,&quot;credit&quot;:&quot;&quot;,&quot;camera&quot;:&quot;BlackBerry 9900&quot;,&quot;caption&quot;:&quot;&quot;,&quot;created_timestamp&quot;:&quot;1394977788&quot;,&quot;copyright&quot;:&quot;&quot;,&quot;focal_length&quot;:&quot;0&quot;,&quot;iso&quot;:&quot;0&quot;,&quot;shutter_speed&quot;:&quot;0&quot;,&quot;title&quot;:&quot;&quot;}\" data-image-title=\"Umzug\" data-image-description=\"\" data-medium-file=\"https:\/\/rheinhessen-imker.de\/wp-content\/uploads\/2014\/03\/Bienen-300x225.jpg\" data-large-file=\"https:\/\/rheinhessen-imker.de\/wp-content\/uploads\/2014\/03\/Bienen.jpg\" src=\"https:\/\/i0.wp.com\/rheinhessen-imker.de\/wp-content\/uploads\/2014\/03\/Bienen.jpg?w=656&#038;h=492&#038;ssl=1\" srcset=\"https:\/\/rheinhessen-imker.de\/wp-content\/uploads\/2014\/03\/Bienen.jpg 1024w, https:\/\/rheinhessen-imker.de\/wp-content\/uploads\/2014\/03\/Bienen-150x112.jpg 150w, https:\/\/rheinhessen-imker.de\/wp-content\/uploads\/2014\/03\/Bienen-300x225.jpg 300w, https:\/\/rheinhessen-imker.de\/wp-content\/uploads\/2014\/03\/Bienen-624x468.jpg 624w\" width=\"656\" height=\"492\" loading=\"lazy\" data-original-width=\"656\" data-original-height=\"492\" itemprop=\"http:\/\/schema.org\/image\" title=\"Umzug\" alt=\"Umzug\" style=\"width: 656px; height: 492px;\" \/> <\/a> <\/div> <\/div> <!-- close group --> <\/div> <!-- close row --> <\/div>\n<p>&nbsp;<\/p>\n<p>&nbsp;<\/p>\n<p>&nbsp;<\/p>\n","protected":false},"excerpt":{"rendered":"<p>Mitte M\u00e4rz war es dann an der Zeit, unsere Bienen von den St\u00e4nden unseres Patenimkers abzuholen, und zu unserem neuen eigenen Bienenstand zu transportieren&#8230;. Das Wetter, wenn auch sonst nicht so sch\u00f6n, kam uns hier entgegen, denn es war ein recht k\u00fchler Tag, windig und etwas nieselig. So waren alle &#8230;<\/p>\n","protected":false},"author":2,"featured_media":158,"comment_status":"open","ping_status":"closed","sticky":false,"template":"","format":"standard","meta":{"_jetpack_memberships_contains_paid_content":false,"footnotes":""},"categories":[7,3],"tags":[38],"class_list":["post-165","post","type-post","status-publish","format-standard","has-post-thumbnail","hentry","category-allgemein","category-bienenhaltung","tag-bienenhaltung","column","twocol","has-thumbnail"],"jetpack_sharing_enabled":true,"jetpack_featured_media_url":"https:\/\/rheinhessen-imker.de\/wp-content\/uploads\/2014\/03\/Bienen-3.jpg","jetpack_shortlink":"https:\/\/wp.me\/p5t9Ps-2F","_links":{"self":[{"href":"https:\/\/rheinhessen-imker.de\/index.php?rest_route=\/wp\/v2\/posts\/165","targetHints":{"allow":["GET"]}}],"collection":[{"href":"https:\/\/rheinhessen-imker.de\/index.php?rest_route=\/wp\/v2\/posts"}],"about":[{"href":"https:\/\/rheinhessen-imker.de\/index.php?rest_route=\/wp\/v2\/types\/post"}],"author":[{"embeddable":true,"href":"https:\/\/rheinhessen-imker.de\/index.php?rest_route=\/wp\/v2\/users\/2"}],"replies":[{"embeddable":true,"href":"https:\/\/rheinhessen-imker.de\/index.php?rest_route=%2Fwp%2Fv2%2Fcomments&post=165"}],"version-history":[{"count":9,"href":"https:\/\/rheinhessen-imker.de\/index.php?rest_route=\/wp\/v2\/posts\/165\/revisions"}],"predecessor-version":[{"id":527,"href":"https:\/\/rheinhessen-imker.de\/index.php?rest_route=\/wp\/v2\/posts\/165\/revisions\/527"}],"wp:featuredmedia":[{"embeddable":true,"href":"https:\/\/rheinhessen-imker.de\/index.php?rest_route=\/wp\/v2\/media\/158"}],"wp:attachment":[{"href":"https:\/\/rheinhessen-imker.de\/index.php?rest_route=%2Fwp%2Fv2%2Fmedia&parent=165"}],"wp:term":[{"taxonomy":"category","embeddable":true,"href":"https:\/\/rheinhessen-imker.de\/index.php?rest_route=%2Fwp%2Fv2%2Fcategories&post=165"},{"taxonomy":"post_tag","embeddable":true,"href":"https:\/\/rheinhessen-imker.de\/index.php?rest_route=%2Fwp%2Fv2%2Ftags&post=165"}],"curies":[{"name":"wp","href":"https:\/\/api.w.org\/{rel}","templated":true}]}}