{"id":1659,"date":"2019-09-22T14:26:30","date_gmt":"2019-09-22T13:26:30","guid":{"rendered":"http:\/\/rheinhessen-imker.de\/?p=1659"},"modified":"2019-09-22T14:26:30","modified_gmt":"2019-09-22T13:26:30","slug":"behandlung-mit-ameisensaeure-abgeschlossen","status":"publish","type":"post","link":"https:\/\/rheinhessen-imker.de\/?p=1659","title":{"rendered":"Behandlung mit Ameisens\u00e4ure abgeschlossen"},"content":{"rendered":"<p>Eine wichtige Ma\u00dfnahme zur Gesunderhaltung der Bienenv\u00f6lker ist die Bek\u00e4mpfung der Varoa-Milbe.<\/p>\n<p>Heute haben wir die Ameisens\u00e4urebehandlung der V\u00f6lker abgeschlossen. Bei dieser Behandlung ist Ameisens\u00e4ure \u00fcber einen l\u00e4ngeren Zeitraum in den V\u00f6lkern verdunstet. Die V\u00f6lker haben es soweit gut \u00fcberstanden.\ufffc<\/p>\n<p>Damit ist nun eigentlich die diesj\u00e4hrige Bienensaison vorbei\ufffc. Bis auf gelegentliche Kontrollbesuche lassen wir die V\u00f6lker nun in Ruhe und konzentrieren uns auf die anderen Imkerarbeiten\ufffc: Honig abf\u00fcllen, Beuten und Bienenstand reparieren, &#8230;<\/p>\n<p><img loading=\"lazy\" decoding=\"async\" data-attachment-id=\"1658\" data-permalink=\"https:\/\/rheinhessen-imker.de\/?attachment_id=1658\" data-orig-file=\"https:\/\/rheinhessen-imker.de\/wp-content\/uploads\/2019\/09\/img_7473-1.jpg\" data-orig-size=\"2316,1737\" data-comments-opened=\"1\" data-image-meta=\"{&quot;aperture&quot;:&quot;2.2&quot;,&quot;credit&quot;:&quot;&quot;,&quot;camera&quot;:&quot;iPhone SE&quot;,&quot;caption&quot;:&quot;&quot;,&quot;created_timestamp&quot;:&quot;1569165245&quot;,&quot;copyright&quot;:&quot;&quot;,&quot;focal_length&quot;:&quot;4.15&quot;,&quot;iso&quot;:&quot;25&quot;,&quot;shutter_speed&quot;:&quot;0.001&quot;,&quot;title&quot;:&quot;&quot;,&quot;orientation&quot;:&quot;0&quot;}\" data-image-title=\"img_7473-1\" data-image-description=\"\" data-image-caption=\"\" data-medium-file=\"https:\/\/rheinhessen-imker.de\/wp-content\/uploads\/2019\/09\/img_7473-1-300x225.jpg\" data-large-file=\"https:\/\/rheinhessen-imker.de\/wp-content\/uploads\/2019\/09\/img_7473-1-1024x768.jpg\" src=\"https:\/\/rheinhessen-imker.de\/wp-content\/uploads\/2019\/09\/img_7473-1.jpg\" class=\"size-full wp-image-1658\" width=\"2316\" height=\"1737\" srcset=\"https:\/\/rheinhessen-imker.de\/wp-content\/uploads\/2019\/09\/img_7473-1.jpg 2316w, https:\/\/rheinhessen-imker.de\/wp-content\/uploads\/2019\/09\/img_7473-1-150x113.jpg 150w, https:\/\/rheinhessen-imker.de\/wp-content\/uploads\/2019\/09\/img_7473-1-300x225.jpg 300w, https:\/\/rheinhessen-imker.de\/wp-content\/uploads\/2019\/09\/img_7473-1-768x576.jpg 768w, https:\/\/rheinhessen-imker.de\/wp-content\/uploads\/2019\/09\/img_7473-1-1024x768.jpg 1024w, https:\/\/rheinhessen-imker.de\/wp-content\/uploads\/2019\/09\/img_7473-1-700x525.jpg 700w\" sizes=\"auto, (max-width: 2316px) 100vw, 2316px\" \/><\/p>\n<div id=\"geo-post-1659\" class=\"geo geo-post\" style=\"display: none\"><span class=\"latitude\">49.993192<\/span><span class=\"longitude\">8.112958<\/span><\/div>","protected":false},"excerpt":{"rendered":"<p>Eine wichtige Ma\u00dfnahme zur Gesunderhaltung der Bienenv\u00f6lker ist die Bek\u00e4mpfung der Varoa-Milbe. Heute haben wir die Ameisens\u00e4urebehandlung der V\u00f6lker abgeschlossen. Bei dieser Behandlung ist Ameisens\u00e4ure \u00fcber einen l\u00e4ngeren Zeitraum in den V\u00f6lkern verdunstet. Die V\u00f6lker haben es soweit gut \u00fcberstanden.\ufffc Damit ist nun eigentlich die diesj\u00e4hrige Bienensaison vorbei\ufffc. Bis auf &#8230;<\/p>\n","protected":false},"author":1,"featured_media":1658,"comment_status":"open","ping_status":"closed","sticky":false,"template":"","format":"standard","meta":{"_jetpack_memberships_contains_paid_content":false,"footnotes":""},"categories":[7],"tags":[],"class_list":["post-1659","post","type-post","status-publish","format-standard","has-post-thumbnail","hentry","category-allgemein","column","twocol","has-thumbnail"],"jetpack_sharing_enabled":true,"jetpack_featured_media_url":"https:\/\/rheinhessen-imker.de\/wp-content\/uploads\/2019\/09\/img_7473-1.jpg","jetpack_shortlink":"https:\/\/wp.me\/p5t9Ps-qL","_links":{"self":[{"href":"https:\/\/rheinhessen-imker.de\/index.php?rest_route=\/wp\/v2\/posts\/1659","targetHints":{"allow":["GET"]}}],"collection":[{"href":"https:\/\/rheinhessen-imker.de\/index.php?rest_route=\/wp\/v2\/posts"}],"about":[{"href":"https:\/\/rheinhessen-imker.de\/index.php?rest_route=\/wp\/v2\/types\/post"}],"author":[{"embeddable":true,"href":"https:\/\/rheinhessen-imker.de\/index.php?rest_route=\/wp\/v2\/users\/1"}],"replies":[{"embeddable":true,"href":"https:\/\/rheinhessen-imker.de\/index.php?rest_route=%2Fwp%2Fv2%2Fcomments&post=1659"}],"version-history":[{"count":0,"href":"https:\/\/rheinhessen-imker.de\/index.php?rest_route=\/wp\/v2\/posts\/1659\/revisions"}],"wp:featuredmedia":[{"embeddable":true,"href":"https:\/\/rheinhessen-imker.de\/index.php?rest_route=\/wp\/v2\/media\/1658"}],"wp:attachment":[{"href":"https:\/\/rheinhessen-imker.de\/index.php?rest_route=%2Fwp%2Fv2%2Fmedia&parent=1659"}],"wp:term":[{"taxonomy":"category","embeddable":true,"href":"https:\/\/rheinhessen-imker.de\/index.php?rest_route=%2Fwp%2Fv2%2Fcategories&post=1659"},{"taxonomy":"post_tag","embeddable":true,"href":"https:\/\/rheinhessen-imker.de\/index.php?rest_route=%2Fwp%2Fv2%2Ftags&post=1659"}],"curies":[{"name":"wp","href":"https:\/\/api.w.org\/{rel}","templated":true}]}}