{"id":1708,"date":"2019-12-08T07:17:25","date_gmt":"2019-12-08T06:17:25","guid":{"rendered":"http:\/\/rheinhessen-imker.de\/?p=1708"},"modified":"2019-12-08T07:19:20","modified_gmt":"2019-12-08T06:19:20","slug":"imker-in-der-weihnachtsbaeckerei","status":"publish","type":"post","link":"https:\/\/rheinhessen-imker.de\/?p=1708","title":{"rendered":"Imker in der Weihnachtsb\u00e4ckerei"},"content":{"rendered":"<p>Unsere V\u00f6lker sind alle versorgt. Wir lassen sie die n\u00e4chsten Wochen auch noch in &#8222;Ruhe&#8220;. Der Honig ist abgef\u00fcllt und auch die Vorbereitungen f\u00fcr die kommende Bienensaison ist weitestgehend abgeschlossen.<\/p>\n<p>So ganz k\u00f6nnen wir von den Bienen aber nicht lassen. Also haben wir gestern passend zur Adventszeit &#8222;Bienenpl\u00e4tzchen&#8220; gebacken.<\/p>\n<div class=\"tiled-gallery type-rectangular tiled-gallery-unresized\" data-original-width=\"660\" data-carousel-extra='{&quot;blog_id&quot;:1,&quot;permalink&quot;:&quot;https:\\\/\\\/rheinhessen-imker.de\\\/?p=1708&quot;,&quot;likes_blog_id&quot;:80830978}' itemscope itemtype=\"http:\/\/schema.org\/ImageGallery\" > <div class=\"gallery-row\" style=\"width: 660px; height: 331px;\" data-original-width=\"660\" data-original-height=\"331\" > <div class=\"gallery-group images-1\" style=\"width: 440px; height: 331px;\" data-original-width=\"440\" data-original-height=\"331\" > <div class=\"tiled-gallery-item tiled-gallery-item-large\" itemprop=\"associatedMedia\" itemscope itemtype=\"http:\/\/schema.org\/ImageObject\"> <a href=\"https:\/\/rheinhessen-imker.de\/?attachment_id=1703\" border=\"0\" itemprop=\"url\"> <meta itemprop=\"width\" content=\"436\"> <meta itemprop=\"height\" content=\"327\"> <img decoding=\"async\" class=\"\" data-attachment-id=\"1703\" data-orig-file=\"https:\/\/rheinhessen-imker.de\/wp-content\/uploads\/2019\/12\/Bienen_2019-12-07_17-37-08.jpg\" data-orig-size=\"1000,750\" data-comments-opened=\"1\" data-image-meta=\"{&quot;aperture&quot;:&quot;0&quot;,&quot;credit&quot;:&quot;&quot;,&quot;camera&quot;:&quot;&quot;,&quot;caption&quot;:&quot;&quot;,&quot;created_timestamp&quot;:&quot;0&quot;,&quot;copyright&quot;:&quot;Michael Gr\\u00fcger&quot;,&quot;focal_length&quot;:&quot;0&quot;,&quot;iso&quot;:&quot;0&quot;,&quot;shutter_speed&quot;:&quot;0&quot;,&quot;title&quot;:&quot;&quot;,&quot;orientation&quot;:&quot;0&quot;}\" data-image-title=\"Bienen_2019-12-07_17-37-08\" data-image-description=\"\" data-medium-file=\"https:\/\/rheinhessen-imker.de\/wp-content\/uploads\/2019\/12\/Bienen_2019-12-07_17-37-08-300x225.jpg\" data-large-file=\"https:\/\/rheinhessen-imker.de\/wp-content\/uploads\/2019\/12\/Bienen_2019-12-07_17-37-08.jpg\" src=\"https:\/\/i0.wp.com\/rheinhessen-imker.de\/wp-content\/uploads\/2019\/12\/Bienen_2019-12-07_17-37-08.jpg?w=436&#038;h=327&#038;ssl=1\" srcset=\"https:\/\/rheinhessen-imker.de\/wp-content\/uploads\/2019\/12\/Bienen_2019-12-07_17-37-08.jpg 1000w, https:\/\/rheinhessen-imker.de\/wp-content\/uploads\/2019\/12\/Bienen_2019-12-07_17-37-08-300x225.jpg 300w, https:\/\/rheinhessen-imker.de\/wp-content\/uploads\/2019\/12\/Bienen_2019-12-07_17-37-08-150x113.jpg 150w, https:\/\/rheinhessen-imker.de\/wp-content\/uploads\/2019\/12\/Bienen_2019-12-07_17-37-08-768x576.jpg 768w, https:\/\/rheinhessen-imker.de\/wp-content\/uploads\/2019\/12\/Bienen_2019-12-07_17-37-08-700x525.jpg 700w\" width=\"436\" height=\"327\" loading=\"lazy\" data-original-width=\"436\" data-original-height=\"327\" itemprop=\"http:\/\/schema.org\/image\" title=\"Bienen_2019-12-07_17-37-08\" alt=\"Bienen_2019-12-07_17-37-08\" style=\"width: 436px; height: 327px;\" \/> <\/a> <\/div> <\/div> <!-- close group --> <div class=\"gallery-group images-2\" style=\"width: 220px; height: 331px;\" data-original-width=\"220\" data-original-height=\"331\" > <div class=\"tiled-gallery-item tiled-gallery-item-small\" itemprop=\"associatedMedia\" itemscope itemtype=\"http:\/\/schema.org\/ImageObject\"> <a href=\"https:\/\/rheinhessen-imker.de\/?attachment_id=1704\" border=\"0\" itemprop=\"url\"> <meta itemprop=\"width\" content=\"216\"> <meta itemprop=\"height\" content=\"162\"> <img decoding=\"async\" class=\"\" data-attachment-id=\"1704\" data-orig-file=\"https:\/\/rheinhessen-imker.de\/wp-content\/uploads\/2019\/12\/Bienen_2019-12-07_17-37-38.jpg\" data-orig-size=\"1000,750\" data-comments-opened=\"1\" data-image-meta=\"{&quot;aperture&quot;:&quot;0&quot;,&quot;credit&quot;:&quot;&quot;,&quot;camera&quot;:&quot;&quot;,&quot;caption&quot;:&quot;&quot;,&quot;created_timestamp&quot;:&quot;0&quot;,&quot;copyright&quot;:&quot;Michael Gr\\u00fcger&quot;,&quot;focal_length&quot;:&quot;0&quot;,&quot;iso&quot;:&quot;0&quot;,&quot;shutter_speed&quot;:&quot;0&quot;,&quot;title&quot;:&quot;&quot;,&quot;orientation&quot;:&quot;0&quot;}\" data-image-title=\"Bienen_2019-12-07_17-37-38\" data-image-description=\"\" data-medium-file=\"https:\/\/rheinhessen-imker.de\/wp-content\/uploads\/2019\/12\/Bienen_2019-12-07_17-37-38-300x225.jpg\" data-large-file=\"https:\/\/rheinhessen-imker.de\/wp-content\/uploads\/2019\/12\/Bienen_2019-12-07_17-37-38.jpg\" src=\"https:\/\/i0.wp.com\/rheinhessen-imker.de\/wp-content\/uploads\/2019\/12\/Bienen_2019-12-07_17-37-38.jpg?w=216&#038;h=162&#038;ssl=1\" srcset=\"https:\/\/rheinhessen-imker.de\/wp-content\/uploads\/2019\/12\/Bienen_2019-12-07_17-37-38.jpg 1000w, https:\/\/rheinhessen-imker.de\/wp-content\/uploads\/2019\/12\/Bienen_2019-12-07_17-37-38-300x225.jpg 300w, https:\/\/rheinhessen-imker.de\/wp-content\/uploads\/2019\/12\/Bienen_2019-12-07_17-37-38-150x113.jpg 150w, https:\/\/rheinhessen-imker.de\/wp-content\/uploads\/2019\/12\/Bienen_2019-12-07_17-37-38-768x576.jpg 768w, https:\/\/rheinhessen-imker.de\/wp-content\/uploads\/2019\/12\/Bienen_2019-12-07_17-37-38-700x525.jpg 700w\" width=\"216\" height=\"162\" loading=\"lazy\" data-original-width=\"216\" data-original-height=\"162\" itemprop=\"http:\/\/schema.org\/image\" title=\"Bienen_2019-12-07_17-37-38\" alt=\"Bienen_2019-12-07_17-37-38\" style=\"width: 216px; height: 162px;\" \/> <\/a> <\/div> <div class=\"tiled-gallery-item tiled-gallery-item-small\" itemprop=\"associatedMedia\" itemscope itemtype=\"http:\/\/schema.org\/ImageObject\"> <a href=\"https:\/\/rheinhessen-imker.de\/?attachment_id=1705\" border=\"0\" itemprop=\"url\"> <meta itemprop=\"width\" content=\"216\"> <meta itemprop=\"height\" content=\"161\"> <img decoding=\"async\" class=\"\" data-attachment-id=\"1705\" data-orig-file=\"https:\/\/rheinhessen-imker.de\/wp-content\/uploads\/2019\/12\/Bienen_2019-12-07_17-38-08.jpg\" data-orig-size=\"1000,750\" data-comments-opened=\"1\" data-image-meta=\"{&quot;aperture&quot;:&quot;0&quot;,&quot;credit&quot;:&quot;&quot;,&quot;camera&quot;:&quot;&quot;,&quot;caption&quot;:&quot;&quot;,&quot;created_timestamp&quot;:&quot;0&quot;,&quot;copyright&quot;:&quot;Michael Gr\\u00fcger&quot;,&quot;focal_length&quot;:&quot;0&quot;,&quot;iso&quot;:&quot;0&quot;,&quot;shutter_speed&quot;:&quot;0&quot;,&quot;title&quot;:&quot;&quot;,&quot;orientation&quot;:&quot;0&quot;}\" data-image-title=\"Bienen_2019-12-07_17-38-08\" data-image-description=\"\" data-medium-file=\"https:\/\/rheinhessen-imker.de\/wp-content\/uploads\/2019\/12\/Bienen_2019-12-07_17-38-08-300x225.jpg\" data-large-file=\"https:\/\/rheinhessen-imker.de\/wp-content\/uploads\/2019\/12\/Bienen_2019-12-07_17-38-08.jpg\" src=\"https:\/\/i0.wp.com\/rheinhessen-imker.de\/wp-content\/uploads\/2019\/12\/Bienen_2019-12-07_17-38-08.jpg?w=216&#038;h=161&#038;ssl=1\" srcset=\"https:\/\/rheinhessen-imker.de\/wp-content\/uploads\/2019\/12\/Bienen_2019-12-07_17-38-08.jpg 1000w, https:\/\/rheinhessen-imker.de\/wp-content\/uploads\/2019\/12\/Bienen_2019-12-07_17-38-08-300x225.jpg 300w, https:\/\/rheinhessen-imker.de\/wp-content\/uploads\/2019\/12\/Bienen_2019-12-07_17-38-08-150x113.jpg 150w, https:\/\/rheinhessen-imker.de\/wp-content\/uploads\/2019\/12\/Bienen_2019-12-07_17-38-08-768x576.jpg 768w, https:\/\/rheinhessen-imker.de\/wp-content\/uploads\/2019\/12\/Bienen_2019-12-07_17-38-08-700x525.jpg 700w\" width=\"216\" height=\"161\" loading=\"lazy\" data-original-width=\"216\" data-original-height=\"161\" itemprop=\"http:\/\/schema.org\/image\" title=\"Bienen_2019-12-07_17-38-08\" alt=\"Bienen_2019-12-07_17-38-08\" style=\"width: 216px; height: 161px;\" \/> <\/a> <\/div> <\/div> <!-- close group --> <\/div> <!-- close row --> <div class=\"gallery-row\" style=\"width: 660px; height: 496px;\" data-original-width=\"660\" data-original-height=\"496\" > <div class=\"gallery-group images-1\" style=\"width: 660px; height: 496px;\" data-original-width=\"660\" data-original-height=\"496\" > <div class=\"tiled-gallery-item tiled-gallery-item-large\" itemprop=\"associatedMedia\" itemscope itemtype=\"http:\/\/schema.org\/ImageObject\"> <a href=\"https:\/\/rheinhessen-imker.de\/?attachment_id=1706\" border=\"0\" itemprop=\"url\"> <meta itemprop=\"width\" content=\"656\"> <meta itemprop=\"height\" content=\"492\"> <img decoding=\"async\" class=\"\" data-attachment-id=\"1706\" data-orig-file=\"https:\/\/rheinhessen-imker.de\/wp-content\/uploads\/2019\/12\/Bienen_2019-12-07_18-45-01.jpg\" data-orig-size=\"1000,750\" data-comments-opened=\"1\" data-image-meta=\"{&quot;aperture&quot;:&quot;0&quot;,&quot;credit&quot;:&quot;&quot;,&quot;camera&quot;:&quot;&quot;,&quot;caption&quot;:&quot;&quot;,&quot;created_timestamp&quot;:&quot;0&quot;,&quot;copyright&quot;:&quot;Michael Gr\\u00fcger&quot;,&quot;focal_length&quot;:&quot;0&quot;,&quot;iso&quot;:&quot;0&quot;,&quot;shutter_speed&quot;:&quot;0&quot;,&quot;title&quot;:&quot;&quot;,&quot;orientation&quot;:&quot;0&quot;}\" data-image-title=\"Bienen_2019-12-07_18-45-01\" data-image-description=\"\" data-medium-file=\"https:\/\/rheinhessen-imker.de\/wp-content\/uploads\/2019\/12\/Bienen_2019-12-07_18-45-01-300x225.jpg\" data-large-file=\"https:\/\/rheinhessen-imker.de\/wp-content\/uploads\/2019\/12\/Bienen_2019-12-07_18-45-01.jpg\" src=\"https:\/\/i0.wp.com\/rheinhessen-imker.de\/wp-content\/uploads\/2019\/12\/Bienen_2019-12-07_18-45-01.jpg?w=656&#038;h=492&#038;ssl=1\" srcset=\"https:\/\/rheinhessen-imker.de\/wp-content\/uploads\/2019\/12\/Bienen_2019-12-07_18-45-01.jpg 1000w, https:\/\/rheinhessen-imker.de\/wp-content\/uploads\/2019\/12\/Bienen_2019-12-07_18-45-01-300x225.jpg 300w, https:\/\/rheinhessen-imker.de\/wp-content\/uploads\/2019\/12\/Bienen_2019-12-07_18-45-01-150x113.jpg 150w, https:\/\/rheinhessen-imker.de\/wp-content\/uploads\/2019\/12\/Bienen_2019-12-07_18-45-01-768x576.jpg 768w, https:\/\/rheinhessen-imker.de\/wp-content\/uploads\/2019\/12\/Bienen_2019-12-07_18-45-01-700x525.jpg 700w\" width=\"656\" height=\"492\" loading=\"lazy\" data-original-width=\"656\" data-original-height=\"492\" itemprop=\"http:\/\/schema.org\/image\" title=\"Bienen_2019-12-07_18-45-01\" alt=\"Bienen_2019-12-07_18-45-01\" style=\"width: 656px; height: 492px;\" \/> <\/a> <\/div> <\/div> <!-- close group --> <\/div> <!-- close row --> <\/div>\n","protected":false},"excerpt":{"rendered":"<p>Unsere V\u00f6lker sind alle versorgt. Wir lassen sie die n\u00e4chsten Wochen auch noch in &#8222;Ruhe&#8220;. Der Honig ist abgef\u00fcllt und auch die Vorbereitungen f\u00fcr die kommende Bienensaison ist weitestgehend abgeschlossen. So ganz k\u00f6nnen wir von den Bienen aber nicht lassen. Also haben wir gestern passend zur Adventszeit &#8222;Bienenpl\u00e4tzchen&#8220; gebacken.<\/p>\n","protected":false},"author":1,"featured_media":1706,"comment_status":"open","ping_status":"closed","sticky":false,"template":"","format":"standard","meta":{"_jetpack_memberships_contains_paid_content":false,"footnotes":""},"categories":[7],"tags":[],"class_list":["post-1708","post","type-post","status-publish","format-standard","has-post-thumbnail","hentry","category-allgemein","column","twocol","has-thumbnail"],"jetpack_sharing_enabled":true,"jetpack_featured_media_url":"https:\/\/rheinhessen-imker.de\/wp-content\/uploads\/2019\/12\/Bienen_2019-12-07_18-45-01.jpg","jetpack_shortlink":"https:\/\/wp.me\/p5t9Ps-ry","_links":{"self":[{"href":"https:\/\/rheinhessen-imker.de\/index.php?rest_route=\/wp\/v2\/posts\/1708","targetHints":{"allow":["GET"]}}],"collection":[{"href":"https:\/\/rheinhessen-imker.de\/index.php?rest_route=\/wp\/v2\/posts"}],"about":[{"href":"https:\/\/rheinhessen-imker.de\/index.php?rest_route=\/wp\/v2\/types\/post"}],"author":[{"embeddable":true,"href":"https:\/\/rheinhessen-imker.de\/index.php?rest_route=\/wp\/v2\/users\/1"}],"replies":[{"embeddable":true,"href":"https:\/\/rheinhessen-imker.de\/index.php?rest_route=%2Fwp%2Fv2%2Fcomments&post=1708"}],"version-history":[{"count":5,"href":"https:\/\/rheinhessen-imker.de\/index.php?rest_route=\/wp\/v2\/posts\/1708\/revisions"}],"predecessor-version":[{"id":1713,"href":"https:\/\/rheinhessen-imker.de\/index.php?rest_route=\/wp\/v2\/posts\/1708\/revisions\/1713"}],"wp:featuredmedia":[{"embeddable":true,"href":"https:\/\/rheinhessen-imker.de\/index.php?rest_route=\/wp\/v2\/media\/1706"}],"wp:attachment":[{"href":"https:\/\/rheinhessen-imker.de\/index.php?rest_route=%2Fwp%2Fv2%2Fmedia&parent=1708"}],"wp:term":[{"taxonomy":"category","embeddable":true,"href":"https:\/\/rheinhessen-imker.de\/index.php?rest_route=%2Fwp%2Fv2%2Fcategories&post=1708"},{"taxonomy":"post_tag","embeddable":true,"href":"https:\/\/rheinhessen-imker.de\/index.php?rest_route=%2Fwp%2Fv2%2Ftags&post=1708"}],"curies":[{"name":"wp","href":"https:\/\/api.w.org\/{rel}","templated":true}]}}