{"id":1741,"date":"2020-04-07T18:40:51","date_gmt":"2020-04-07T17:40:51","guid":{"rendered":"http:\/\/rheinhessen-imker.de\/?p=1741"},"modified":"2020-04-24T18:57:01","modified_gmt":"2020-04-24T17:57:01","slug":"wandern-in-die-kirschbluete-2","status":"publish","type":"post","link":"https:\/\/rheinhessen-imker.de\/?p=1741","title":{"rendered":"Wandern in die Kirschbl\u00fcte"},"content":{"rendered":"<p>Wie in den vergangen Jahren auch schon, sind wir heute wieder mit einem Volk in die Kirschbl\u00fcte zu befreundeten Landwirten gewandert.<\/p>\n<p>Mit bestem Blick auf den Bismarckturm haben sich die flei\u00dfigen Kleinen direkt an die Arbeit gemacht und leckeren Nektar sowie Pollen gesammelt. Und,&#8230; als sch\u00f6nen &#8222;Nebeneffekt&#8220; die Bl\u00fcten best\u00e4ubt. Aus imkerlicher Sicht spricht also nichts gegen eine tolle Kirschernte 2020.<\/p>\n<div class=\"tiled-gallery type-rectangular tiled-gallery-unresized\" data-original-width=\"660\" data-carousel-extra='{&quot;blog_id&quot;:1,&quot;permalink&quot;:&quot;https:\\\/\\\/rheinhessen-imker.de\\\/?p=1741&quot;,&quot;likes_blog_id&quot;:80830978}' itemscope itemtype=\"http:\/\/schema.org\/ImageGallery\" > <div class=\"gallery-row\" style=\"width: 660px; height: 331px;\" data-original-width=\"660\" data-original-height=\"331\" > <div class=\"gallery-group images-1\" style=\"width: 440px; height: 331px;\" data-original-width=\"440\" data-original-height=\"331\" > <div class=\"tiled-gallery-item tiled-gallery-item-large\" itemprop=\"associatedMedia\" itemscope itemtype=\"http:\/\/schema.org\/ImageObject\"> <a href=\"https:\/\/rheinhessen-imker.de\/?attachment_id=1729\" border=\"0\" itemprop=\"url\"> <meta itemprop=\"width\" content=\"436\"> <meta itemprop=\"height\" content=\"327\"> <img decoding=\"async\" class=\"\" data-attachment-id=\"1729\" data-orig-file=\"https:\/\/rheinhessen-imker.de\/wp-content\/uploads\/2020\/04\/Bienen_2020-04-07_18-11-11.jpg\" data-orig-size=\"1000,750\" data-comments-opened=\"1\" data-image-meta=\"{&quot;aperture&quot;:&quot;0&quot;,&quot;credit&quot;:&quot;&quot;,&quot;camera&quot;:&quot;&quot;,&quot;caption&quot;:&quot;&quot;,&quot;created_timestamp&quot;:&quot;0&quot;,&quot;copyright&quot;:&quot;Michael Gr\\u00fcger&quot;,&quot;focal_length&quot;:&quot;0&quot;,&quot;iso&quot;:&quot;0&quot;,&quot;shutter_speed&quot;:&quot;0&quot;,&quot;title&quot;:&quot;&quot;,&quot;orientation&quot;:&quot;0&quot;}\" data-image-title=\"Bienen_2020-04-07_18-11-11\" data-image-description=\"\" data-medium-file=\"https:\/\/rheinhessen-imker.de\/wp-content\/uploads\/2020\/04\/Bienen_2020-04-07_18-11-11-300x225.jpg\" data-large-file=\"https:\/\/rheinhessen-imker.de\/wp-content\/uploads\/2020\/04\/Bienen_2020-04-07_18-11-11.jpg\" src=\"https:\/\/i0.wp.com\/rheinhessen-imker.de\/wp-content\/uploads\/2020\/04\/Bienen_2020-04-07_18-11-11.jpg?w=436&#038;h=327&#038;ssl=1\" srcset=\"https:\/\/rheinhessen-imker.de\/wp-content\/uploads\/2020\/04\/Bienen_2020-04-07_18-11-11.jpg 1000w, https:\/\/rheinhessen-imker.de\/wp-content\/uploads\/2020\/04\/Bienen_2020-04-07_18-11-11-300x225.jpg 300w, https:\/\/rheinhessen-imker.de\/wp-content\/uploads\/2020\/04\/Bienen_2020-04-07_18-11-11-150x113.jpg 150w, https:\/\/rheinhessen-imker.de\/wp-content\/uploads\/2020\/04\/Bienen_2020-04-07_18-11-11-768x576.jpg 768w, https:\/\/rheinhessen-imker.de\/wp-content\/uploads\/2020\/04\/Bienen_2020-04-07_18-11-11-700x525.jpg 700w\" width=\"436\" height=\"327\" loading=\"lazy\" data-original-width=\"436\" data-original-height=\"327\" itemprop=\"http:\/\/schema.org\/image\" title=\"Bienen_2020-04-07_18-11-11\" alt=\"Der Ingelheimer Bismarckturm\" style=\"width: 436px; height: 327px;\" \/> <\/a> <div class=\"tiled-gallery-caption\" itemprop=\"caption description\"> Der Ingelheimer Bismarckturm <\/div> <\/div> <\/div> <!-- close group --> <div class=\"gallery-group images-2\" style=\"width: 220px; height: 331px;\" data-original-width=\"220\" data-original-height=\"331\" > <div class=\"tiled-gallery-item tiled-gallery-item-small\" itemprop=\"associatedMedia\" itemscope itemtype=\"http:\/\/schema.org\/ImageObject\"> <a href=\"https:\/\/rheinhessen-imker.de\/?attachment_id=1730\" border=\"0\" itemprop=\"url\"> <meta itemprop=\"width\" content=\"216\"> <meta itemprop=\"height\" content=\"162\"> <img decoding=\"async\" class=\"\" data-attachment-id=\"1730\" data-orig-file=\"https:\/\/rheinhessen-imker.de\/wp-content\/uploads\/2020\/04\/Bienen_2020-04-07_18-15-09-2.jpg\" data-orig-size=\"1000,750\" data-comments-opened=\"1\" data-image-meta=\"{&quot;aperture&quot;:&quot;0&quot;,&quot;credit&quot;:&quot;&quot;,&quot;camera&quot;:&quot;&quot;,&quot;caption&quot;:&quot;&quot;,&quot;created_timestamp&quot;:&quot;0&quot;,&quot;copyright&quot;:&quot;Michael Gr\\u00fcger&quot;,&quot;focal_length&quot;:&quot;0&quot;,&quot;iso&quot;:&quot;0&quot;,&quot;shutter_speed&quot;:&quot;0&quot;,&quot;title&quot;:&quot;&quot;,&quot;orientation&quot;:&quot;0&quot;}\" data-image-title=\"Bienen_2020-04-07_18-15-09-2\" data-image-description=\"\" data-medium-file=\"https:\/\/rheinhessen-imker.de\/wp-content\/uploads\/2020\/04\/Bienen_2020-04-07_18-15-09-2-300x225.jpg\" data-large-file=\"https:\/\/rheinhessen-imker.de\/wp-content\/uploads\/2020\/04\/Bienen_2020-04-07_18-15-09-2.jpg\" src=\"https:\/\/i0.wp.com\/rheinhessen-imker.de\/wp-content\/uploads\/2020\/04\/Bienen_2020-04-07_18-15-09-2.jpg?w=216&#038;h=162&#038;ssl=1\" srcset=\"https:\/\/rheinhessen-imker.de\/wp-content\/uploads\/2020\/04\/Bienen_2020-04-07_18-15-09-2.jpg 1000w, https:\/\/rheinhessen-imker.de\/wp-content\/uploads\/2020\/04\/Bienen_2020-04-07_18-15-09-2-300x225.jpg 300w, https:\/\/rheinhessen-imker.de\/wp-content\/uploads\/2020\/04\/Bienen_2020-04-07_18-15-09-2-150x113.jpg 150w, https:\/\/rheinhessen-imker.de\/wp-content\/uploads\/2020\/04\/Bienen_2020-04-07_18-15-09-2-768x576.jpg 768w, https:\/\/rheinhessen-imker.de\/wp-content\/uploads\/2020\/04\/Bienen_2020-04-07_18-15-09-2-700x525.jpg 700w\" width=\"216\" height=\"162\" loading=\"lazy\" data-original-width=\"216\" data-original-height=\"162\" itemprop=\"http:\/\/schema.org\/image\" title=\"Bienen_2020-04-07_18-15-09-2\" alt=\"Bienenstock in der Kirschbl\u00fcte.\" style=\"width: 216px; height: 162px;\" \/> <\/a> <div class=\"tiled-gallery-caption\" itemprop=\"caption description\"> Bienenstock in der Kirschbl\u00fcte. <\/div> <\/div> <div class=\"tiled-gallery-item tiled-gallery-item-small\" itemprop=\"associatedMedia\" itemscope itemtype=\"http:\/\/schema.org\/ImageObject\"> <a href=\"https:\/\/rheinhessen-imker.de\/?attachment_id=1731\" border=\"0\" itemprop=\"url\"> <meta itemprop=\"width\" content=\"216\"> <meta itemprop=\"height\" content=\"161\"> <img decoding=\"async\" class=\"\" data-attachment-id=\"1731\" data-orig-file=\"https:\/\/rheinhessen-imker.de\/wp-content\/uploads\/2020\/04\/Bienen_2020-04-07_18-15-32.jpg\" data-orig-size=\"1000,750\" data-comments-opened=\"1\" data-image-meta=\"{&quot;aperture&quot;:&quot;0&quot;,&quot;credit&quot;:&quot;&quot;,&quot;camera&quot;:&quot;&quot;,&quot;caption&quot;:&quot;&quot;,&quot;created_timestamp&quot;:&quot;0&quot;,&quot;copyright&quot;:&quot;Michael Gr\\u00fcger&quot;,&quot;focal_length&quot;:&quot;0&quot;,&quot;iso&quot;:&quot;0&quot;,&quot;shutter_speed&quot;:&quot;0&quot;,&quot;title&quot;:&quot;&quot;,&quot;orientation&quot;:&quot;0&quot;}\" data-image-title=\"Bienen_2020-04-07_18-15-32\" data-image-description=\"\" data-medium-file=\"https:\/\/rheinhessen-imker.de\/wp-content\/uploads\/2020\/04\/Bienen_2020-04-07_18-15-32-300x225.jpg\" data-large-file=\"https:\/\/rheinhessen-imker.de\/wp-content\/uploads\/2020\/04\/Bienen_2020-04-07_18-15-32.jpg\" src=\"https:\/\/i0.wp.com\/rheinhessen-imker.de\/wp-content\/uploads\/2020\/04\/Bienen_2020-04-07_18-15-32.jpg?w=216&#038;h=161&#038;ssl=1\" srcset=\"https:\/\/rheinhessen-imker.de\/wp-content\/uploads\/2020\/04\/Bienen_2020-04-07_18-15-32.jpg 1000w, https:\/\/rheinhessen-imker.de\/wp-content\/uploads\/2020\/04\/Bienen_2020-04-07_18-15-32-300x225.jpg 300w, https:\/\/rheinhessen-imker.de\/wp-content\/uploads\/2020\/04\/Bienen_2020-04-07_18-15-32-150x113.jpg 150w, https:\/\/rheinhessen-imker.de\/wp-content\/uploads\/2020\/04\/Bienen_2020-04-07_18-15-32-768x576.jpg 768w, https:\/\/rheinhessen-imker.de\/wp-content\/uploads\/2020\/04\/Bienen_2020-04-07_18-15-32-700x525.jpg 700w\" width=\"216\" height=\"161\" loading=\"lazy\" data-original-width=\"216\" data-original-height=\"161\" itemprop=\"http:\/\/schema.org\/image\" title=\"Bienen_2020-04-07_18-15-32\" alt=\"Bienenstock in der Kirschbl\u00fcte\" style=\"width: 216px; height: 161px;\" \/> <\/a> <div class=\"tiled-gallery-caption\" itemprop=\"caption description\"> Bienenstock in der Kirschbl\u00fcte <\/div> <\/div> <\/div> <!-- close group --> <\/div> <!-- close row --> <\/div>\n","protected":false},"excerpt":{"rendered":"<p>Wie in den vergangen Jahren auch schon, sind wir heute wieder mit einem Volk in die Kirschbl\u00fcte zu befreundeten Landwirten gewandert. Mit bestem Blick auf den Bismarckturm haben sich die flei\u00dfigen Kleinen direkt an die Arbeit gemacht und leckeren Nektar sowie Pollen gesammelt. Und,&#8230; als sch\u00f6nen &#8222;Nebeneffekt&#8220; die Bl\u00fcten best\u00e4ubt. &#8230;<\/p>\n","protected":false},"author":1,"featured_media":1729,"comment_status":"open","ping_status":"closed","sticky":false,"template":"","format":"standard","meta":{"_jetpack_memberships_contains_paid_content":false,"footnotes":""},"categories":[7],"tags":[],"class_list":["post-1741","post","type-post","status-publish","format-standard","has-post-thumbnail","hentry","category-allgemein","column","twocol","has-thumbnail"],"jetpack_sharing_enabled":true,"jetpack_featured_media_url":"https:\/\/rheinhessen-imker.de\/wp-content\/uploads\/2020\/04\/Bienen_2020-04-07_18-11-11.jpg","jetpack_shortlink":"https:\/\/wp.me\/p5t9Ps-s5","_links":{"self":[{"href":"https:\/\/rheinhessen-imker.de\/index.php?rest_route=\/wp\/v2\/posts\/1741","targetHints":{"allow":["GET"]}}],"collection":[{"href":"https:\/\/rheinhessen-imker.de\/index.php?rest_route=\/wp\/v2\/posts"}],"about":[{"href":"https:\/\/rheinhessen-imker.de\/index.php?rest_route=\/wp\/v2\/types\/post"}],"author":[{"embeddable":true,"href":"https:\/\/rheinhessen-imker.de\/index.php?rest_route=\/wp\/v2\/users\/1"}],"replies":[{"embeddable":true,"href":"https:\/\/rheinhessen-imker.de\/index.php?rest_route=%2Fwp%2Fv2%2Fcomments&post=1741"}],"version-history":[{"count":1,"href":"https:\/\/rheinhessen-imker.de\/index.php?rest_route=\/wp\/v2\/posts\/1741\/revisions"}],"predecessor-version":[{"id":1742,"href":"https:\/\/rheinhessen-imker.de\/index.php?rest_route=\/wp\/v2\/posts\/1741\/revisions\/1742"}],"wp:featuredmedia":[{"embeddable":true,"href":"https:\/\/rheinhessen-imker.de\/index.php?rest_route=\/wp\/v2\/media\/1729"}],"wp:attachment":[{"href":"https:\/\/rheinhessen-imker.de\/index.php?rest_route=%2Fwp%2Fv2%2Fmedia&parent=1741"}],"wp:term":[{"taxonomy":"category","embeddable":true,"href":"https:\/\/rheinhessen-imker.de\/index.php?rest_route=%2Fwp%2Fv2%2Fcategories&post=1741"},{"taxonomy":"post_tag","embeddable":true,"href":"https:\/\/rheinhessen-imker.de\/index.php?rest_route=%2Fwp%2Fv2%2Ftags&post=1741"}],"curies":[{"name":"wp","href":"https:\/\/api.w.org\/{rel}","templated":true}]}}