{"id":1825,"date":"2021-01-17T21:23:23","date_gmt":"2021-01-17T20:23:23","guid":{"rendered":"http:\/\/rheinhessen-imker.de\/?p=1825"},"modified":"2021-01-17T21:23:23","modified_gmt":"2021-01-17T20:23:23","slug":"winter-am-bienenstand","status":"publish","type":"post","link":"https:\/\/rheinhessen-imker.de\/?p=1825","title":{"rendered":"Winter am Bienenstand"},"content":{"rendered":"<p>Ordentlicher Schneefall \u00fcber Nacht. Grund genug mal wieder nach den Bienen zu sehen. Den V\u00f6lkern scheint es soweit gut zu gehen. Die V\u00f6lker sitzen wohl dicht gekuschelt zusammen und warten auf den Fr\u00fchling.<\/p>\n<p>Die ersten Fr\u00fchbl\u00fcher stehen in Startposition um den Bienen erste Pollen als Nahrung zu geben, bei uns die Hasel.<\/p>\n<p>Wir freuen uns sehr auf das Bienenjahr 2021.<\/p>\n<div class=\"tiled-gallery type-rectangular tiled-gallery-unresized\" data-original-width=\"660\" data-carousel-extra='{&quot;blog_id&quot;:1,&quot;permalink&quot;:&quot;https:\\\/\\\/rheinhessen-imker.de\\\/?p=1825&quot;,&quot;likes_blog_id&quot;:80830978}' itemscope itemtype=\"http:\/\/schema.org\/ImageGallery\" > <div class=\"gallery-row\" style=\"width: 660px; height: 295px;\" data-original-width=\"660\" data-original-height=\"295\" > <div class=\"gallery-group images-1\" style=\"width: 441px; height: 295px;\" data-original-width=\"441\" data-original-height=\"295\" > <div class=\"tiled-gallery-item tiled-gallery-item-large\" itemprop=\"associatedMedia\" itemscope itemtype=\"http:\/\/schema.org\/ImageObject\"> <a href=\"https:\/\/rheinhessen-imker.de\/?attachment_id=1821\" border=\"0\" itemprop=\"url\"> <meta itemprop=\"width\" content=\"437\"> <meta itemprop=\"height\" content=\"291\"> <img decoding=\"async\" class=\"\" data-attachment-id=\"1821\" data-orig-file=\"https:\/\/rheinhessen-imker.de\/wp-content\/uploads\/2021\/01\/Winter_2021-01-17_13-12-09.jpg\" data-orig-size=\"1500,1000\" data-comments-opened=\"1\" data-image-meta=\"{&quot;aperture&quot;:&quot;0&quot;,&quot;credit&quot;:&quot;&quot;,&quot;camera&quot;:&quot;&quot;,&quot;caption&quot;:&quot;&quot;,&quot;created_timestamp&quot;:&quot;0&quot;,&quot;copyright&quot;:&quot;Michael Grueger&quot;,&quot;focal_length&quot;:&quot;0&quot;,&quot;iso&quot;:&quot;0&quot;,&quot;shutter_speed&quot;:&quot;0&quot;,&quot;title&quot;:&quot;&quot;,&quot;orientation&quot;:&quot;0&quot;}\" data-image-title=\"Winter_2021-01-17_13-12-09\" data-image-description=\"\" data-medium-file=\"https:\/\/rheinhessen-imker.de\/wp-content\/uploads\/2021\/01\/Winter_2021-01-17_13-12-09-300x200.jpg\" data-large-file=\"https:\/\/rheinhessen-imker.de\/wp-content\/uploads\/2021\/01\/Winter_2021-01-17_13-12-09-1024x683.jpg\" src=\"https:\/\/i0.wp.com\/rheinhessen-imker.de\/wp-content\/uploads\/2021\/01\/Winter_2021-01-17_13-12-09.jpg?w=437&#038;h=291&#038;ssl=1\" srcset=\"https:\/\/rheinhessen-imker.de\/wp-content\/uploads\/2021\/01\/Winter_2021-01-17_13-12-09.jpg 1500w, https:\/\/rheinhessen-imker.de\/wp-content\/uploads\/2021\/01\/Winter_2021-01-17_13-12-09-300x200.jpg 300w, https:\/\/rheinhessen-imker.de\/wp-content\/uploads\/2021\/01\/Winter_2021-01-17_13-12-09-1024x683.jpg 1024w, https:\/\/rheinhessen-imker.de\/wp-content\/uploads\/2021\/01\/Winter_2021-01-17_13-12-09-150x100.jpg 150w, https:\/\/rheinhessen-imker.de\/wp-content\/uploads\/2021\/01\/Winter_2021-01-17_13-12-09-768x512.jpg 768w, https:\/\/rheinhessen-imker.de\/wp-content\/uploads\/2021\/01\/Winter_2021-01-17_13-12-09-700x467.jpg 700w\" width=\"437\" height=\"291\" loading=\"lazy\" data-original-width=\"437\" data-original-height=\"291\" itemprop=\"http:\/\/schema.org\/image\" title=\"Winter_2021-01-17_13-12-09\" alt=\"Unser Bienenstand\" style=\"width: 437px; height: 291px;\" \/> <\/a> <div class=\"tiled-gallery-caption\" itemprop=\"caption description\"> Unser Bienenstand <\/div> <\/div> <\/div> <!-- close group --> <div class=\"gallery-group images-2\" style=\"width: 219px; height: 295px;\" data-original-width=\"219\" data-original-height=\"295\" > <div class=\"tiled-gallery-item tiled-gallery-item-small\" itemprop=\"associatedMedia\" itemscope itemtype=\"http:\/\/schema.org\/ImageObject\"> <a href=\"https:\/\/rheinhessen-imker.de\/?attachment_id=1824\" border=\"0\" itemprop=\"url\"> <meta itemprop=\"width\" content=\"215\"> <meta itemprop=\"height\" content=\"144\"> <img decoding=\"async\" class=\"\" data-attachment-id=\"1824\" data-orig-file=\"https:\/\/rheinhessen-imker.de\/wp-content\/uploads\/2021\/01\/Winter_2021-01-17_13-15-56.jpg\" data-orig-size=\"1500,1000\" data-comments-opened=\"1\" data-image-meta=\"{&quot;aperture&quot;:&quot;0&quot;,&quot;credit&quot;:&quot;&quot;,&quot;camera&quot;:&quot;&quot;,&quot;caption&quot;:&quot;&quot;,&quot;created_timestamp&quot;:&quot;0&quot;,&quot;copyright&quot;:&quot;Michael Grueger&quot;,&quot;focal_length&quot;:&quot;0&quot;,&quot;iso&quot;:&quot;0&quot;,&quot;shutter_speed&quot;:&quot;0&quot;,&quot;title&quot;:&quot;&quot;,&quot;orientation&quot;:&quot;0&quot;}\" data-image-title=\"Winter_2021-01-17_13-15-56\" data-image-description=\"\" data-medium-file=\"https:\/\/rheinhessen-imker.de\/wp-content\/uploads\/2021\/01\/Winter_2021-01-17_13-15-56-300x200.jpg\" data-large-file=\"https:\/\/rheinhessen-imker.de\/wp-content\/uploads\/2021\/01\/Winter_2021-01-17_13-15-56-1024x683.jpg\" src=\"https:\/\/i0.wp.com\/rheinhessen-imker.de\/wp-content\/uploads\/2021\/01\/Winter_2021-01-17_13-15-56.jpg?w=215&#038;h=144&#038;ssl=1\" srcset=\"https:\/\/rheinhessen-imker.de\/wp-content\/uploads\/2021\/01\/Winter_2021-01-17_13-15-56.jpg 1500w, https:\/\/rheinhessen-imker.de\/wp-content\/uploads\/2021\/01\/Winter_2021-01-17_13-15-56-300x200.jpg 300w, https:\/\/rheinhessen-imker.de\/wp-content\/uploads\/2021\/01\/Winter_2021-01-17_13-15-56-1024x683.jpg 1024w, https:\/\/rheinhessen-imker.de\/wp-content\/uploads\/2021\/01\/Winter_2021-01-17_13-15-56-150x100.jpg 150w, https:\/\/rheinhessen-imker.de\/wp-content\/uploads\/2021\/01\/Winter_2021-01-17_13-15-56-768x512.jpg 768w, https:\/\/rheinhessen-imker.de\/wp-content\/uploads\/2021\/01\/Winter_2021-01-17_13-15-56-700x467.jpg 700w\" width=\"215\" height=\"144\" loading=\"lazy\" data-original-width=\"215\" data-original-height=\"144\" itemprop=\"http:\/\/schema.org\/image\" title=\"Winter_2021-01-17_13-15-56\" alt=\"Eingeschneite Bienenst\u00f6cke\" style=\"width: 215px; height: 144px;\" \/> <\/a> <div class=\"tiled-gallery-caption\" itemprop=\"caption description\"> Eingeschneite Bienenst\u00f6cke <\/div> <\/div> <div class=\"tiled-gallery-item tiled-gallery-item-small\" itemprop=\"associatedMedia\" itemscope itemtype=\"http:\/\/schema.org\/ImageObject\"> <a href=\"https:\/\/rheinhessen-imker.de\/?attachment_id=1820\" border=\"0\" itemprop=\"url\"> <meta itemprop=\"width\" content=\"215\"> <meta itemprop=\"height\" content=\"143\"> <img decoding=\"async\" class=\"\" data-attachment-id=\"1820\" data-orig-file=\"https:\/\/rheinhessen-imker.de\/wp-content\/uploads\/2021\/01\/Winter_2021-01-17_13-11-49.jpg\" data-orig-size=\"1500,1000\" data-comments-opened=\"1\" data-image-meta=\"{&quot;aperture&quot;:&quot;0&quot;,&quot;credit&quot;:&quot;&quot;,&quot;camera&quot;:&quot;&quot;,&quot;caption&quot;:&quot;&quot;,&quot;created_timestamp&quot;:&quot;0&quot;,&quot;copyright&quot;:&quot;Michael Grueger&quot;,&quot;focal_length&quot;:&quot;0&quot;,&quot;iso&quot;:&quot;0&quot;,&quot;shutter_speed&quot;:&quot;0&quot;,&quot;title&quot;:&quot;&quot;,&quot;orientation&quot;:&quot;0&quot;}\" data-image-title=\"Winter_2021-01-17_13-11-49\" data-image-description=\"\" data-medium-file=\"https:\/\/rheinhessen-imker.de\/wp-content\/uploads\/2021\/01\/Winter_2021-01-17_13-11-49-300x200.jpg\" data-large-file=\"https:\/\/rheinhessen-imker.de\/wp-content\/uploads\/2021\/01\/Winter_2021-01-17_13-11-49-1024x683.jpg\" src=\"https:\/\/i0.wp.com\/rheinhessen-imker.de\/wp-content\/uploads\/2021\/01\/Winter_2021-01-17_13-11-49.jpg?w=215&#038;h=143&#038;ssl=1\" srcset=\"https:\/\/rheinhessen-imker.de\/wp-content\/uploads\/2021\/01\/Winter_2021-01-17_13-11-49.jpg 1500w, https:\/\/rheinhessen-imker.de\/wp-content\/uploads\/2021\/01\/Winter_2021-01-17_13-11-49-300x200.jpg 300w, https:\/\/rheinhessen-imker.de\/wp-content\/uploads\/2021\/01\/Winter_2021-01-17_13-11-49-1024x683.jpg 1024w, https:\/\/rheinhessen-imker.de\/wp-content\/uploads\/2021\/01\/Winter_2021-01-17_13-11-49-150x100.jpg 150w, https:\/\/rheinhessen-imker.de\/wp-content\/uploads\/2021\/01\/Winter_2021-01-17_13-11-49-768x512.jpg 768w, https:\/\/rheinhessen-imker.de\/wp-content\/uploads\/2021\/01\/Winter_2021-01-17_13-11-49-700x467.jpg 700w\" width=\"215\" height=\"143\" loading=\"lazy\" data-original-width=\"215\" data-original-height=\"143\" itemprop=\"http:\/\/schema.org\/image\" title=\"Winter_2021-01-17_13-11-49\" alt=\"Eingeschneite Bienenst\u00f6cke\" style=\"width: 215px; height: 143px;\" \/> <\/a> <div class=\"tiled-gallery-caption\" itemprop=\"caption description\"> Eingeschneite Bienenst\u00f6cke <\/div> <\/div> <\/div> <!-- close group --> <\/div> <!-- close row --> <div class=\"gallery-row\" style=\"width: 660px; height: 221px;\" data-original-width=\"660\" data-original-height=\"221\" > <div class=\"gallery-group images-1\" style=\"width: 330px; height: 221px;\" data-original-width=\"330\" data-original-height=\"221\" > <div class=\"tiled-gallery-item tiled-gallery-item-large\" itemprop=\"associatedMedia\" itemscope itemtype=\"http:\/\/schema.org\/ImageObject\"> <a href=\"https:\/\/rheinhessen-imker.de\/?attachment_id=1819\" border=\"0\" itemprop=\"url\"> <meta itemprop=\"width\" content=\"326\"> <meta itemprop=\"height\" content=\"217\"> <img decoding=\"async\" class=\"\" data-attachment-id=\"1819\" data-orig-file=\"https:\/\/rheinhessen-imker.de\/wp-content\/uploads\/2021\/01\/Winter_2021-01-17_13-08-05.jpg\" data-orig-size=\"1500,1000\" data-comments-opened=\"1\" data-image-meta=\"{&quot;aperture&quot;:&quot;0&quot;,&quot;credit&quot;:&quot;&quot;,&quot;camera&quot;:&quot;&quot;,&quot;caption&quot;:&quot;&quot;,&quot;created_timestamp&quot;:&quot;0&quot;,&quot;copyright&quot;:&quot;Michael Grueger&quot;,&quot;focal_length&quot;:&quot;0&quot;,&quot;iso&quot;:&quot;0&quot;,&quot;shutter_speed&quot;:&quot;0&quot;,&quot;title&quot;:&quot;&quot;,&quot;orientation&quot;:&quot;0&quot;}\" data-image-title=\"Winter_2021-01-17_13-08-05\" data-image-description=\"&lt;p&gt;Es dauert nicht mehr lange. Die ersten Fr\u00fchbl\u00fcher &#8211; hier die die Hasel sind da.&lt;\/p&gt; \" data-medium-file=\"https:\/\/rheinhessen-imker.de\/wp-content\/uploads\/2021\/01\/Winter_2021-01-17_13-08-05-300x200.jpg\" data-large-file=\"https:\/\/rheinhessen-imker.de\/wp-content\/uploads\/2021\/01\/Winter_2021-01-17_13-08-05-1024x683.jpg\" src=\"https:\/\/i0.wp.com\/rheinhessen-imker.de\/wp-content\/uploads\/2021\/01\/Winter_2021-01-17_13-08-05.jpg?w=326&#038;h=217&#038;ssl=1\" srcset=\"https:\/\/rheinhessen-imker.de\/wp-content\/uploads\/2021\/01\/Winter_2021-01-17_13-08-05.jpg 1500w, https:\/\/rheinhessen-imker.de\/wp-content\/uploads\/2021\/01\/Winter_2021-01-17_13-08-05-300x200.jpg 300w, https:\/\/rheinhessen-imker.de\/wp-content\/uploads\/2021\/01\/Winter_2021-01-17_13-08-05-1024x683.jpg 1024w, https:\/\/rheinhessen-imker.de\/wp-content\/uploads\/2021\/01\/Winter_2021-01-17_13-08-05-150x100.jpg 150w, https:\/\/rheinhessen-imker.de\/wp-content\/uploads\/2021\/01\/Winter_2021-01-17_13-08-05-768x512.jpg 768w, https:\/\/rheinhessen-imker.de\/wp-content\/uploads\/2021\/01\/Winter_2021-01-17_13-08-05-700x467.jpg 700w\" width=\"326\" height=\"217\" loading=\"lazy\" data-original-width=\"326\" data-original-height=\"217\" itemprop=\"http:\/\/schema.org\/image\" title=\"Winter_2021-01-17_13-08-05\" alt=\"Bald geht\u00b4s los\" style=\"width: 326px; height: 217px;\" \/> <\/a> <div class=\"tiled-gallery-caption\" itemprop=\"caption description\"> Es dauert nicht mehr lange. Die ersten Fr\u00fchbl\u00fcher &#8211; hier die die Hasel sind da. <\/div> <\/div> <\/div> <!-- close group --> <div class=\"gallery-group images-1\" style=\"width: 330px; height: 221px;\" data-original-width=\"330\" data-original-height=\"221\" > <div class=\"tiled-gallery-item tiled-gallery-item-large\" itemprop=\"associatedMedia\" itemscope itemtype=\"http:\/\/schema.org\/ImageObject\"> <a href=\"https:\/\/rheinhessen-imker.de\/?attachment_id=1822\" border=\"0\" itemprop=\"url\"> <meta itemprop=\"width\" content=\"326\"> <meta itemprop=\"height\" content=\"217\"> <img decoding=\"async\" class=\"\" data-attachment-id=\"1822\" data-orig-file=\"https:\/\/rheinhessen-imker.de\/wp-content\/uploads\/2021\/01\/Winter_2021-01-17_13-15-26.jpg\" data-orig-size=\"1500,1000\" data-comments-opened=\"1\" data-image-meta=\"{&quot;aperture&quot;:&quot;0&quot;,&quot;credit&quot;:&quot;&quot;,&quot;camera&quot;:&quot;&quot;,&quot;caption&quot;:&quot;&quot;,&quot;created_timestamp&quot;:&quot;0&quot;,&quot;copyright&quot;:&quot;Michael Grueger&quot;,&quot;focal_length&quot;:&quot;0&quot;,&quot;iso&quot;:&quot;0&quot;,&quot;shutter_speed&quot;:&quot;0&quot;,&quot;title&quot;:&quot;&quot;,&quot;orientation&quot;:&quot;0&quot;}\" data-image-title=\"Winter_2021-01-17_13-15-26\" data-image-description=\"\" data-medium-file=\"https:\/\/rheinhessen-imker.de\/wp-content\/uploads\/2021\/01\/Winter_2021-01-17_13-15-26-300x200.jpg\" data-large-file=\"https:\/\/rheinhessen-imker.de\/wp-content\/uploads\/2021\/01\/Winter_2021-01-17_13-15-26-1024x683.jpg\" src=\"https:\/\/i0.wp.com\/rheinhessen-imker.de\/wp-content\/uploads\/2021\/01\/Winter_2021-01-17_13-15-26.jpg?w=326&#038;h=217&#038;ssl=1\" srcset=\"https:\/\/rheinhessen-imker.de\/wp-content\/uploads\/2021\/01\/Winter_2021-01-17_13-15-26.jpg 1500w, https:\/\/rheinhessen-imker.de\/wp-content\/uploads\/2021\/01\/Winter_2021-01-17_13-15-26-300x200.jpg 300w, https:\/\/rheinhessen-imker.de\/wp-content\/uploads\/2021\/01\/Winter_2021-01-17_13-15-26-1024x683.jpg 1024w, https:\/\/rheinhessen-imker.de\/wp-content\/uploads\/2021\/01\/Winter_2021-01-17_13-15-26-150x100.jpg 150w, https:\/\/rheinhessen-imker.de\/wp-content\/uploads\/2021\/01\/Winter_2021-01-17_13-15-26-768x512.jpg 768w, https:\/\/rheinhessen-imker.de\/wp-content\/uploads\/2021\/01\/Winter_2021-01-17_13-15-26-700x467.jpg 700w\" width=\"326\" height=\"217\" loading=\"lazy\" data-original-width=\"326\" data-original-height=\"217\" itemprop=\"http:\/\/schema.org\/image\" title=\"Winter_2021-01-17_13-15-26\" alt=\"Eingeschneite Bienenst\u00f6cke\" style=\"width: 326px; height: 217px;\" \/> <\/a> <div class=\"tiled-gallery-caption\" itemprop=\"caption description\"> Eingeschneite Bienenst\u00f6cke <\/div> <\/div> <\/div> <!-- close group --> <\/div> <!-- close row --> <\/div>\n<p>&nbsp;<\/p>\n","protected":false},"excerpt":{"rendered":"<p>Ordentlicher Schneefall \u00fcber Nacht. Grund genug mal wieder nach den Bienen zu sehen. Den V\u00f6lkern scheint es soweit gut zu gehen. Die V\u00f6lker sitzen wohl dicht gekuschelt zusammen und warten auf den Fr\u00fchling. Die ersten Fr\u00fchbl\u00fcher stehen in Startposition um den Bienen erste Pollen als Nahrung zu geben, bei uns &#8230;<\/p>\n","protected":false},"author":1,"featured_media":1821,"comment_status":"open","ping_status":"closed","sticky":false,"template":"","format":"standard","meta":{"_jetpack_memberships_contains_paid_content":false,"footnotes":""},"categories":[7],"tags":[],"class_list":["post-1825","post","type-post","status-publish","format-standard","has-post-thumbnail","hentry","category-allgemein","column","twocol","has-thumbnail"],"jetpack_sharing_enabled":true,"jetpack_featured_media_url":"https:\/\/rheinhessen-imker.de\/wp-content\/uploads\/2021\/01\/Winter_2021-01-17_13-12-09.jpg","jetpack_shortlink":"https:\/\/wp.me\/p5t9Ps-tr","_links":{"self":[{"href":"https:\/\/rheinhessen-imker.de\/index.php?rest_route=\/wp\/v2\/posts\/1825","targetHints":{"allow":["GET"]}}],"collection":[{"href":"https:\/\/rheinhessen-imker.de\/index.php?rest_route=\/wp\/v2\/posts"}],"about":[{"href":"https:\/\/rheinhessen-imker.de\/index.php?rest_route=\/wp\/v2\/types\/post"}],"author":[{"embeddable":true,"href":"https:\/\/rheinhessen-imker.de\/index.php?rest_route=\/wp\/v2\/users\/1"}],"replies":[{"embeddable":true,"href":"https:\/\/rheinhessen-imker.de\/index.php?rest_route=%2Fwp%2Fv2%2Fcomments&post=1825"}],"version-history":[{"count":3,"href":"https:\/\/rheinhessen-imker.de\/index.php?rest_route=\/wp\/v2\/posts\/1825\/revisions"}],"predecessor-version":[{"id":1832,"href":"https:\/\/rheinhessen-imker.de\/index.php?rest_route=\/wp\/v2\/posts\/1825\/revisions\/1832"}],"wp:featuredmedia":[{"embeddable":true,"href":"https:\/\/rheinhessen-imker.de\/index.php?rest_route=\/wp\/v2\/media\/1821"}],"wp:attachment":[{"href":"https:\/\/rheinhessen-imker.de\/index.php?rest_route=%2Fwp%2Fv2%2Fmedia&parent=1825"}],"wp:term":[{"taxonomy":"category","embeddable":true,"href":"https:\/\/rheinhessen-imker.de\/index.php?rest_route=%2Fwp%2Fv2%2Fcategories&post=1825"},{"taxonomy":"post_tag","embeddable":true,"href":"https:\/\/rheinhessen-imker.de\/index.php?rest_route=%2Fwp%2Fv2%2Ftags&post=1825"}],"curies":[{"name":"wp","href":"https:\/\/api.w.org\/{rel}","templated":true}]}}