{"id":1840,"date":"2021-03-07T23:23:42","date_gmt":"2021-03-07T22:23:42","guid":{"rendered":"http:\/\/rheinhessen-imker.de\/?p=1840"},"modified":"2021-03-09T00:11:57","modified_gmt":"2021-03-08T23:11:57","slug":"sie-fliegen-wieder","status":"publish","type":"post","link":"https:\/\/rheinhessen-imker.de\/?p=1840","title":{"rendered":"Sie fliegen wieder&#8230;"},"content":{"rendered":"<p>Bei besten Sonnenschein stand heute der &#8222;Fr\u00fchjahrsputz&#8220; auf unserem Bienenstand an. Nachdem am letzten Wochenende Hecken und B\u00e4ume zur\u00fcckgeschnitten wurden, musste nun noch weiter aufger\u00e4umt werden.<\/p>\n<p>Das sch\u00f6ne und warme Wetter hat auch die Bienen aus Ihren Beuten gelockt. Es war recht viel Flugbetrieb an allen V\u00f6lkern zu beobachten. Von ihren <a href=\"https:\/\/rheinhessen-imker.de\/wp-content\/uploads\/2021\/03\/img_2831.mov\">ersten Fl\u00fcgen<\/a> brachten die Bienen einiges an Pollen mit &#8211; es wird also auch flei\u00dfig gebr\u00fctet.<\/p>\n<div class=\"tiled-gallery type-rectangular tiled-gallery-unresized\" data-original-width=\"660\" data-carousel-extra='{&quot;blog_id&quot;:1,&quot;permalink&quot;:&quot;https:\\\/\\\/rheinhessen-imker.de\\\/?p=1840&quot;,&quot;likes_blog_id&quot;:80830978}' itemscope itemtype=\"http:\/\/schema.org\/ImageGallery\" > <div class=\"gallery-row\" style=\"width: 660px; height: 196px;\" data-original-width=\"660\" data-original-height=\"196\" > <div class=\"gallery-group images-1\" style=\"width: 315px; height: 196px;\" data-original-width=\"315\" data-original-height=\"196\" > <div class=\"tiled-gallery-item tiled-gallery-item-large\" itemprop=\"associatedMedia\" itemscope itemtype=\"http:\/\/schema.org\/ImageObject\"> <a href=\"https:\/\/rheinhessen-imker.de\/?attachment_id=1838\" border=\"0\" itemprop=\"url\"> <meta itemprop=\"width\" content=\"311\"> <meta itemprop=\"height\" content=\"192\"> <img decoding=\"async\" class=\"\" data-attachment-id=\"1838\" data-orig-file=\"https:\/\/rheinhessen-imker.de\/wp-content\/uploads\/2021\/03\/img_2834-scaled-e1615242595592.jpg\" data-orig-size=\"1977,1216\" data-comments-opened=\"1\" data-image-meta=\"{&quot;aperture&quot;:&quot;2.2&quot;,&quot;credit&quot;:&quot;&quot;,&quot;camera&quot;:&quot;iPhone SE (1st generation)&quot;,&quot;caption&quot;:&quot;&quot;,&quot;created_timestamp&quot;:&quot;1615126630&quot;,&quot;copyright&quot;:&quot;&quot;,&quot;focal_length&quot;:&quot;4.15&quot;,&quot;iso&quot;:&quot;25&quot;,&quot;shutter_speed&quot;:&quot;0.0025773195876289&quot;,&quot;title&quot;:&quot;&quot;,&quot;orientation&quot;:&quot;1&quot;}\" data-image-title=\"Bienen_2021-03-07_2\" data-image-description=\"\" data-medium-file=\"https:\/\/rheinhessen-imker.de\/wp-content\/uploads\/2021\/03\/img_2834-scaled-e1615242595592-300x185.jpg\" data-large-file=\"https:\/\/rheinhessen-imker.de\/wp-content\/uploads\/2021\/03\/img_2834-scaled-e1615242595592-1024x630.jpg\" src=\"https:\/\/i0.wp.com\/rheinhessen-imker.de\/wp-content\/uploads\/2021\/03\/img_2834-scaled-e1615242595592.jpg?w=311&#038;h=192&#038;ssl=1\" srcset=\"https:\/\/rheinhessen-imker.de\/wp-content\/uploads\/2021\/03\/img_2834-scaled-e1615242595592.jpg 1977w, https:\/\/rheinhessen-imker.de\/wp-content\/uploads\/2021\/03\/img_2834-scaled-e1615242595592-300x185.jpg 300w, https:\/\/rheinhessen-imker.de\/wp-content\/uploads\/2021\/03\/img_2834-scaled-e1615242595592-1024x630.jpg 1024w, https:\/\/rheinhessen-imker.de\/wp-content\/uploads\/2021\/03\/img_2834-scaled-e1615242595592-150x92.jpg 150w, https:\/\/rheinhessen-imker.de\/wp-content\/uploads\/2021\/03\/img_2834-scaled-e1615242595592-768x472.jpg 768w, https:\/\/rheinhessen-imker.de\/wp-content\/uploads\/2021\/03\/img_2834-scaled-e1615242595592-1536x945.jpg 1536w, https:\/\/rheinhessen-imker.de\/wp-content\/uploads\/2021\/03\/img_2834-scaled-e1615242595592-332x205.jpg 332w, https:\/\/rheinhessen-imker.de\/wp-content\/uploads\/2021\/03\/img_2834-scaled-e1615242595592-268x164.jpg 268w, https:\/\/rheinhessen-imker.de\/wp-content\/uploads\/2021\/03\/img_2834-scaled-e1615242595592-700x431.jpg 700w\" width=\"311\" height=\"192\" loading=\"lazy\" data-original-width=\"311\" data-original-height=\"192\" itemprop=\"http:\/\/schema.org\/image\" title=\"Bienen_2021-03-07_2\" alt=\"Bienen_2021-03-07_2\" style=\"width: 311px; height: 192px;\" \/> <\/a> <\/div> <\/div> <!-- close group --> <div class=\"gallery-group images-1\" style=\"width: 345px; height: 196px;\" data-original-width=\"345\" data-original-height=\"196\" > <div class=\"tiled-gallery-item tiled-gallery-item-large\" itemprop=\"associatedMedia\" itemscope itemtype=\"http:\/\/schema.org\/ImageObject\"> <a href=\"https:\/\/rheinhessen-imker.de\/?attachment_id=1839\" border=\"0\" itemprop=\"url\"> <meta itemprop=\"width\" content=\"341\"> <meta itemprop=\"height\" content=\"192\"> <img decoding=\"async\" class=\"\" data-attachment-id=\"1839\" data-orig-file=\"https:\/\/rheinhessen-imker.de\/wp-content\/uploads\/2021\/03\/img_2835-scaled.jpg\" data-orig-size=\"2560,1440\" data-comments-opened=\"1\" data-image-meta=\"{&quot;aperture&quot;:&quot;2.2&quot;,&quot;credit&quot;:&quot;&quot;,&quot;camera&quot;:&quot;iPhone SE (1st generation)&quot;,&quot;caption&quot;:&quot;&quot;,&quot;created_timestamp&quot;:&quot;1615126632&quot;,&quot;copyright&quot;:&quot;&quot;,&quot;focal_length&quot;:&quot;4.15&quot;,&quot;iso&quot;:&quot;25&quot;,&quot;shutter_speed&quot;:&quot;0.0025773195876289&quot;,&quot;title&quot;:&quot;&quot;,&quot;orientation&quot;:&quot;1&quot;}\" data-image-title=\"Bienen_2021-03-07_1\" data-image-description=\"\" data-medium-file=\"https:\/\/rheinhessen-imker.de\/wp-content\/uploads\/2021\/03\/img_2835-300x169.jpg\" data-large-file=\"https:\/\/rheinhessen-imker.de\/wp-content\/uploads\/2021\/03\/img_2835-1024x576.jpg\" src=\"https:\/\/i0.wp.com\/rheinhessen-imker.de\/wp-content\/uploads\/2021\/03\/img_2835-scaled.jpg?w=341&#038;h=192&#038;ssl=1\" srcset=\"https:\/\/rheinhessen-imker.de\/wp-content\/uploads\/2021\/03\/img_2835-scaled.jpg 2560w, https:\/\/rheinhessen-imker.de\/wp-content\/uploads\/2021\/03\/img_2835-300x169.jpg 300w, https:\/\/rheinhessen-imker.de\/wp-content\/uploads\/2021\/03\/img_2835-1024x576.jpg 1024w, https:\/\/rheinhessen-imker.de\/wp-content\/uploads\/2021\/03\/img_2835-150x84.jpg 150w, https:\/\/rheinhessen-imker.de\/wp-content\/uploads\/2021\/03\/img_2835-768x432.jpg 768w, https:\/\/rheinhessen-imker.de\/wp-content\/uploads\/2021\/03\/img_2835-1536x864.jpg 1536w, https:\/\/rheinhessen-imker.de\/wp-content\/uploads\/2021\/03\/img_2835-2048x1152.jpg 2048w, https:\/\/rheinhessen-imker.de\/wp-content\/uploads\/2021\/03\/img_2835-700x393.jpg 700w\" width=\"341\" height=\"192\" loading=\"lazy\" data-original-width=\"341\" data-original-height=\"192\" itemprop=\"http:\/\/schema.org\/image\" title=\"Bienen_2021-03-07_1\" alt=\"Bienen_2021-03-07_1\" style=\"width: 341px; height: 192px;\" \/> <\/a> <\/div> <\/div> <!-- close group --> <\/div> <!-- close row --> <\/div>\n","protected":false},"excerpt":{"rendered":"<p>Bei besten Sonnenschein stand heute der &#8222;Fr\u00fchjahrsputz&#8220; auf unserem Bienenstand an. Nachdem am letzten Wochenende Hecken und B\u00e4ume zur\u00fcckgeschnitten wurden, musste nun noch weiter aufger\u00e4umt werden. Das sch\u00f6ne und warme Wetter hat auch die Bienen aus Ihren Beuten gelockt. Es war recht viel Flugbetrieb an allen V\u00f6lkern zu beobachten. Von &#8230;<\/p>\n","protected":false},"author":1,"featured_media":1838,"comment_status":"open","ping_status":"closed","sticky":false,"template":"","format":"standard","meta":{"_jetpack_memberships_contains_paid_content":false,"footnotes":""},"categories":[7],"tags":[],"class_list":["post-1840","post","type-post","status-publish","format-standard","has-post-thumbnail","hentry","category-allgemein","column","twocol","has-thumbnail"],"jetpack_sharing_enabled":true,"jetpack_featured_media_url":"https:\/\/rheinhessen-imker.de\/wp-content\/uploads\/2021\/03\/img_2834-scaled-e1615242595592.jpg","jetpack_shortlink":"https:\/\/wp.me\/p5t9Ps-tG","_links":{"self":[{"href":"https:\/\/rheinhessen-imker.de\/index.php?rest_route=\/wp\/v2\/posts\/1840","targetHints":{"allow":["GET"]}}],"collection":[{"href":"https:\/\/rheinhessen-imker.de\/index.php?rest_route=\/wp\/v2\/posts"}],"about":[{"href":"https:\/\/rheinhessen-imker.de\/index.php?rest_route=\/wp\/v2\/types\/post"}],"author":[{"embeddable":true,"href":"https:\/\/rheinhessen-imker.de\/index.php?rest_route=\/wp\/v2\/users\/1"}],"replies":[{"embeddable":true,"href":"https:\/\/rheinhessen-imker.de\/index.php?rest_route=%2Fwp%2Fv2%2Fcomments&post=1840"}],"version-history":[{"count":7,"href":"https:\/\/rheinhessen-imker.de\/index.php?rest_route=\/wp\/v2\/posts\/1840\/revisions"}],"predecessor-version":[{"id":1848,"href":"https:\/\/rheinhessen-imker.de\/index.php?rest_route=\/wp\/v2\/posts\/1840\/revisions\/1848"}],"wp:featuredmedia":[{"embeddable":true,"href":"https:\/\/rheinhessen-imker.de\/index.php?rest_route=\/wp\/v2\/media\/1838"}],"wp:attachment":[{"href":"https:\/\/rheinhessen-imker.de\/index.php?rest_route=%2Fwp%2Fv2%2Fmedia&parent=1840"}],"wp:term":[{"taxonomy":"category","embeddable":true,"href":"https:\/\/rheinhessen-imker.de\/index.php?rest_route=%2Fwp%2Fv2%2Fcategories&post=1840"},{"taxonomy":"post_tag","embeddable":true,"href":"https:\/\/rheinhessen-imker.de\/index.php?rest_route=%2Fwp%2Fv2%2Ftags&post=1840"}],"curies":[{"name":"wp","href":"https:\/\/api.w.org\/{rel}","templated":true}]}}