{"id":186,"date":"2014-04-06T18:57:03","date_gmt":"2014-04-06T17:57:03","guid":{"rendered":"http:\/\/rheinhessen-imker.de\/?p=186"},"modified":"2014-12-31T16:16:11","modified_gmt":"2014-12-31T15:16:11","slug":"wunderschoenes-bienenwetter","status":"publish","type":"post","link":"https:\/\/rheinhessen-imker.de\/?p=186","title":{"rendered":"Wundersch\u00f6nes Bienenwetter"},"content":{"rendered":"<p>Bei diesem sehr sch\u00f6nen Wetter sind unsere Bienen schon flei\u00dfig bei der Arbeit.<\/p>\n<div class=\"tiled-gallery type-rectangular tiled-gallery-unresized\" data-original-width=\"660\" data-carousel-extra='{&quot;blog_id&quot;:1,&quot;permalink&quot;:&quot;https:\\\/\\\/rheinhessen-imker.de\\\/?p=186&quot;,&quot;likes_blog_id&quot;:80830978}' itemscope itemtype=\"http:\/\/schema.org\/ImageGallery\" > <div class=\"gallery-row\" style=\"width: 660px; height: 295px;\" data-original-width=\"660\" data-original-height=\"295\" > <div class=\"gallery-group images-1\" style=\"width: 441px; height: 295px;\" data-original-width=\"441\" data-original-height=\"295\" > <div class=\"tiled-gallery-item tiled-gallery-item-large\" itemprop=\"associatedMedia\" itemscope itemtype=\"http:\/\/schema.org\/ImageObject\"> <a href=\"https:\/\/rheinhessen-imker.de\/?attachment_id=185\" border=\"0\" itemprop=\"url\"> <meta itemprop=\"width\" content=\"437\"> <meta itemprop=\"height\" content=\"291\"> <img decoding=\"async\" class=\"\" data-attachment-id=\"185\" data-orig-file=\"https:\/\/rheinhessen-imker.de\/wp-content\/uploads\/2014\/04\/Bienen_2014-04-06_14-04-02.jpg\" data-orig-size=\"1024,683\" data-comments-opened=\"1\" data-image-meta=\"{&quot;aperture&quot;:&quot;4&quot;,&quot;credit&quot;:&quot;Michael Gr\\u00fcger&quot;,&quot;camera&quot;:&quot;Canon EOS 70D&quot;,&quot;caption&quot;:&quot;&quot;,&quot;created_timestamp&quot;:&quot;1396793042&quot;,&quot;copyright&quot;:&quot;Michael Gr\\u00fcger&quot;,&quot;focal_length&quot;:&quot;200&quot;,&quot;iso&quot;:&quot;1600&quot;,&quot;shutter_speed&quot;:&quot;0.000125&quot;,&quot;title&quot;:&quot;\\u00a9 Michael Gr\\u00fcger, Wackernheim&quot;}\" data-image-title=\"Bei der Arbeit\" data-image-description=\"\" data-medium-file=\"https:\/\/rheinhessen-imker.de\/wp-content\/uploads\/2014\/04\/Bienen_2014-04-06_14-04-02-300x200.jpg\" data-large-file=\"https:\/\/rheinhessen-imker.de\/wp-content\/uploads\/2014\/04\/Bienen_2014-04-06_14-04-02.jpg\" src=\"https:\/\/i0.wp.com\/rheinhessen-imker.de\/wp-content\/uploads\/2014\/04\/Bienen_2014-04-06_14-04-02.jpg?w=437&#038;h=291&#038;ssl=1\" srcset=\"https:\/\/rheinhessen-imker.de\/wp-content\/uploads\/2014\/04\/Bienen_2014-04-06_14-04-02.jpg 1024w, https:\/\/rheinhessen-imker.de\/wp-content\/uploads\/2014\/04\/Bienen_2014-04-06_14-04-02-150x100.jpg 150w, https:\/\/rheinhessen-imker.de\/wp-content\/uploads\/2014\/04\/Bienen_2014-04-06_14-04-02-300x200.jpg 300w, https:\/\/rheinhessen-imker.de\/wp-content\/uploads\/2014\/04\/Bienen_2014-04-06_14-04-02-624x416.jpg 624w\" width=\"437\" height=\"291\" loading=\"lazy\" data-original-width=\"437\" data-original-height=\"291\" itemprop=\"http:\/\/schema.org\/image\" title=\"Bei der Arbeit\" alt=\"Bei der Arbeit\" style=\"width: 437px; height: 291px;\" \/> <\/a> <\/div> <\/div> <!-- close group --> <div class=\"gallery-group images-2\" style=\"width: 219px; height: 295px;\" data-original-width=\"219\" data-original-height=\"295\" > <div class=\"tiled-gallery-item tiled-gallery-item-small\" itemprop=\"associatedMedia\" itemscope itemtype=\"http:\/\/schema.org\/ImageObject\"> <a href=\"https:\/\/rheinhessen-imker.de\/?attachment_id=184\" border=\"0\" itemprop=\"url\"> <meta itemprop=\"width\" content=\"215\"> <meta itemprop=\"height\" content=\"144\"> <img decoding=\"async\" class=\"\" data-attachment-id=\"184\" data-orig-file=\"https:\/\/rheinhessen-imker.de\/wp-content\/uploads\/2014\/04\/Bienen_2014-04-06_14-03-56.jpg\" data-orig-size=\"1024,683\" data-comments-opened=\"1\" data-image-meta=\"{&quot;aperture&quot;:&quot;4&quot;,&quot;credit&quot;:&quot;Michael Gr\\u00fcger&quot;,&quot;camera&quot;:&quot;Canon EOS 70D&quot;,&quot;caption&quot;:&quot;&quot;,&quot;created_timestamp&quot;:&quot;1396793036&quot;,&quot;copyright&quot;:&quot;Michael Gr\\u00fcger&quot;,&quot;focal_length&quot;:&quot;154&quot;,&quot;iso&quot;:&quot;1000&quot;,&quot;shutter_speed&quot;:&quot;0.000125&quot;,&quot;title&quot;:&quot;\\u00a9 Michael Gr\\u00fcger, Wackernheim&quot;}\" data-image-title=\"Bei der Arbeit\" data-image-description=\"\" data-medium-file=\"https:\/\/rheinhessen-imker.de\/wp-content\/uploads\/2014\/04\/Bienen_2014-04-06_14-03-56-300x200.jpg\" data-large-file=\"https:\/\/rheinhessen-imker.de\/wp-content\/uploads\/2014\/04\/Bienen_2014-04-06_14-03-56.jpg\" src=\"https:\/\/i0.wp.com\/rheinhessen-imker.de\/wp-content\/uploads\/2014\/04\/Bienen_2014-04-06_14-03-56.jpg?w=215&#038;h=144&#038;ssl=1\" srcset=\"https:\/\/rheinhessen-imker.de\/wp-content\/uploads\/2014\/04\/Bienen_2014-04-06_14-03-56.jpg 1024w, https:\/\/rheinhessen-imker.de\/wp-content\/uploads\/2014\/04\/Bienen_2014-04-06_14-03-56-150x100.jpg 150w, https:\/\/rheinhessen-imker.de\/wp-content\/uploads\/2014\/04\/Bienen_2014-04-06_14-03-56-300x200.jpg 300w, https:\/\/rheinhessen-imker.de\/wp-content\/uploads\/2014\/04\/Bienen_2014-04-06_14-03-56-624x416.jpg 624w\" width=\"215\" height=\"144\" loading=\"lazy\" data-original-width=\"215\" data-original-height=\"144\" itemprop=\"http:\/\/schema.org\/image\" title=\"Bei der Arbeit\" alt=\"Bei der Arbeit\" style=\"width: 215px; height: 144px;\" \/> <\/a> <\/div> <div class=\"tiled-gallery-item tiled-gallery-item-small\" itemprop=\"associatedMedia\" itemscope itemtype=\"http:\/\/schema.org\/ImageObject\"> <a href=\"https:\/\/rheinhessen-imker.de\/?attachment_id=183\" border=\"0\" itemprop=\"url\"> <meta itemprop=\"width\" content=\"215\"> <meta itemprop=\"height\" content=\"143\"> <img decoding=\"async\" class=\"\" data-attachment-id=\"183\" data-orig-file=\"https:\/\/rheinhessen-imker.de\/wp-content\/uploads\/2014\/04\/Bienen_2014-04-06_14-03-29.jpg\" data-orig-size=\"1024,683\" data-comments-opened=\"1\" data-image-meta=\"{&quot;aperture&quot;:&quot;4&quot;,&quot;credit&quot;:&quot;Michael Gr\\u00fcger&quot;,&quot;camera&quot;:&quot;Canon EOS 70D&quot;,&quot;caption&quot;:&quot;&quot;,&quot;created_timestamp&quot;:&quot;1396793009&quot;,&quot;copyright&quot;:&quot;Michael Gr\\u00fcger&quot;,&quot;focal_length&quot;:&quot;200&quot;,&quot;iso&quot;:&quot;1250&quot;,&quot;shutter_speed&quot;:&quot;0.000125&quot;,&quot;title&quot;:&quot;\\u00a9 Michael Gr\\u00fcger, Wackernheim&quot;}\" data-image-title=\"Bei der Arbeit\" data-image-description=\"\" data-medium-file=\"https:\/\/rheinhessen-imker.de\/wp-content\/uploads\/2014\/04\/Bienen_2014-04-06_14-03-29-300x200.jpg\" data-large-file=\"https:\/\/rheinhessen-imker.de\/wp-content\/uploads\/2014\/04\/Bienen_2014-04-06_14-03-29.jpg\" src=\"https:\/\/i0.wp.com\/rheinhessen-imker.de\/wp-content\/uploads\/2014\/04\/Bienen_2014-04-06_14-03-29.jpg?w=215&#038;h=143&#038;ssl=1\" srcset=\"https:\/\/rheinhessen-imker.de\/wp-content\/uploads\/2014\/04\/Bienen_2014-04-06_14-03-29.jpg 1024w, https:\/\/rheinhessen-imker.de\/wp-content\/uploads\/2014\/04\/Bienen_2014-04-06_14-03-29-150x100.jpg 150w, https:\/\/rheinhessen-imker.de\/wp-content\/uploads\/2014\/04\/Bienen_2014-04-06_14-03-29-300x200.jpg 300w, https:\/\/rheinhessen-imker.de\/wp-content\/uploads\/2014\/04\/Bienen_2014-04-06_14-03-29-624x416.jpg 624w\" width=\"215\" height=\"143\" loading=\"lazy\" data-original-width=\"215\" data-original-height=\"143\" itemprop=\"http:\/\/schema.org\/image\" title=\"Bei der Arbeit\" alt=\"Bei der Arbeit\" style=\"width: 215px; height: 143px;\" \/> <\/a> <\/div> <\/div> <!-- close group --> <\/div> <!-- close row --> <div class=\"gallery-row\" style=\"width: 660px; height: 221px;\" data-original-width=\"660\" data-original-height=\"221\" > <div class=\"gallery-group images-1\" style=\"width: 330px; height: 221px;\" data-original-width=\"330\" data-original-height=\"221\" > <div class=\"tiled-gallery-item tiled-gallery-item-large\" itemprop=\"associatedMedia\" itemscope itemtype=\"http:\/\/schema.org\/ImageObject\"> <a href=\"https:\/\/rheinhessen-imker.de\/?attachment_id=182\" border=\"0\" itemprop=\"url\"> <meta itemprop=\"width\" content=\"326\"> <meta itemprop=\"height\" content=\"217\"> <img decoding=\"async\" class=\"\" data-attachment-id=\"182\" data-orig-file=\"https:\/\/rheinhessen-imker.de\/wp-content\/uploads\/2014\/04\/Bienen_2014-04-06_14-03-27.jpg\" data-orig-size=\"1024,682\" data-comments-opened=\"1\" data-image-meta=\"{&quot;aperture&quot;:&quot;4&quot;,&quot;credit&quot;:&quot;Michael Gr\\u00fcger&quot;,&quot;camera&quot;:&quot;Canon EOS 70D&quot;,&quot;caption&quot;:&quot;&quot;,&quot;created_timestamp&quot;:&quot;1396793007&quot;,&quot;copyright&quot;:&quot;Michael Gr\\u00fcger&quot;,&quot;focal_length&quot;:&quot;200&quot;,&quot;iso&quot;:&quot;1250&quot;,&quot;shutter_speed&quot;:&quot;0.000125&quot;,&quot;title&quot;:&quot;\\u00a9 Michael Gr\\u00fcger, Wackernheim&quot;}\" data-image-title=\"Bei der Arbeit\" data-image-description=\"\" data-medium-file=\"https:\/\/rheinhessen-imker.de\/wp-content\/uploads\/2014\/04\/Bienen_2014-04-06_14-03-27-300x199.jpg\" data-large-file=\"https:\/\/rheinhessen-imker.de\/wp-content\/uploads\/2014\/04\/Bienen_2014-04-06_14-03-27.jpg\" src=\"https:\/\/i0.wp.com\/rheinhessen-imker.de\/wp-content\/uploads\/2014\/04\/Bienen_2014-04-06_14-03-27.jpg?w=326&#038;h=217&#038;ssl=1\" srcset=\"https:\/\/rheinhessen-imker.de\/wp-content\/uploads\/2014\/04\/Bienen_2014-04-06_14-03-27.jpg 1024w, https:\/\/rheinhessen-imker.de\/wp-content\/uploads\/2014\/04\/Bienen_2014-04-06_14-03-27-150x99.jpg 150w, https:\/\/rheinhessen-imker.de\/wp-content\/uploads\/2014\/04\/Bienen_2014-04-06_14-03-27-300x199.jpg 300w, https:\/\/rheinhessen-imker.de\/wp-content\/uploads\/2014\/04\/Bienen_2014-04-06_14-03-27-624x415.jpg 624w\" width=\"326\" height=\"217\" loading=\"lazy\" data-original-width=\"326\" data-original-height=\"217\" itemprop=\"http:\/\/schema.org\/image\" title=\"Bei der Arbeit\" alt=\"Bei der Arbeit\" style=\"width: 326px; height: 217px;\" \/> <\/a> <\/div> <\/div> <!-- close group --> <div class=\"gallery-group images-1\" style=\"width: 330px; height: 221px;\" data-original-width=\"330\" data-original-height=\"221\" > <div class=\"tiled-gallery-item tiled-gallery-item-large\" itemprop=\"associatedMedia\" itemscope itemtype=\"http:\/\/schema.org\/ImageObject\"> <a href=\"https:\/\/rheinhessen-imker.de\/?attachment_id=181\" border=\"0\" itemprop=\"url\"> <meta itemprop=\"width\" content=\"326\"> <meta itemprop=\"height\" content=\"217\"> <img decoding=\"async\" class=\"\" data-attachment-id=\"181\" data-orig-file=\"https:\/\/rheinhessen-imker.de\/wp-content\/uploads\/2014\/04\/Bienen_2014-04-06_14-03-26.jpg\" data-orig-size=\"1024,683\" data-comments-opened=\"1\" data-image-meta=\"{&quot;aperture&quot;:&quot;4&quot;,&quot;credit&quot;:&quot;Michael Gr\\u00fcger&quot;,&quot;camera&quot;:&quot;Canon EOS 70D&quot;,&quot;caption&quot;:&quot;&quot;,&quot;created_timestamp&quot;:&quot;1396793006&quot;,&quot;copyright&quot;:&quot;Michael Gr\\u00fcger&quot;,&quot;focal_length&quot;:&quot;200&quot;,&quot;iso&quot;:&quot;2000&quot;,&quot;shutter_speed&quot;:&quot;0.000125&quot;,&quot;title&quot;:&quot;\\u00a9 Michael Gr\\u00fcger, Wackernheim&quot;}\" data-image-title=\"Bei der Arbeit\" data-image-description=\"\" data-medium-file=\"https:\/\/rheinhessen-imker.de\/wp-content\/uploads\/2014\/04\/Bienen_2014-04-06_14-03-26-300x200.jpg\" data-large-file=\"https:\/\/rheinhessen-imker.de\/wp-content\/uploads\/2014\/04\/Bienen_2014-04-06_14-03-26.jpg\" src=\"https:\/\/i0.wp.com\/rheinhessen-imker.de\/wp-content\/uploads\/2014\/04\/Bienen_2014-04-06_14-03-26.jpg?w=326&#038;h=217&#038;ssl=1\" srcset=\"https:\/\/rheinhessen-imker.de\/wp-content\/uploads\/2014\/04\/Bienen_2014-04-06_14-03-26.jpg 1024w, https:\/\/rheinhessen-imker.de\/wp-content\/uploads\/2014\/04\/Bienen_2014-04-06_14-03-26-150x100.jpg 150w, https:\/\/rheinhessen-imker.de\/wp-content\/uploads\/2014\/04\/Bienen_2014-04-06_14-03-26-300x200.jpg 300w, https:\/\/rheinhessen-imker.de\/wp-content\/uploads\/2014\/04\/Bienen_2014-04-06_14-03-26-624x416.jpg 624w\" width=\"326\" height=\"217\" loading=\"lazy\" data-original-width=\"326\" data-original-height=\"217\" itemprop=\"http:\/\/schema.org\/image\" title=\"Bei der Arbeit\" alt=\"Bei der Arbeit\" style=\"width: 326px; height: 217px;\" \/> <\/a> <\/div> <\/div> <!-- close group --> <\/div> <!-- close row --> <\/div>\n<p>und auch die kleine Wildbiene freut sich Ihres Lebens&#8230;<\/p>\n<div class=\"tiled-gallery type-rectangular tiled-gallery-unresized\" data-original-width=\"660\" data-carousel-extra='{&quot;blog_id&quot;:1,&quot;permalink&quot;:&quot;https:\\\/\\\/rheinhessen-imker.de\\\/?p=186&quot;,&quot;likes_blog_id&quot;:80830978}' itemscope itemtype=\"http:\/\/schema.org\/ImageGallery\" > <div class=\"gallery-row\" style=\"width: 660px; height: 441px;\" data-original-width=\"660\" data-original-height=\"441\" > <div class=\"gallery-group images-1\" style=\"width: 660px; height: 441px;\" data-original-width=\"660\" data-original-height=\"441\" > <div class=\"tiled-gallery-item tiled-gallery-item-large\" itemprop=\"associatedMedia\" itemscope itemtype=\"http:\/\/schema.org\/ImageObject\"> <a href=\"https:\/\/rheinhessen-imker.de\/?attachment_id=180\" border=\"0\" itemprop=\"url\"> <meta itemprop=\"width\" content=\"656\"> <meta itemprop=\"height\" content=\"437\"> <img decoding=\"async\" class=\"\" data-attachment-id=\"180\" data-orig-file=\"https:\/\/rheinhessen-imker.de\/wp-content\/uploads\/2014\/04\/Bienen_2014-04-06_10-25-12.jpg\" data-orig-size=\"1024,682\" data-comments-opened=\"1\" data-image-meta=\"{&quot;aperture&quot;:&quot;7.1&quot;,&quot;credit&quot;:&quot;Michael Gr\\u00fcger&quot;,&quot;camera&quot;:&quot;Canon EOS 70D&quot;,&quot;caption&quot;:&quot;&quot;,&quot;created_timestamp&quot;:&quot;1396779912&quot;,&quot;copyright&quot;:&quot;Michael Gr\\u00fcger&quot;,&quot;focal_length&quot;:&quot;200&quot;,&quot;iso&quot;:&quot;100&quot;,&quot;shutter_speed&quot;:&quot;0.00125&quot;,&quot;title&quot;:&quot;\\u00a9 Michael Gr\\u00fcger, Wackernheim&quot;}\" data-image-title=\"kleine Wildbiene\" data-image-description=\"\" data-medium-file=\"https:\/\/rheinhessen-imker.de\/wp-content\/uploads\/2014\/04\/Bienen_2014-04-06_10-25-12-300x199.jpg\" data-large-file=\"https:\/\/rheinhessen-imker.de\/wp-content\/uploads\/2014\/04\/Bienen_2014-04-06_10-25-12.jpg\" src=\"https:\/\/i0.wp.com\/rheinhessen-imker.de\/wp-content\/uploads\/2014\/04\/Bienen_2014-04-06_10-25-12.jpg?w=656&#038;h=437&#038;ssl=1\" srcset=\"https:\/\/rheinhessen-imker.de\/wp-content\/uploads\/2014\/04\/Bienen_2014-04-06_10-25-12.jpg 1024w, https:\/\/rheinhessen-imker.de\/wp-content\/uploads\/2014\/04\/Bienen_2014-04-06_10-25-12-150x99.jpg 150w, https:\/\/rheinhessen-imker.de\/wp-content\/uploads\/2014\/04\/Bienen_2014-04-06_10-25-12-300x199.jpg 300w, https:\/\/rheinhessen-imker.de\/wp-content\/uploads\/2014\/04\/Bienen_2014-04-06_10-25-12-624x415.jpg 624w\" width=\"656\" height=\"437\" loading=\"lazy\" data-original-width=\"656\" data-original-height=\"437\" itemprop=\"http:\/\/schema.org\/image\" title=\"kleine Wildbiene\" alt=\"kleine Wildbiene\" style=\"width: 656px; height: 437px;\" \/> <\/a> <\/div> <\/div> <!-- close group --> <\/div> <!-- close row --> <\/div>\n","protected":false},"excerpt":{"rendered":"<p>Bei diesem sehr sch\u00f6nen Wetter sind unsere Bienen schon flei\u00dfig bei der Arbeit. und auch die kleine Wildbiene freut sich Ihres Lebens&#8230;<\/p>\n","protected":false},"author":3,"featured_media":180,"comment_status":"open","ping_status":"closed","sticky":false,"template":"","format":"standard","meta":{"_jetpack_memberships_contains_paid_content":false,"footnotes":""},"categories":[7],"tags":[],"class_list":["post-186","post","type-post","status-publish","format-standard","has-post-thumbnail","hentry","category-allgemein","column","twocol","has-thumbnail"],"jetpack_sharing_enabled":true,"jetpack_featured_media_url":"https:\/\/rheinhessen-imker.de\/wp-content\/uploads\/2014\/04\/Bienen_2014-04-06_10-25-12.jpg","jetpack_shortlink":"https:\/\/wp.me\/p5t9Ps-30","_links":{"self":[{"href":"https:\/\/rheinhessen-imker.de\/index.php?rest_route=\/wp\/v2\/posts\/186","targetHints":{"allow":["GET"]}}],"collection":[{"href":"https:\/\/rheinhessen-imker.de\/index.php?rest_route=\/wp\/v2\/posts"}],"about":[{"href":"https:\/\/rheinhessen-imker.de\/index.php?rest_route=\/wp\/v2\/types\/post"}],"author":[{"embeddable":true,"href":"https:\/\/rheinhessen-imker.de\/index.php?rest_route=\/wp\/v2\/users\/3"}],"replies":[{"embeddable":true,"href":"https:\/\/rheinhessen-imker.de\/index.php?rest_route=%2Fwp%2Fv2%2Fcomments&post=186"}],"version-history":[{"count":5,"href":"https:\/\/rheinhessen-imker.de\/index.php?rest_route=\/wp\/v2\/posts\/186\/revisions"}],"predecessor-version":[{"id":529,"href":"https:\/\/rheinhessen-imker.de\/index.php?rest_route=\/wp\/v2\/posts\/186\/revisions\/529"}],"wp:featuredmedia":[{"embeddable":true,"href":"https:\/\/rheinhessen-imker.de\/index.php?rest_route=\/wp\/v2\/media\/180"}],"wp:attachment":[{"href":"https:\/\/rheinhessen-imker.de\/index.php?rest_route=%2Fwp%2Fv2%2Fmedia&parent=186"}],"wp:term":[{"taxonomy":"category","embeddable":true,"href":"https:\/\/rheinhessen-imker.de\/index.php?rest_route=%2Fwp%2Fv2%2Fcategories&post=186"},{"taxonomy":"post_tag","embeddable":true,"href":"https:\/\/rheinhessen-imker.de\/index.php?rest_route=%2Fwp%2Fv2%2Ftags&post=186"}],"curies":[{"name":"wp","href":"https:\/\/api.w.org\/{rel}","templated":true}]}}