{"id":1902,"date":"2022-02-17T18:54:55","date_gmt":"2022-02-17T17:54:55","guid":{"rendered":"https:\/\/rheinhessen-imker.de\/?p=1902"},"modified":"2022-02-17T18:54:55","modified_gmt":"2022-02-17T17:54:55","slug":"nur-kleine-sturmschaeden","status":"publish","type":"post","link":"https:\/\/rheinhessen-imker.de\/?p=1902","title":{"rendered":"Nur kleine Sturmsch\u00e4den"},"content":{"rendered":"<p>Das Sturmtief &#8222;Ylenia&#8220; hat bei uns am Bienenstand zum Gl\u00fcck nur kleine Sch\u00e4den verursacht und die &#8222;D\u00e4cher&#8220; von zwei V\u00f6lkern weggeweht. Diese kamen aber mit dem Schrecken davon &#8211; die Beuten wurden heute morgen direkt wieder wetterfest gemacht.<\/p>\n<p>Wir w\u00fcnschen allen Imkern in Rheinhessen und dem restlichen Sturmgebiet eine m\u00f6glichst ruhige und folgenlose zweite Sturmnacht!<\/p>\n<div class=\"tiled-gallery type-rectangular tiled-gallery-unresized\" data-original-width=\"660\" data-carousel-extra='{&quot;blog_id&quot;:1,&quot;permalink&quot;:&quot;https:\\\/\\\/rheinhessen-imker.de\\\/?p=1902&quot;,&quot;likes_blog_id&quot;:80830978}' itemscope itemtype=\"http:\/\/schema.org\/ImageGallery\" > <div class=\"gallery-row\" style=\"width: 660px; height: 496px;\" data-original-width=\"660\" data-original-height=\"496\" > <div class=\"gallery-group images-1\" style=\"width: 660px; height: 496px;\" data-original-width=\"660\" data-original-height=\"496\" > <div class=\"tiled-gallery-item tiled-gallery-item-large\" itemprop=\"associatedMedia\" itemscope itemtype=\"http:\/\/schema.org\/ImageObject\"> <a href=\"https:\/\/rheinhessen-imker.de\/?attachment_id=1901\" border=\"0\" itemprop=\"url\"> <meta itemprop=\"width\" content=\"656\"> <meta itemprop=\"height\" content=\"492\"> <img decoding=\"async\" class=\"\" data-attachment-id=\"1901\" data-orig-file=\"https:\/\/rheinhessen-imker.de\/wp-content\/uploads\/2022\/02\/Bienen_2022-02-17-scaled.jpg\" data-orig-size=\"2560,1920\" data-comments-opened=\"1\" data-image-meta=\"{&quot;aperture&quot;:&quot;2.2&quot;,&quot;credit&quot;:&quot;&quot;,&quot;camera&quot;:&quot;iPhone SE (1st generation)&quot;,&quot;caption&quot;:&quot;&quot;,&quot;created_timestamp&quot;:&quot;1645086440&quot;,&quot;copyright&quot;:&quot;&quot;,&quot;focal_length&quot;:&quot;4.15&quot;,&quot;iso&quot;:&quot;25&quot;,&quot;shutter_speed&quot;:&quot;0.01&quot;,&quot;title&quot;:&quot;&quot;,&quot;orientation&quot;:&quot;1&quot;}\" data-image-title=\"Bienen_2022-02-17\" data-image-description=\"\" data-medium-file=\"https:\/\/rheinhessen-imker.de\/wp-content\/uploads\/2022\/02\/Bienen_2022-02-17-300x225.jpg\" data-large-file=\"https:\/\/rheinhessen-imker.de\/wp-content\/uploads\/2022\/02\/Bienen_2022-02-17-1024x768.jpg\" src=\"https:\/\/i0.wp.com\/rheinhessen-imker.de\/wp-content\/uploads\/2022\/02\/Bienen_2022-02-17-scaled.jpg?w=656&#038;h=492&#038;ssl=1\" srcset=\"https:\/\/rheinhessen-imker.de\/wp-content\/uploads\/2022\/02\/Bienen_2022-02-17-scaled.jpg 2560w, https:\/\/rheinhessen-imker.de\/wp-content\/uploads\/2022\/02\/Bienen_2022-02-17-300x225.jpg 300w, https:\/\/rheinhessen-imker.de\/wp-content\/uploads\/2022\/02\/Bienen_2022-02-17-1024x768.jpg 1024w, https:\/\/rheinhessen-imker.de\/wp-content\/uploads\/2022\/02\/Bienen_2022-02-17-150x113.jpg 150w, https:\/\/rheinhessen-imker.de\/wp-content\/uploads\/2022\/02\/Bienen_2022-02-17-768x576.jpg 768w, https:\/\/rheinhessen-imker.de\/wp-content\/uploads\/2022\/02\/Bienen_2022-02-17-1536x1152.jpg 1536w, https:\/\/rheinhessen-imker.de\/wp-content\/uploads\/2022\/02\/Bienen_2022-02-17-2048x1536.jpg 2048w, https:\/\/rheinhessen-imker.de\/wp-content\/uploads\/2022\/02\/Bienen_2022-02-17-700x525.jpg 700w\" width=\"656\" height=\"492\" loading=\"lazy\" data-original-width=\"656\" data-original-height=\"492\" itemprop=\"http:\/\/schema.org\/image\" title=\"Bienen_2022-02-17\" alt=\"Weggewehte Deckel\" style=\"width: 656px; height: 492px;\" \/> <\/a> <div class=\"tiled-gallery-caption\" itemprop=\"caption description\"> Weggewehte Deckel <\/div> <\/div> <\/div> <!-- close group --> <\/div> <!-- close row --> <\/div>\n<p>&nbsp;<\/p>\n","protected":false},"excerpt":{"rendered":"<p>Das Sturmtief &#8222;Ylenia&#8220; hat bei uns am Bienenstand zum Gl\u00fcck nur kleine Sch\u00e4den verursacht und die &#8222;D\u00e4cher&#8220; von zwei V\u00f6lkern weggeweht. Diese kamen aber mit dem Schrecken davon &#8211; die Beuten wurden heute morgen direkt wieder wetterfest gemacht. Wir w\u00fcnschen allen Imkern in Rheinhessen und dem restlichen Sturmgebiet eine m\u00f6glichst &#8230;<\/p>\n","protected":false},"author":1,"featured_media":1901,"comment_status":"open","ping_status":"closed","sticky":false,"template":"","format":"standard","meta":{"_jetpack_memberships_contains_paid_content":false,"footnotes":""},"categories":[7],"tags":[],"class_list":["post-1902","post","type-post","status-publish","format-standard","has-post-thumbnail","hentry","category-allgemein","column","twocol","has-thumbnail"],"jetpack_sharing_enabled":true,"jetpack_featured_media_url":"https:\/\/rheinhessen-imker.de\/wp-content\/uploads\/2022\/02\/Bienen_2022-02-17-scaled.jpg","jetpack_shortlink":"https:\/\/wp.me\/p5t9Ps-uG","_links":{"self":[{"href":"https:\/\/rheinhessen-imker.de\/index.php?rest_route=\/wp\/v2\/posts\/1902","targetHints":{"allow":["GET"]}}],"collection":[{"href":"https:\/\/rheinhessen-imker.de\/index.php?rest_route=\/wp\/v2\/posts"}],"about":[{"href":"https:\/\/rheinhessen-imker.de\/index.php?rest_route=\/wp\/v2\/types\/post"}],"author":[{"embeddable":true,"href":"https:\/\/rheinhessen-imker.de\/index.php?rest_route=\/wp\/v2\/users\/1"}],"replies":[{"embeddable":true,"href":"https:\/\/rheinhessen-imker.de\/index.php?rest_route=%2Fwp%2Fv2%2Fcomments&post=1902"}],"version-history":[{"count":2,"href":"https:\/\/rheinhessen-imker.de\/index.php?rest_route=\/wp\/v2\/posts\/1902\/revisions"}],"predecessor-version":[{"id":1904,"href":"https:\/\/rheinhessen-imker.de\/index.php?rest_route=\/wp\/v2\/posts\/1902\/revisions\/1904"}],"wp:featuredmedia":[{"embeddable":true,"href":"https:\/\/rheinhessen-imker.de\/index.php?rest_route=\/wp\/v2\/media\/1901"}],"wp:attachment":[{"href":"https:\/\/rheinhessen-imker.de\/index.php?rest_route=%2Fwp%2Fv2%2Fmedia&parent=1902"}],"wp:term":[{"taxonomy":"category","embeddable":true,"href":"https:\/\/rheinhessen-imker.de\/index.php?rest_route=%2Fwp%2Fv2%2Fcategories&post=1902"},{"taxonomy":"post_tag","embeddable":true,"href":"https:\/\/rheinhessen-imker.de\/index.php?rest_route=%2Fwp%2Fv2%2Ftags&post=1902"}],"curies":[{"name":"wp","href":"https:\/\/api.w.org\/{rel}","templated":true}]}}