{"id":205,"date":"2014-04-27T15:39:35","date_gmt":"2014-04-27T14:39:35","guid":{"rendered":"http:\/\/rheinhessen-imker.de\/?p=205"},"modified":"2015-05-05T23:08:26","modified_gmt":"2015-05-05T22:08:26","slug":"ablegerbildung","status":"publish","type":"post","link":"https:\/\/rheinhessen-imker.de\/?p=205","title":{"rendered":"Ablegerbildung"},"content":{"rendered":"<p>Da die Bienen schon ganz fr\u00fch in diesem Jahr mit Schwarmzellenbau begannen, dachten wir, wir nehmen das als Zeichen, einzelne Ableger zu bilden. Aus Annas Volk haben wir einen K\u00f6niginnenableger gebildet &#8211; also die K\u00f6nigin mit einer verdeckelten Brutwabe, einer ausgebauten Leerwabe und Futter in einen Ablegerkasten gesetzt. Das entweiselte Volk hatte zu diesem Zeitpunkt bereits Schwarmzellen angesetzt.<\/p>\n<p>Nach einigen Wochen l\u00e4sst sich hier berichten &#8211; der Ableger entwickelt sich super, das Futter wurde nicht anger\u00fchrt, sie trugen direkt eigenen Nektar und Pollen ein. Aktuell bauen sie pro Woche ungef\u00e4hr eine Mittelwand aus, und das Brutnest ist weiterhin eindrucksvoll. Wom\u00f6glich ist aus diesem &#8222;Ableger&#8220; in der Sp\u00e4ttracht sogar noch Honig zu erwarten??<\/p>\n<p>Die K\u00f6nigin war schon im letzten Jahr aufgefallen &#8211; einerseits negativ durch ihre Schwarmneigung (so hatte ja Annas Volk begonnen), andererseits positiv durch beeindruckendes Brutnest und Volksst\u00e4rke, sowie Nektareintrag und Friedfertigkeit.<\/p>\n<p>Mit solchen Bienen zu arbeiten macht grunds\u00e4tzlich viel Spa\u00df.<\/p>\n<div class=\"tiled-gallery type-rectangular tiled-gallery-unresized\" data-original-width=\"660\" data-carousel-extra='{&quot;blog_id&quot;:1,&quot;permalink&quot;:&quot;https:\\\/\\\/rheinhessen-imker.de\\\/?p=205&quot;,&quot;likes_blog_id&quot;:80830978}' itemscope itemtype=\"http:\/\/schema.org\/ImageGallery\" > <div class=\"gallery-row\" style=\"width: 660px; height: 466px;\" data-original-width=\"660\" data-original-height=\"466\" > <div class=\"gallery-group images-1\" style=\"width: 312px; height: 466px;\" data-original-width=\"312\" data-original-height=\"466\" > <div class=\"tiled-gallery-item tiled-gallery-item-large\" itemprop=\"associatedMedia\" itemscope itemtype=\"http:\/\/schema.org\/ImageObject\"> <a href=\"https:\/\/rheinhessen-imker.de\/?attachment_id=192\" border=\"0\" itemprop=\"url\"> <meta itemprop=\"width\" content=\"308\"> <meta itemprop=\"height\" content=\"462\"> <img decoding=\"async\" class=\"\" data-attachment-id=\"192\" data-orig-file=\"https:\/\/rheinhessen-imker.de\/wp-content\/uploads\/2014\/04\/Bienen_2014-04-06_14-31-44.jpg\" data-orig-size=\"683,1024\" data-comments-opened=\"1\" data-image-meta=\"{&quot;aperture&quot;:&quot;5.6&quot;,&quot;credit&quot;:&quot;Michael Gr\\u00fcger&quot;,&quot;camera&quot;:&quot;Canon EOS 70D&quot;,&quot;caption&quot;:&quot;&quot;,&quot;created_timestamp&quot;:&quot;1396794704&quot;,&quot;copyright&quot;:&quot;Michael Gr\\u00fcger&quot;,&quot;focal_length&quot;:&quot;135&quot;,&quot;iso&quot;:&quot;100&quot;,&quot;shutter_speed&quot;:&quot;0.005&quot;,&quot;title&quot;:&quot;\\u00a9 Michael Gr\\u00fcger, Wackernheim&quot;}\" data-image-title=\"Weiselzellen im Altvolk nach einer Woche\" data-image-description=\"\" data-medium-file=\"https:\/\/rheinhessen-imker.de\/wp-content\/uploads\/2014\/04\/Bienen_2014-04-06_14-31-44-200x300.jpg\" data-large-file=\"https:\/\/rheinhessen-imker.de\/wp-content\/uploads\/2014\/04\/Bienen_2014-04-06_14-31-44.jpg\" src=\"https:\/\/i0.wp.com\/rheinhessen-imker.de\/wp-content\/uploads\/2014\/04\/Bienen_2014-04-06_14-31-44.jpg?w=308&#038;h=462&#038;ssl=1\" srcset=\"https:\/\/rheinhessen-imker.de\/wp-content\/uploads\/2014\/04\/Bienen_2014-04-06_14-31-44.jpg 683w, https:\/\/rheinhessen-imker.de\/wp-content\/uploads\/2014\/04\/Bienen_2014-04-06_14-31-44-100x150.jpg 100w, https:\/\/rheinhessen-imker.de\/wp-content\/uploads\/2014\/04\/Bienen_2014-04-06_14-31-44-200x300.jpg 200w, https:\/\/rheinhessen-imker.de\/wp-content\/uploads\/2014\/04\/Bienen_2014-04-06_14-31-44-624x935.jpg 624w\" width=\"308\" height=\"462\" loading=\"lazy\" data-original-width=\"308\" data-original-height=\"462\" itemprop=\"http:\/\/schema.org\/image\" title=\"Weiselzellen im Altvolk nach einer Woche\" alt=\"Weiselzellen im Altvolk nach einer Woche\" style=\"width: 308px; height: 462px;\" \/> <\/a> <div class=\"tiled-gallery-caption\" itemprop=\"caption description\"> Weiselzellen im Altvolk nach einer Woche <\/div> <\/div> <\/div> <!-- close group --> <div class=\"gallery-group images-2\" style=\"width: 348px; height: 466px;\" data-original-width=\"348\" data-original-height=\"466\" > <div class=\"tiled-gallery-item tiled-gallery-item-large\" itemprop=\"associatedMedia\" itemscope itemtype=\"http:\/\/schema.org\/ImageObject\"> <a href=\"https:\/\/rheinhessen-imker.de\/?attachment_id=199\" border=\"0\" itemprop=\"url\"> <meta itemprop=\"width\" content=\"344\"> <meta itemprop=\"height\" content=\"229\"> <img decoding=\"async\" class=\"\" data-attachment-id=\"199\" data-orig-file=\"https:\/\/rheinhessen-imker.de\/wp-content\/uploads\/2014\/04\/Bienen_2014-04-20_16-02-57.jpg\" data-orig-size=\"1024,683\" data-comments-opened=\"1\" data-image-meta=\"{&quot;aperture&quot;:&quot;5.6&quot;,&quot;credit&quot;:&quot;Michael Gr\\u00fcger&quot;,&quot;camera&quot;:&quot;Canon EOS 70D&quot;,&quot;caption&quot;:&quot;&quot;,&quot;created_timestamp&quot;:&quot;1398009777&quot;,&quot;copyright&quot;:&quot;Michael Gr\\u00fcger&quot;,&quot;focal_length&quot;:&quot;135&quot;,&quot;iso&quot;:&quot;125&quot;,&quot;shutter_speed&quot;:&quot;0.004&quot;,&quot;title&quot;:&quot;\\u00a9 Michael Gr\\u00fcger, Wackernheim&quot;}\" data-image-title=\"Annas K\u00f6nigin &#8211; mit der neuen Aufgabe K\u00f6niginnenableger\" data-image-description=\"\" data-medium-file=\"https:\/\/rheinhessen-imker.de\/wp-content\/uploads\/2014\/04\/Bienen_2014-04-20_16-02-57-300x200.jpg\" data-large-file=\"https:\/\/rheinhessen-imker.de\/wp-content\/uploads\/2014\/04\/Bienen_2014-04-20_16-02-57.jpg\" src=\"https:\/\/i0.wp.com\/rheinhessen-imker.de\/wp-content\/uploads\/2014\/04\/Bienen_2014-04-20_16-02-57.jpg?w=344&#038;h=229&#038;ssl=1\" srcset=\"https:\/\/rheinhessen-imker.de\/wp-content\/uploads\/2014\/04\/Bienen_2014-04-20_16-02-57.jpg 1024w, https:\/\/rheinhessen-imker.de\/wp-content\/uploads\/2014\/04\/Bienen_2014-04-20_16-02-57-150x100.jpg 150w, https:\/\/rheinhessen-imker.de\/wp-content\/uploads\/2014\/04\/Bienen_2014-04-20_16-02-57-300x200.jpg 300w, https:\/\/rheinhessen-imker.de\/wp-content\/uploads\/2014\/04\/Bienen_2014-04-20_16-02-57-624x416.jpg 624w\" width=\"344\" height=\"229\" loading=\"lazy\" data-original-width=\"344\" data-original-height=\"229\" itemprop=\"http:\/\/schema.org\/image\" title=\"Annas K\u00f6nigin - mit der neuen Aufgabe K\u00f6niginnenableger\" alt=\"Annas K\u00f6nigin - mit der neuen Aufgabe K\u00f6niginnenableger\" style=\"width: 344px; height: 229px;\" \/> <\/a> <div class=\"tiled-gallery-caption\" itemprop=\"caption description\"> Annas K\u00f6nigin &#8211; mit der neuen Aufgabe K\u00f6niginnenableger <\/div> <\/div> <div class=\"tiled-gallery-item tiled-gallery-item-large\" itemprop=\"associatedMedia\" itemscope itemtype=\"http:\/\/schema.org\/ImageObject\"> <a href=\"https:\/\/rheinhessen-imker.de\/?attachment_id=204\" border=\"0\" itemprop=\"url\"> <meta itemprop=\"width\" content=\"344\"> <meta itemprop=\"height\" content=\"229\"> <img decoding=\"async\" class=\"\" data-attachment-id=\"204\" data-orig-file=\"https:\/\/rheinhessen-imker.de\/wp-content\/uploads\/2014\/04\/Bienen_2014-03-29_14-48-57.jpg\" data-orig-size=\"1024,683\" data-comments-opened=\"1\" data-image-meta=\"{&quot;aperture&quot;:&quot;9&quot;,&quot;credit&quot;:&quot;Michael Gr\\u00fcger&quot;,&quot;camera&quot;:&quot;Canon EOS 70D&quot;,&quot;caption&quot;:&quot;&quot;,&quot;created_timestamp&quot;:&quot;1396104537&quot;,&quot;copyright&quot;:&quot;Michael Gr\\u00fcger&quot;,&quot;focal_length&quot;:&quot;18&quot;,&quot;iso&quot;:&quot;100&quot;,&quot;shutter_speed&quot;:&quot;0.005&quot;,&quot;title&quot;:&quot;\\u00a9 Michael Gr\\u00fcger, Wackernheim&quot;}\" data-image-title=\"im Vordergrund rechts der K\u00f6niginnenableger, links ein weiterer Brutableger\" data-image-description=\"\" data-medium-file=\"https:\/\/rheinhessen-imker.de\/wp-content\/uploads\/2014\/04\/Bienen_2014-03-29_14-48-57-300x200.jpg\" data-large-file=\"https:\/\/rheinhessen-imker.de\/wp-content\/uploads\/2014\/04\/Bienen_2014-03-29_14-48-57.jpg\" src=\"https:\/\/i0.wp.com\/rheinhessen-imker.de\/wp-content\/uploads\/2014\/04\/Bienen_2014-03-29_14-48-57.jpg?w=344&#038;h=229&#038;ssl=1\" srcset=\"https:\/\/rheinhessen-imker.de\/wp-content\/uploads\/2014\/04\/Bienen_2014-03-29_14-48-57.jpg 1024w, https:\/\/rheinhessen-imker.de\/wp-content\/uploads\/2014\/04\/Bienen_2014-03-29_14-48-57-150x100.jpg 150w, https:\/\/rheinhessen-imker.de\/wp-content\/uploads\/2014\/04\/Bienen_2014-03-29_14-48-57-300x200.jpg 300w, https:\/\/rheinhessen-imker.de\/wp-content\/uploads\/2014\/04\/Bienen_2014-03-29_14-48-57-624x416.jpg 624w\" width=\"344\" height=\"229\" loading=\"lazy\" data-original-width=\"344\" data-original-height=\"229\" itemprop=\"http:\/\/schema.org\/image\" title=\"im Vordergrund rechts der K\u00f6niginnenableger, links ein weiterer Brutableger\" alt=\"im Vordergrund rechts der K\u00f6niginnenableger, links ein weiterer Brutableger\" style=\"width: 344px; height: 229px;\" \/> <\/a> <div class=\"tiled-gallery-caption\" itemprop=\"caption description\"> im Vordergrund rechts der K\u00f6niginnenableger, links ein weiterer Brutableger <\/div> <\/div> <\/div> <!-- close group --> <\/div> <!-- close row --> <\/div>\n","protected":false},"excerpt":{"rendered":"<p>Da die Bienen schon ganz fr\u00fch in diesem Jahr mit Schwarmzellenbau begannen, dachten wir, wir nehmen das als Zeichen, einzelne Ableger zu bilden. Aus Annas Volk haben wir einen K\u00f6niginnenableger gebildet &#8211; also die K\u00f6nigin mit einer verdeckelten Brutwabe, einer ausgebauten Leerwabe und Futter in einen Ablegerkasten gesetzt. Das entweiselte &#8230;<\/p>\n","protected":false},"author":2,"featured_media":199,"comment_status":"open","ping_status":"closed","sticky":false,"template":"","format":"standard","meta":{"_jetpack_memberships_contains_paid_content":false,"footnotes":""},"categories":[3],"tags":[24,38,39],"class_list":["post-205","post","type-post","status-publish","format-standard","has-post-thumbnail","hentry","category-bienenhaltung","tag-ableger","tag-bienenhaltung","tag-zucht","column","twocol","has-thumbnail"],"jetpack_sharing_enabled":true,"jetpack_featured_media_url":"https:\/\/rheinhessen-imker.de\/wp-content\/uploads\/2014\/04\/Bienen_2014-04-20_16-02-57.jpg","jetpack_shortlink":"https:\/\/wp.me\/p5t9Ps-3j","_links":{"self":[{"href":"https:\/\/rheinhessen-imker.de\/index.php?rest_route=\/wp\/v2\/posts\/205","targetHints":{"allow":["GET"]}}],"collection":[{"href":"https:\/\/rheinhessen-imker.de\/index.php?rest_route=\/wp\/v2\/posts"}],"about":[{"href":"https:\/\/rheinhessen-imker.de\/index.php?rest_route=\/wp\/v2\/types\/post"}],"author":[{"embeddable":true,"href":"https:\/\/rheinhessen-imker.de\/index.php?rest_route=\/wp\/v2\/users\/2"}],"replies":[{"embeddable":true,"href":"https:\/\/rheinhessen-imker.de\/index.php?rest_route=%2Fwp%2Fv2%2Fcomments&post=205"}],"version-history":[{"count":10,"href":"https:\/\/rheinhessen-imker.de\/index.php?rest_route=\/wp\/v2\/posts\/205\/revisions"}],"predecessor-version":[{"id":861,"href":"https:\/\/rheinhessen-imker.de\/index.php?rest_route=\/wp\/v2\/posts\/205\/revisions\/861"}],"wp:featuredmedia":[{"embeddable":true,"href":"https:\/\/rheinhessen-imker.de\/index.php?rest_route=\/wp\/v2\/media\/199"}],"wp:attachment":[{"href":"https:\/\/rheinhessen-imker.de\/index.php?rest_route=%2Fwp%2Fv2%2Fmedia&parent=205"}],"wp:term":[{"taxonomy":"category","embeddable":true,"href":"https:\/\/rheinhessen-imker.de\/index.php?rest_route=%2Fwp%2Fv2%2Fcategories&post=205"},{"taxonomy":"post_tag","embeddable":true,"href":"https:\/\/rheinhessen-imker.de\/index.php?rest_route=%2Fwp%2Fv2%2Ftags&post=205"}],"curies":[{"name":"wp","href":"https:\/\/api.w.org\/{rel}","templated":true}]}}