{"id":246,"date":"2014-05-18T20:13:57","date_gmt":"2014-05-18T19:13:57","guid":{"rendered":"http:\/\/rheinhessen-imker.de\/?p=246"},"modified":"2015-01-25T16:26:44","modified_gmt":"2015-01-25T15:26:44","slug":"honigernte","status":"publish","type":"post","link":"https:\/\/rheinhessen-imker.de\/?p=246","title":{"rendered":"Honigernte"},"content":{"rendered":"<p>Gestern stand unsere erste Honigernte f\u00fcr dieses Jahr auf dem Plan.<\/p>\n<p>Wir hatten im Vorfeld noch \u00fcberlegt, arbeiten wir mit Bienenfluchten oder kehren wir die Bienen von den Waben ab. Letztendlich haben wir uns f\u00fcr das Abfegen entschieden, was nat\u00fcrlich f\u00fcr gro\u00dfes Bohei unter den Bienen sorgte, aber dann doch sehr schnell und einfach verlief.<\/p>\n<p>Das Volk in der Mainzer-Neustadt brachte uns am Ende des Tages 14,9 kg &#8222;Imkergold&#8220;. Ein Volk in Heidesheim kam auf 14,7 kg Honig, wobei hier noch mehr Honig in Waben war. Dieser war aber zum Teil schon kristalisiert und somit f\u00fcr uns nicht erreichbar.<\/p>\n<div class=\"tiled-gallery type-rectangular tiled-gallery-unresized\" data-original-width=\"660\" data-carousel-extra='{&quot;blog_id&quot;:1,&quot;permalink&quot;:&quot;https:\\\/\\\/rheinhessen-imker.de\\\/?p=246&quot;,&quot;likes_blog_id&quot;:80830978}' itemscope itemtype=\"http:\/\/schema.org\/ImageGallery\" > <div class=\"gallery-row\" style=\"width: 660px; height: 466px;\" data-original-width=\"660\" data-original-height=\"466\" > <div class=\"gallery-group images-2\" style=\"width: 348px; height: 466px;\" data-original-width=\"348\" data-original-height=\"466\" > <div class=\"tiled-gallery-item tiled-gallery-item-large\" itemprop=\"associatedMedia\" itemscope itemtype=\"http:\/\/schema.org\/ImageObject\"> <a href=\"https:\/\/rheinhessen-imker.de\/?attachment_id=250\" border=\"0\" itemprop=\"url\"> <meta itemprop=\"width\" content=\"344\"> <meta itemprop=\"height\" content=\"229\"> <img decoding=\"async\" class=\"\" data-attachment-id=\"250\" data-orig-file=\"https:\/\/rheinhessen-imker.de\/wp-content\/uploads\/2014\/05\/Bienen_2014-05-17_15-18-43.jpg\" data-orig-size=\"1024,683\" data-comments-opened=\"1\" data-image-meta=\"{&quot;aperture&quot;:&quot;7.1&quot;,&quot;credit&quot;:&quot;Michael Gr\\u00fcger&quot;,&quot;camera&quot;:&quot;Canon EOS 70D&quot;,&quot;caption&quot;:&quot;&quot;,&quot;created_timestamp&quot;:&quot;1400339923&quot;,&quot;copyright&quot;:&quot;Michael Gr\\u00fcger&quot;,&quot;focal_length&quot;:&quot;35&quot;,&quot;iso&quot;:&quot;100&quot;,&quot;shutter_speed&quot;:&quot;0.0025&quot;,&quot;title&quot;:&quot;\\u00a9 Michael Gr\\u00fcger, Wackernheim&quot;}\" data-image-title=\"Perfekte Honigwabe\" data-image-description=\"&lt;p&gt;Perfekte Honigwabe&lt;\/p&gt; \" data-medium-file=\"https:\/\/rheinhessen-imker.de\/wp-content\/uploads\/2014\/05\/Bienen_2014-05-17_15-18-43-300x200.jpg\" data-large-file=\"https:\/\/rheinhessen-imker.de\/wp-content\/uploads\/2014\/05\/Bienen_2014-05-17_15-18-43.jpg\" src=\"https:\/\/i0.wp.com\/rheinhessen-imker.de\/wp-content\/uploads\/2014\/05\/Bienen_2014-05-17_15-18-43.jpg?w=344&#038;h=229&#038;ssl=1\" srcset=\"https:\/\/rheinhessen-imker.de\/wp-content\/uploads\/2014\/05\/Bienen_2014-05-17_15-18-43.jpg 1024w, https:\/\/rheinhessen-imker.de\/wp-content\/uploads\/2014\/05\/Bienen_2014-05-17_15-18-43-150x100.jpg 150w, https:\/\/rheinhessen-imker.de\/wp-content\/uploads\/2014\/05\/Bienen_2014-05-17_15-18-43-300x200.jpg 300w, https:\/\/rheinhessen-imker.de\/wp-content\/uploads\/2014\/05\/Bienen_2014-05-17_15-18-43-624x416.jpg 624w\" width=\"344\" height=\"229\" loading=\"lazy\" data-original-width=\"344\" data-original-height=\"229\" itemprop=\"http:\/\/schema.org\/image\" title=\"Perfekte Honigwabe\" alt=\"Perfekte Honigwabe\" style=\"width: 344px; height: 229px;\" \/> <\/a> <div class=\"tiled-gallery-caption\" itemprop=\"caption description\"> perfekt verdeckelte Wabe. <\/div> <\/div> <div class=\"tiled-gallery-item tiled-gallery-item-large\" itemprop=\"associatedMedia\" itemscope itemtype=\"http:\/\/schema.org\/ImageObject\"> <a href=\"https:\/\/rheinhessen-imker.de\/?attachment_id=264\" border=\"0\" itemprop=\"url\"> <meta itemprop=\"width\" content=\"344\"> <meta itemprop=\"height\" content=\"229\"> <img decoding=\"async\" class=\"\" data-attachment-id=\"264\" data-orig-file=\"https:\/\/rheinhessen-imker.de\/wp-content\/uploads\/2014\/08\/Bienen_2014-05-17_15-37-38.jpg\" data-orig-size=\"1024,683\" data-comments-opened=\"1\" data-image-meta=\"{&quot;aperture&quot;:&quot;0&quot;,&quot;credit&quot;:&quot;&quot;,&quot;camera&quot;:&quot;&quot;,&quot;caption&quot;:&quot;&quot;,&quot;created_timestamp&quot;:&quot;0&quot;,&quot;copyright&quot;:&quot;Michael Gr\\u00fcger&quot;,&quot;focal_length&quot;:&quot;0&quot;,&quot;iso&quot;:&quot;0&quot;,&quot;shutter_speed&quot;:&quot;0&quot;,&quot;title&quot;:&quot;&quot;}\" data-image-title=\"Bienen_2014-05-17_15-37-38\" data-image-description=\"\" data-medium-file=\"https:\/\/rheinhessen-imker.de\/wp-content\/uploads\/2014\/08\/Bienen_2014-05-17_15-37-38-300x200.jpg\" data-large-file=\"https:\/\/rheinhessen-imker.de\/wp-content\/uploads\/2014\/08\/Bienen_2014-05-17_15-37-38.jpg\" src=\"https:\/\/i0.wp.com\/rheinhessen-imker.de\/wp-content\/uploads\/2014\/08\/Bienen_2014-05-17_15-37-38.jpg?w=344&#038;h=229&#038;ssl=1\" srcset=\"https:\/\/rheinhessen-imker.de\/wp-content\/uploads\/2014\/08\/Bienen_2014-05-17_15-37-38.jpg 1024w, https:\/\/rheinhessen-imker.de\/wp-content\/uploads\/2014\/08\/Bienen_2014-05-17_15-37-38-150x100.jpg 150w, https:\/\/rheinhessen-imker.de\/wp-content\/uploads\/2014\/08\/Bienen_2014-05-17_15-37-38-300x200.jpg 300w, https:\/\/rheinhessen-imker.de\/wp-content\/uploads\/2014\/08\/Bienen_2014-05-17_15-37-38-624x416.jpg 624w\" width=\"344\" height=\"229\" loading=\"lazy\" data-original-width=\"344\" data-original-height=\"229\" itemprop=\"http:\/\/schema.org\/image\" title=\"Bienen_2014-05-17_15-37-38\" alt=\"die Waben bereit zum Schleudern\" style=\"width: 344px; height: 229px;\" \/> <\/a> <div class=\"tiled-gallery-caption\" itemprop=\"caption description\"> die Waben bereit zum Schleudern <\/div> <\/div> <\/div> <!-- close group --> <div class=\"gallery-group images-1\" style=\"width: 312px; height: 466px;\" data-original-width=\"312\" data-original-height=\"466\" > <div class=\"tiled-gallery-item tiled-gallery-item-large\" itemprop=\"associatedMedia\" itemscope itemtype=\"http:\/\/schema.org\/ImageObject\"> <a href=\"https:\/\/rheinhessen-imker.de\/?attachment_id=251\" border=\"0\" itemprop=\"url\"> <meta itemprop=\"width\" content=\"308\"> <meta itemprop=\"height\" content=\"462\"> <img decoding=\"async\" class=\"\" data-attachment-id=\"251\" data-orig-file=\"https:\/\/rheinhessen-imker.de\/wp-content\/uploads\/2014\/05\/Bienen_2014-05-17_15-43-43.jpg\" data-orig-size=\"683,1024\" data-comments-opened=\"1\" data-image-meta=\"{&quot;aperture&quot;:&quot;7.1&quot;,&quot;credit&quot;:&quot;Michael Gr\\u00fcger&quot;,&quot;camera&quot;:&quot;Canon EOS 70D&quot;,&quot;caption&quot;:&quot;&quot;,&quot;created_timestamp&quot;:&quot;1400341423&quot;,&quot;copyright&quot;:&quot;Michael Gr\\u00fcger&quot;,&quot;focal_length&quot;:&quot;18&quot;,&quot;iso&quot;:&quot;800&quot;,&quot;shutter_speed&quot;:&quot;0.033333333333333&quot;,&quot;title&quot;:&quot;\\u00a9 Michael Gr\\u00fcger, Wackernheim&quot;}\" data-image-title=\"Imkergold\" data-image-description=\"\" data-medium-file=\"https:\/\/rheinhessen-imker.de\/wp-content\/uploads\/2014\/05\/Bienen_2014-05-17_15-43-43-200x300.jpg\" data-large-file=\"https:\/\/rheinhessen-imker.de\/wp-content\/uploads\/2014\/05\/Bienen_2014-05-17_15-43-43.jpg\" src=\"https:\/\/i0.wp.com\/rheinhessen-imker.de\/wp-content\/uploads\/2014\/05\/Bienen_2014-05-17_15-43-43.jpg?w=308&#038;h=462&#038;ssl=1\" srcset=\"https:\/\/rheinhessen-imker.de\/wp-content\/uploads\/2014\/05\/Bienen_2014-05-17_15-43-43.jpg 683w, https:\/\/rheinhessen-imker.de\/wp-content\/uploads\/2014\/05\/Bienen_2014-05-17_15-43-43-100x150.jpg 100w, https:\/\/rheinhessen-imker.de\/wp-content\/uploads\/2014\/05\/Bienen_2014-05-17_15-43-43-200x300.jpg 200w, https:\/\/rheinhessen-imker.de\/wp-content\/uploads\/2014\/05\/Bienen_2014-05-17_15-43-43-624x935.jpg 624w\" width=\"308\" height=\"462\" loading=\"lazy\" data-original-width=\"308\" data-original-height=\"462\" itemprop=\"http:\/\/schema.org\/image\" title=\"Imkergold\" alt=\"Imkergold\" style=\"width: 308px; height: 462px;\" \/> <\/a> <div class=\"tiled-gallery-caption\" itemprop=\"caption description\"> Imkergold <\/div> <\/div> <\/div> <!-- close group --> <\/div> <!-- close row --> <\/div>\n","protected":false},"excerpt":{"rendered":"<p>Gestern stand unsere erste Honigernte f\u00fcr dieses Jahr auf dem Plan. Wir hatten im Vorfeld noch \u00fcberlegt, arbeiten wir mit Bienenfluchten oder kehren wir die Bienen von den Waben ab. Letztendlich haben wir uns f\u00fcr das Abfegen entschieden, was nat\u00fcrlich f\u00fcr gro\u00dfes Bohei unter den Bienen sorgte, aber dann doch &#8230;<\/p>\n","protected":false},"author":3,"featured_media":251,"comment_status":"open","ping_status":"closed","sticky":false,"template":"","format":"standard","meta":{"_jetpack_memberships_contains_paid_content":false,"footnotes":""},"categories":[7],"tags":[37],"class_list":["post-246","post","type-post","status-publish","format-standard","has-post-thumbnail","hentry","category-allgemein","tag-honigernte","column","twocol","has-thumbnail"],"jetpack_sharing_enabled":true,"jetpack_featured_media_url":"https:\/\/rheinhessen-imker.de\/wp-content\/uploads\/2014\/05\/Bienen_2014-05-17_15-43-43.jpg","jetpack_shortlink":"https:\/\/wp.me\/p5t9Ps-3Y","_links":{"self":[{"href":"https:\/\/rheinhessen-imker.de\/index.php?rest_route=\/wp\/v2\/posts\/246","targetHints":{"allow":["GET"]}}],"collection":[{"href":"https:\/\/rheinhessen-imker.de\/index.php?rest_route=\/wp\/v2\/posts"}],"about":[{"href":"https:\/\/rheinhessen-imker.de\/index.php?rest_route=\/wp\/v2\/types\/post"}],"author":[{"embeddable":true,"href":"https:\/\/rheinhessen-imker.de\/index.php?rest_route=\/wp\/v2\/users\/3"}],"replies":[{"embeddable":true,"href":"https:\/\/rheinhessen-imker.de\/index.php?rest_route=%2Fwp%2Fv2%2Fcomments&post=246"}],"version-history":[{"count":10,"href":"https:\/\/rheinhessen-imker.de\/index.php?rest_route=\/wp\/v2\/posts\/246\/revisions"}],"predecessor-version":[{"id":635,"href":"https:\/\/rheinhessen-imker.de\/index.php?rest_route=\/wp\/v2\/posts\/246\/revisions\/635"}],"wp:featuredmedia":[{"embeddable":true,"href":"https:\/\/rheinhessen-imker.de\/index.php?rest_route=\/wp\/v2\/media\/251"}],"wp:attachment":[{"href":"https:\/\/rheinhessen-imker.de\/index.php?rest_route=%2Fwp%2Fv2%2Fmedia&parent=246"}],"wp:term":[{"taxonomy":"category","embeddable":true,"href":"https:\/\/rheinhessen-imker.de\/index.php?rest_route=%2Fwp%2Fv2%2Fcategories&post=246"},{"taxonomy":"post_tag","embeddable":true,"href":"https:\/\/rheinhessen-imker.de\/index.php?rest_route=%2Fwp%2Fv2%2Ftags&post=246"}],"curies":[{"name":"wp","href":"https:\/\/api.w.org\/{rel}","templated":true}]}}