{"id":284,"date":"2014-09-08T20:57:16","date_gmt":"2014-09-08T19:57:16","guid":{"rendered":"http:\/\/rheinhessen-imker.de\/?p=284"},"modified":"2014-12-31T16:27:08","modified_gmt":"2014-12-31T15:27:08","slug":"es-ist-soweit-honig-zu-verkaufen","status":"publish","type":"post","link":"https:\/\/rheinhessen-imker.de\/?p=284","title":{"rendered":"Es ist soweit &#8211; Honig zu verkaufen"},"content":{"rendered":"<p><a href=\"https:\/\/rheinhessen-imker.de\/?attachment_id=267\" rel=\"attachment wp-att-267\"><img loading=\"lazy\" decoding=\"async\" data-attachment-id=\"267\" data-permalink=\"https:\/\/rheinhessen-imker.de\/?attachment_id=267\" data-orig-file=\"https:\/\/rheinhessen-imker.de\/wp-content\/uploads\/2014\/08\/Bienen_2014-05-19_16-46-29.jpg\" data-orig-size=\"768,1024\" data-comments-opened=\"1\" data-image-meta=\"{&quot;aperture&quot;:&quot;0&quot;,&quot;credit&quot;:&quot;&quot;,&quot;camera&quot;:&quot;&quot;,&quot;caption&quot;:&quot;&quot;,&quot;created_timestamp&quot;:&quot;0&quot;,&quot;copyright&quot;:&quot;Michael Gr\\u00fcger&quot;,&quot;focal_length&quot;:&quot;0&quot;,&quot;iso&quot;:&quot;0&quot;,&quot;shutter_speed&quot;:&quot;0&quot;,&quot;title&quot;:&quot;&quot;}\" data-image-title=\"\" data-image-description=\"\" data-image-caption=\"&lt;p&gt;Fr\u00fchlingsbl\u00fcte 2015&lt;\/p&gt;\n\" data-medium-file=\"https:\/\/rheinhessen-imker.de\/wp-content\/uploads\/2014\/08\/Bienen_2014-05-19_16-46-29-225x300.jpg\" data-large-file=\"https:\/\/rheinhessen-imker.de\/wp-content\/uploads\/2014\/08\/Bienen_2014-05-19_16-46-29.jpg\" class=\"size-thumbnail wp-image-267 alignleft\" src=\"https:\/\/rheinhessen-imker.de\/wp-content\/uploads\/2014\/08\/Bienen_2014-05-19_16-46-29-112x150.jpg\" alt=\"Unser Honig in DIB-Gl\u00e4sern\" width=\"112\" height=\"150\" srcset=\"https:\/\/rheinhessen-imker.de\/wp-content\/uploads\/2014\/08\/Bienen_2014-05-19_16-46-29-112x150.jpg 112w, https:\/\/rheinhessen-imker.de\/wp-content\/uploads\/2014\/08\/Bienen_2014-05-19_16-46-29-225x300.jpg 225w, https:\/\/rheinhessen-imker.de\/wp-content\/uploads\/2014\/08\/Bienen_2014-05-19_16-46-29-624x832.jpg 624w, https:\/\/rheinhessen-imker.de\/wp-content\/uploads\/2014\/08\/Bienen_2014-05-19_16-46-29.jpg 768w\" sizes=\"auto, (max-width: 112px) 100vw, 112px\" \/><\/a><\/p>\n<p>Es ist soweit &#8211; wir haben es Mitte der Saison geschafft, etwas mehr Honig zu ernten, als &#8222;Vorbestellungen&#8220; von Freunden und Kollegen vorlagen.<\/p>\n<p>So k\u00f6nnen wir jetzt noch ein paar Gl\u00e4ser unserer &#8222;Sommerbl\u00fcte&#8220; sowie einige Gl\u00e4ser des noch sp\u00e4ter geschleuderten &#8222;Wald-und Bl\u00fctenhonigs&#8220; abgeben. Die Fr\u00fchtracht ist leider schon ausverkauft.<\/p>\n<p>Die Gl\u00e4ser kosten 5,50\u20ac incl 50c Glaspfand, und k\u00f6nnen abgeholt werden. Nach Absprache (und ohne Garantie gegen Bruch) k\u00f6nnen wir auch Gl\u00e4ser wohlverpackt per Post versenden.<\/p>\n<p>Kontaktieren Sie uns einfach per mail oder Telefon&#8230;<\/p>\n<p><a href=\"https:\/\/rheinhessen-imker.de\/?attachment_id=324\" rel=\"attachment wp-att-324\"><img loading=\"lazy\" decoding=\"async\" data-attachment-id=\"324\" data-permalink=\"https:\/\/rheinhessen-imker.de\/?attachment_id=324\" data-orig-file=\"https:\/\/rheinhessen-imker.de\/wp-content\/uploads\/2014\/10\/Bienen_2014-10-07_19-14-47.jpg\" data-orig-size=\"800,800\" data-comments-opened=\"1\" data-image-meta=\"{&quot;aperture&quot;:&quot;5.6&quot;,&quot;credit&quot;:&quot;Michael Gr\\u00fcger&quot;,&quot;camera&quot;:&quot;Canon EOS 70D&quot;,&quot;caption&quot;:&quot;&quot;,&quot;created_timestamp&quot;:&quot;1412709287&quot;,&quot;copyright&quot;:&quot;Michael Gr\\u00fcger&quot;,&quot;focal_length&quot;:&quot;60&quot;,&quot;iso&quot;:&quot;100&quot;,&quot;shutter_speed&quot;:&quot;0.0125&quot;,&quot;title&quot;:&quot;&quot;}\" data-image-title=\"Sommerbl\u00fcte\" data-image-description=\"\" data-image-caption=\"&lt;p&gt;Sommerbl\u00fcte 2014&lt;\/p&gt;\n\" data-medium-file=\"https:\/\/rheinhessen-imker.de\/wp-content\/uploads\/2014\/10\/Bienen_2014-10-07_19-14-47-300x300.jpg\" data-large-file=\"https:\/\/rheinhessen-imker.de\/wp-content\/uploads\/2014\/10\/Bienen_2014-10-07_19-14-47.jpg\" class=\"alignnone size-medium wp-image-324\" src=\"https:\/\/rheinhessen-imker.de\/wp-content\/uploads\/2014\/10\/Bienen_2014-10-07_19-14-47-300x300.jpg\" alt=\"Sommerbl\u00fcte\" width=\"300\" height=\"300\" srcset=\"https:\/\/rheinhessen-imker.de\/wp-content\/uploads\/2014\/10\/Bienen_2014-10-07_19-14-47-300x300.jpg 300w, https:\/\/rheinhessen-imker.de\/wp-content\/uploads\/2014\/10\/Bienen_2014-10-07_19-14-47-150x150.jpg 150w, https:\/\/rheinhessen-imker.de\/wp-content\/uploads\/2014\/10\/Bienen_2014-10-07_19-14-47-624x624.jpg 624w, https:\/\/rheinhessen-imker.de\/wp-content\/uploads\/2014\/10\/Bienen_2014-10-07_19-14-47.jpg 800w\" sizes=\"auto, (max-width: 300px) 100vw, 300px\" \/><\/a> <a href=\"https:\/\/rheinhessen-imker.de\/?attachment_id=323\" rel=\"attachment wp-att-323\"><img loading=\"lazy\" decoding=\"async\" data-attachment-id=\"323\" data-permalink=\"https:\/\/rheinhessen-imker.de\/?attachment_id=323\" data-orig-file=\"https:\/\/rheinhessen-imker.de\/wp-content\/uploads\/2014\/10\/Bienen_2014-10-07_19-13-46.jpg\" data-orig-size=\"800,800\" data-comments-opened=\"1\" data-image-meta=\"{&quot;aperture&quot;:&quot;5.6&quot;,&quot;credit&quot;:&quot;Michael Gr\\u00fcger&quot;,&quot;camera&quot;:&quot;Canon EOS 70D&quot;,&quot;caption&quot;:&quot;&quot;,&quot;created_timestamp&quot;:&quot;1412709226&quot;,&quot;copyright&quot;:&quot;Michael Gr\\u00fcger&quot;,&quot;focal_length&quot;:&quot;60&quot;,&quot;iso&quot;:&quot;100&quot;,&quot;shutter_speed&quot;:&quot;0.0125&quot;,&quot;title&quot;:&quot;&quot;}\" data-image-title=\"Wald- mit Bl\u00fctenhonig 2014\" data-image-description=\"\" data-image-caption=\"\" data-medium-file=\"https:\/\/rheinhessen-imker.de\/wp-content\/uploads\/2014\/10\/Bienen_2014-10-07_19-13-46-300x300.jpg\" data-large-file=\"https:\/\/rheinhessen-imker.de\/wp-content\/uploads\/2014\/10\/Bienen_2014-10-07_19-13-46.jpg\" class=\"alignnone size-medium wp-image-323\" src=\"https:\/\/rheinhessen-imker.de\/wp-content\/uploads\/2014\/10\/Bienen_2014-10-07_19-13-46-300x300.jpg\" alt=\"Wald- mit Bl\u00fctenhonig\" width=\"300\" height=\"300\" srcset=\"https:\/\/rheinhessen-imker.de\/wp-content\/uploads\/2014\/10\/Bienen_2014-10-07_19-13-46-300x300.jpg 300w, https:\/\/rheinhessen-imker.de\/wp-content\/uploads\/2014\/10\/Bienen_2014-10-07_19-13-46-150x150.jpg 150w, https:\/\/rheinhessen-imker.de\/wp-content\/uploads\/2014\/10\/Bienen_2014-10-07_19-13-46-624x624.jpg 624w, https:\/\/rheinhessen-imker.de\/wp-content\/uploads\/2014\/10\/Bienen_2014-10-07_19-13-46.jpg 800w\" sizes=\"auto, (max-width: 300px) 100vw, 300px\" \/><\/a><\/p>\n","protected":false},"excerpt":{"rendered":"<p>Es ist soweit &#8211; wir haben es Mitte der Saison geschafft, etwas mehr Honig zu ernten, als &#8222;Vorbestellungen&#8220; von Freunden und Kollegen vorlagen. So k\u00f6nnen wir jetzt noch ein paar Gl\u00e4ser unserer &#8222;Sommerbl\u00fcte&#8220; sowie einige Gl\u00e4ser des noch sp\u00e4ter geschleuderten &#8222;Wald-und Bl\u00fctenhonigs&#8220; abgeben. Die Fr\u00fchtracht ist leider schon ausverkauft. Die &#8230;<\/p>\n","protected":false},"author":2,"featured_media":324,"comment_status":"open","ping_status":"closed","sticky":false,"template":"","format":"standard","meta":{"_jetpack_memberships_contains_paid_content":false,"footnotes":""},"categories":[7],"tags":[9,27],"class_list":["post-284","post","type-post","status-publish","format-standard","has-post-thumbnail","hentry","category-allgemein","tag-honig","tag-zu-verkaufen","column","twocol","has-thumbnail"],"jetpack_sharing_enabled":true,"jetpack_featured_media_url":"https:\/\/rheinhessen-imker.de\/wp-content\/uploads\/2014\/10\/Bienen_2014-10-07_19-14-47.jpg","jetpack_shortlink":"https:\/\/wp.me\/p5t9Ps-4A","_links":{"self":[{"href":"https:\/\/rheinhessen-imker.de\/index.php?rest_route=\/wp\/v2\/posts\/284","targetHints":{"allow":["GET"]}}],"collection":[{"href":"https:\/\/rheinhessen-imker.de\/index.php?rest_route=\/wp\/v2\/posts"}],"about":[{"href":"https:\/\/rheinhessen-imker.de\/index.php?rest_route=\/wp\/v2\/types\/post"}],"author":[{"embeddable":true,"href":"https:\/\/rheinhessen-imker.de\/index.php?rest_route=\/wp\/v2\/users\/2"}],"replies":[{"embeddable":true,"href":"https:\/\/rheinhessen-imker.de\/index.php?rest_route=%2Fwp%2Fv2%2Fcomments&post=284"}],"version-history":[{"count":10,"href":"https:\/\/rheinhessen-imker.de\/index.php?rest_route=\/wp\/v2\/posts\/284\/revisions"}],"predecessor-version":[{"id":533,"href":"https:\/\/rheinhessen-imker.de\/index.php?rest_route=\/wp\/v2\/posts\/284\/revisions\/533"}],"wp:featuredmedia":[{"embeddable":true,"href":"https:\/\/rheinhessen-imker.de\/index.php?rest_route=\/wp\/v2\/media\/324"}],"wp:attachment":[{"href":"https:\/\/rheinhessen-imker.de\/index.php?rest_route=%2Fwp%2Fv2%2Fmedia&parent=284"}],"wp:term":[{"taxonomy":"category","embeddable":true,"href":"https:\/\/rheinhessen-imker.de\/index.php?rest_route=%2Fwp%2Fv2%2Fcategories&post=284"},{"taxonomy":"post_tag","embeddable":true,"href":"https:\/\/rheinhessen-imker.de\/index.php?rest_route=%2Fwp%2Fv2%2Ftags&post=284"}],"curies":[{"name":"wp","href":"https:\/\/api.w.org\/{rel}","templated":true}]}}