{"id":319,"date":"2014-03-29T21:33:32","date_gmt":"2014-03-29T20:33:32","guid":{"rendered":"http:\/\/rheinhessen-imker.de\/?p=319"},"modified":"2015-01-16T23:44:32","modified_gmt":"2015-01-16T22:44:32","slug":"polizeibienen-projekt-gestartet","status":"publish","type":"post","link":"https:\/\/rheinhessen-imker.de\/?p=319","title":{"rendered":"Polizeibienen &#8211; Projekt gestartet"},"content":{"rendered":"<p>Gestern sind die Polizeibienen offiziell in Dienst gestellt worden. Seit gestern patrouillieren die Bienen durch Mainzer Neustadt, und die anschlie\u00dfenden Gr\u00fcnfl\u00e4chen. Wir sind gespannt, welchen Ertrag die beiden V\u00f6lker, auch im direkten Vergleich mit ihren Schwestern in Heidesheim, eintragen.<\/p>\n<p>Der Verkaufserl\u00f6s des Polizeihonigs wird \u00fcbrigens vollst\u00e4ndig an die Goethe-Schule gespendet.<br \/>\n<a href=\"https:\/\/rheinhessen-imker.de\/?attachment_id=317\" rel=\"attachment wp-att-317\"><img loading=\"lazy\" decoding=\"async\" data-attachment-id=\"317\" data-permalink=\"https:\/\/rheinhessen-imker.de\/?attachment_id=317\" data-orig-file=\"https:\/\/rheinhessen-imker.de\/wp-content\/uploads\/2014\/10\/2014-03-29_Allgemeine-Zeitung.jpg\" data-orig-size=\"1239,1754\" data-comments-opened=\"1\" data-image-meta=\"{&quot;aperture&quot;:&quot;0&quot;,&quot;credit&quot;:&quot;&quot;,&quot;camera&quot;:&quot;&quot;,&quot;caption&quot;:&quot;&quot;,&quot;created_timestamp&quot;:&quot;0&quot;,&quot;copyright&quot;:&quot;&quot;,&quot;focal_length&quot;:&quot;0&quot;,&quot;iso&quot;:&quot;0&quot;,&quot;shutter_speed&quot;:&quot;0&quot;,&quot;title&quot;:&quot;&quot;}\" data-image-title=\"&#8222;Polizeibienen sind im Dienst&#8220; &#8211; Allgemeine Zeitung Mainz vom 29.03.2014\" data-image-description=\"\" data-image-caption=\"&lt;p&gt;&#8222;Polizeibienen sind im Dienst&#8220; &#8211; Allgemeine Zeitung Mainz vom 29.03.2014&lt;\/p&gt;\n\" data-medium-file=\"https:\/\/rheinhessen-imker.de\/wp-content\/uploads\/2014\/10\/2014-03-29_Allgemeine-Zeitung-211x300.jpg\" data-large-file=\"https:\/\/rheinhessen-imker.de\/wp-content\/uploads\/2014\/10\/2014-03-29_Allgemeine-Zeitung-723x1024.jpg\" class=\"size-medium wp-image-317 alignnone\" src=\"https:\/\/rheinhessen-imker.de\/wp-content\/uploads\/2014\/10\/2014-03-29_Allgemeine-Zeitung-211x300.jpg\" alt=\"2014-03-29_Allgemeine-Zeitung\" width=\"211\" height=\"300\" srcset=\"https:\/\/rheinhessen-imker.de\/wp-content\/uploads\/2014\/10\/2014-03-29_Allgemeine-Zeitung-211x300.jpg 211w, https:\/\/rheinhessen-imker.de\/wp-content\/uploads\/2014\/10\/2014-03-29_Allgemeine-Zeitung-105x150.jpg 105w, https:\/\/rheinhessen-imker.de\/wp-content\/uploads\/2014\/10\/2014-03-29_Allgemeine-Zeitung-723x1024.jpg 723w, https:\/\/rheinhessen-imker.de\/wp-content\/uploads\/2014\/10\/2014-03-29_Allgemeine-Zeitung-624x883.jpg 624w, https:\/\/rheinhessen-imker.de\/wp-content\/uploads\/2014\/10\/2014-03-29_Allgemeine-Zeitung.jpg 1239w\" sizes=\"auto, (max-width: 211px) 100vw, 211px\" \/><\/a> <a href=\"https:\/\/rheinhessen-imker.de\/?attachment_id=318\" rel=\"attachment wp-att-318\"><img loading=\"lazy\" decoding=\"async\" data-attachment-id=\"318\" data-permalink=\"https:\/\/rheinhessen-imker.de\/?attachment_id=318\" data-orig-file=\"https:\/\/rheinhessen-imker.de\/wp-content\/uploads\/2014\/10\/2014-03-29_Bild-Zeitung.jpg\" data-orig-size=\"1239,1754\" data-comments-opened=\"1\" data-image-meta=\"{&quot;aperture&quot;:&quot;0&quot;,&quot;credit&quot;:&quot;&quot;,&quot;camera&quot;:&quot;&quot;,&quot;caption&quot;:&quot;&quot;,&quot;created_timestamp&quot;:&quot;0&quot;,&quot;copyright&quot;:&quot;&quot;,&quot;focal_length&quot;:&quot;0&quot;,&quot;iso&quot;:&quot;0&quot;,&quot;shutter_speed&quot;:&quot;0&quot;,&quot;title&quot;:&quot;&quot;}\" data-image-title=\"&#8222;Mainzer Polizei setzt Bienen-Drohnen ein&#8220; Bild-Zeitung vom 29.03.2014\" data-image-description=\"\" data-image-caption=\"&lt;p&gt;&#8222;Mainzer Polizei setzt Bienen-Drohnen ein&#8220; Bild-Zeitung vom 29.03.2014&lt;\/p&gt;\n\" data-medium-file=\"https:\/\/rheinhessen-imker.de\/wp-content\/uploads\/2014\/10\/2014-03-29_Bild-Zeitung-211x300.jpg\" data-large-file=\"https:\/\/rheinhessen-imker.de\/wp-content\/uploads\/2014\/10\/2014-03-29_Bild-Zeitung-723x1024.jpg\" class=\"size-medium wp-image-318 alignnone\" src=\"https:\/\/rheinhessen-imker.de\/wp-content\/uploads\/2014\/10\/2014-03-29_Bild-Zeitung-211x300.jpg\" alt=\"2014-03-29_Bild-Zeitung\" width=\"211\" height=\"300\" srcset=\"https:\/\/rheinhessen-imker.de\/wp-content\/uploads\/2014\/10\/2014-03-29_Bild-Zeitung-211x300.jpg 211w, https:\/\/rheinhessen-imker.de\/wp-content\/uploads\/2014\/10\/2014-03-29_Bild-Zeitung-105x150.jpg 105w, https:\/\/rheinhessen-imker.de\/wp-content\/uploads\/2014\/10\/2014-03-29_Bild-Zeitung-723x1024.jpg 723w, https:\/\/rheinhessen-imker.de\/wp-content\/uploads\/2014\/10\/2014-03-29_Bild-Zeitung-624x883.jpg 624w, https:\/\/rheinhessen-imker.de\/wp-content\/uploads\/2014\/10\/2014-03-29_Bild-Zeitung.jpg 1239w\" sizes=\"auto, (max-width: 211px) 100vw, 211px\" \/><\/a><\/p>\n","protected":false},"excerpt":{"rendered":"<p>Gestern sind die Polizeibienen offiziell in Dienst gestellt worden. Seit gestern patrouillieren die Bienen durch Mainzer Neustadt, und die anschlie\u00dfenden Gr\u00fcnfl\u00e4chen. Wir sind gespannt, welchen Ertrag die beiden V\u00f6lker, auch im direkten Vergleich mit ihren Schwestern in Heidesheim, eintragen. Der Verkaufserl\u00f6s des Polizeihonigs wird \u00fcbrigens vollst\u00e4ndig an die Goethe-Schule gespendet.<\/p>\n","protected":false},"author":3,"featured_media":0,"comment_status":"open","ping_status":"closed","sticky":false,"template":"","format":"standard","meta":{"_jetpack_memberships_contains_paid_content":false,"footnotes":""},"categories":[29],"tags":[36],"class_list":["post-319","post","type-post","status-publish","format-standard","hentry","category-polizeibienen","tag-polizeibienen","column","twocol"],"jetpack_sharing_enabled":true,"jetpack_featured_media_url":"","jetpack_shortlink":"https:\/\/wp.me\/p5t9Ps-59","_links":{"self":[{"href":"https:\/\/rheinhessen-imker.de\/index.php?rest_route=\/wp\/v2\/posts\/319","targetHints":{"allow":["GET"]}}],"collection":[{"href":"https:\/\/rheinhessen-imker.de\/index.php?rest_route=\/wp\/v2\/posts"}],"about":[{"href":"https:\/\/rheinhessen-imker.de\/index.php?rest_route=\/wp\/v2\/types\/post"}],"author":[{"embeddable":true,"href":"https:\/\/rheinhessen-imker.de\/index.php?rest_route=\/wp\/v2\/users\/3"}],"replies":[{"embeddable":true,"href":"https:\/\/rheinhessen-imker.de\/index.php?rest_route=%2Fwp%2Fv2%2Fcomments&post=319"}],"version-history":[{"count":4,"href":"https:\/\/rheinhessen-imker.de\/index.php?rest_route=\/wp\/v2\/posts\/319\/revisions"}],"predecessor-version":[{"id":579,"href":"https:\/\/rheinhessen-imker.de\/index.php?rest_route=\/wp\/v2\/posts\/319\/revisions\/579"}],"wp:attachment":[{"href":"https:\/\/rheinhessen-imker.de\/index.php?rest_route=%2Fwp%2Fv2%2Fmedia&parent=319"}],"wp:term":[{"taxonomy":"category","embeddable":true,"href":"https:\/\/rheinhessen-imker.de\/index.php?rest_route=%2Fwp%2Fv2%2Fcategories&post=319"},{"taxonomy":"post_tag","embeddable":true,"href":"https:\/\/rheinhessen-imker.de\/index.php?rest_route=%2Fwp%2Fv2%2Ftags&post=319"}],"curies":[{"name":"wp","href":"https:\/\/api.w.org\/{rel}","templated":true}]}}