{"id":341,"date":"2014-10-04T22:42:51","date_gmt":"2014-10-04T21:42:51","guid":{"rendered":"http:\/\/rheinhessen-imker.de\/?p=341"},"modified":"2014-12-14T12:19:50","modified_gmt":"2014-12-14T11:19:50","slug":"blick-nach-oesterreich","status":"publish","type":"post","link":"https:\/\/rheinhessen-imker.de\/?p=341","title":{"rendered":"Blick nach \u00d6sterreich"},"content":{"rendered":"<p><a href=\"https:\/\/rheinhessen-imker.de\/?attachment_id=340\" rel=\"attachment wp-att-340\"><img loading=\"lazy\" decoding=\"async\" data-attachment-id=\"340\" data-permalink=\"https:\/\/rheinhessen-imker.de\/?attachment_id=340\" data-orig-file=\"https:\/\/rheinhessen-imker.de\/wp-content\/uploads\/2014\/12\/Bauernzeitung.jpg\" data-orig-size=\"607,570\" data-comments-opened=\"1\" data-image-meta=\"{&quot;aperture&quot;:&quot;0&quot;,&quot;credit&quot;:&quot;&quot;,&quot;camera&quot;:&quot;&quot;,&quot;caption&quot;:&quot;&quot;,&quot;created_timestamp&quot;:&quot;0&quot;,&quot;copyright&quot;:&quot;&quot;,&quot;focal_length&quot;:&quot;0&quot;,&quot;iso&quot;:&quot;0&quot;,&quot;shutter_speed&quot;:&quot;0&quot;,&quot;title&quot;:&quot;&quot;}\" data-image-title=\"Bauernzeitung\" data-image-description=\"&lt;p&gt;Bauernzeitung aus \u00d6sterreich (http:\/\/www.bauernzeitung.at\/?id=2500,1053158,,)&lt;\/p&gt;\n\" data-image-caption=\"\" data-medium-file=\"https:\/\/rheinhessen-imker.de\/wp-content\/uploads\/2014\/12\/Bauernzeitung-300x281.jpg\" data-large-file=\"https:\/\/rheinhessen-imker.de\/wp-content\/uploads\/2014\/12\/Bauernzeitung.jpg\" class=\"alignleft size-thumbnail wp-image-340\" src=\"https:\/\/rheinhessen-imker.de\/wp-content\/uploads\/2014\/12\/Bauernzeitung-150x140.jpg\" alt=\"Bauernzeitung\" width=\"150\" height=\"140\" srcset=\"https:\/\/rheinhessen-imker.de\/wp-content\/uploads\/2014\/12\/Bauernzeitung-150x140.jpg 150w, https:\/\/rheinhessen-imker.de\/wp-content\/uploads\/2014\/12\/Bauernzeitung-300x281.jpg 300w, https:\/\/rheinhessen-imker.de\/wp-content\/uploads\/2014\/12\/Bauernzeitung.jpg 607w\" sizes=\"auto, (max-width: 150px) 100vw, 150px\" \/><\/a>Nachdem bei unseren V\u00f6lkern alles f\u00fcr den Winter vorbereitet wurde, ist es nun auch spannend zu lesen, wie das Bienenjahr in anderen Regionen und L\u00e4ndern verlaufen ist.<\/p>\n<p>Die \u00d6sterreichische Bauernzeitung hat ihr Res\u00fcmee mit einem <a title=\"Varroa-Behandlung mit Oxals\u00e4ure\" href=\"https:\/\/rheinhessen-imker.de\/?p=44\">Bild unserer Bienen<\/a> geschm\u00fcckt. Es freut uns, dass unsere Bienen nun auch international geworden sind \ud83d\ude42<\/p>\n<p>Den vollst\u00e4ndigen Bericht gibt es hier zu lesen:\u00a0<a href=\"http:\/\/www.bauernzeitung.at\/?id=2500,1053158,,\" target=\"_blank\">\u00f6sterreichische Bauernzeitung<\/a><\/p>\n","protected":false},"excerpt":{"rendered":"<p>Nachdem bei unseren V\u00f6lkern alles f\u00fcr den Winter vorbereitet wurde, ist es nun auch spannend zu lesen, wie das Bienenjahr in anderen Regionen und L\u00e4ndern verlaufen ist. Die \u00d6sterreichische Bauernzeitung hat ihr Res\u00fcmee mit einem Bild unserer Bienen geschm\u00fcckt. Es freut uns, dass unsere Bienen nun auch international geworden sind &#8230;<\/p>\n","protected":false},"author":3,"featured_media":0,"comment_status":"open","ping_status":"closed","sticky":false,"template":"","format":"standard","meta":{"_jetpack_memberships_contains_paid_content":false,"footnotes":""},"categories":[7],"tags":[],"class_list":["post-341","post","type-post","status-publish","format-standard","hentry","category-allgemein","column","twocol"],"jetpack_sharing_enabled":true,"jetpack_featured_media_url":"","jetpack_shortlink":"https:\/\/wp.me\/p5t9Ps-5v","_links":{"self":[{"href":"https:\/\/rheinhessen-imker.de\/index.php?rest_route=\/wp\/v2\/posts\/341","targetHints":{"allow":["GET"]}}],"collection":[{"href":"https:\/\/rheinhessen-imker.de\/index.php?rest_route=\/wp\/v2\/posts"}],"about":[{"href":"https:\/\/rheinhessen-imker.de\/index.php?rest_route=\/wp\/v2\/types\/post"}],"author":[{"embeddable":true,"href":"https:\/\/rheinhessen-imker.de\/index.php?rest_route=\/wp\/v2\/users\/3"}],"replies":[{"embeddable":true,"href":"https:\/\/rheinhessen-imker.de\/index.php?rest_route=%2Fwp%2Fv2%2Fcomments&post=341"}],"version-history":[{"count":15,"href":"https:\/\/rheinhessen-imker.de\/index.php?rest_route=\/wp\/v2\/posts\/341\/revisions"}],"predecessor-version":[{"id":411,"href":"https:\/\/rheinhessen-imker.de\/index.php?rest_route=\/wp\/v2\/posts\/341\/revisions\/411"}],"wp:attachment":[{"href":"https:\/\/rheinhessen-imker.de\/index.php?rest_route=%2Fwp%2Fv2%2Fmedia&parent=341"}],"wp:term":[{"taxonomy":"category","embeddable":true,"href":"https:\/\/rheinhessen-imker.de\/index.php?rest_route=%2Fwp%2Fv2%2Fcategories&post=341"},{"taxonomy":"post_tag","embeddable":true,"href":"https:\/\/rheinhessen-imker.de\/index.php?rest_route=%2Fwp%2Fv2%2Ftags&post=341"}],"curies":[{"name":"wp","href":"https:\/\/api.w.org\/{rel}","templated":true}]}}