{"id":372,"date":"2014-09-10T22:24:27","date_gmt":"2014-09-10T21:24:27","guid":{"rendered":"http:\/\/rheinhessen-imker.de\/?p=372"},"modified":"2015-01-16T23:48:44","modified_gmt":"2015-01-16T22:48:44","slug":"polizeibienen-verkaufserloes-uebergeben","status":"publish","type":"post","link":"https:\/\/rheinhessen-imker.de\/?p=372","title":{"rendered":"Polizeibienen &#8211; Verkaufserl\u00f6s \u00fcbergeben"},"content":{"rendered":"<p><a href=\"https:\/\/rheinhessen-imker.de\/?attachment_id=371\" rel=\"attachment wp-att-371\"><img loading=\"lazy\" decoding=\"async\" data-attachment-id=\"371\" data-permalink=\"https:\/\/rheinhessen-imker.de\/?attachment_id=371\" data-orig-file=\"https:\/\/rheinhessen-imker.de\/wp-content\/uploads\/2014\/12\/1.jpg\" data-orig-size=\"1754,1239\" data-comments-opened=\"1\" data-image-meta=\"{&quot;aperture&quot;:&quot;0&quot;,&quot;credit&quot;:&quot;&quot;,&quot;camera&quot;:&quot;&quot;,&quot;caption&quot;:&quot;&quot;,&quot;created_timestamp&quot;:&quot;0&quot;,&quot;copyright&quot;:&quot;&quot;,&quot;focal_length&quot;:&quot;0&quot;,&quot;iso&quot;:&quot;0&quot;,&quot;shutter_speed&quot;:&quot;0&quot;,&quot;title&quot;:&quot;&quot;}\" data-image-title=\"&#8222;So flei\u00dfig wie die Bienen&#8220; &#8211; Allgemeine Zeitung Mainz vom 10.09.2014\" data-image-description=\"&lt;p&gt;&#8222;So flei\u00dfig wie die Bienen&#8220; &#8211; Allgemeine Zeitung Mainz vom 10.09.2014&lt;\/p&gt;\n\" data-image-caption=\"\" data-medium-file=\"https:\/\/rheinhessen-imker.de\/wp-content\/uploads\/2014\/12\/1-300x211.jpg\" data-large-file=\"https:\/\/rheinhessen-imker.de\/wp-content\/uploads\/2014\/12\/1-1024x723.jpg\" class=\"alignleft size-thumbnail wp-image-371\" src=\"https:\/\/rheinhessen-imker.de\/wp-content\/uploads\/2014\/12\/1-150x105.jpg\" alt=\"&quot;So flei\u00dfig wie die Bienen&quot; - Allgemeine Zeitung Mainz vom 10.09.2014\" width=\"150\" height=\"105\" srcset=\"https:\/\/rheinhessen-imker.de\/wp-content\/uploads\/2014\/12\/1-150x105.jpg 150w, https:\/\/rheinhessen-imker.de\/wp-content\/uploads\/2014\/12\/1-300x211.jpg 300w, https:\/\/rheinhessen-imker.de\/wp-content\/uploads\/2014\/12\/1-1024x723.jpg 1024w, https:\/\/rheinhessen-imker.de\/wp-content\/uploads\/2014\/12\/1-624x440.jpg 624w, https:\/\/rheinhessen-imker.de\/wp-content\/uploads\/2014\/12\/1.jpg 1754w\" sizes=\"auto, (max-width: 150px) 100vw, 150px\" \/><\/a>Die Polizeibienen waren in diesem ersten Jahr gleich besonders flei\u00dfig: \u00dcber 80kg Honig wurden eingetragen und konnten f\u00fcr die gute Sache verkauft werden.\u00a0So kamen am Ende 800 Euro zusammen, die dann durch den Polizeipr\u00e4sidenten, Herrn Karl-Heinz Weber an den F\u00f6rderverein der Mainzer Goethe-Grundschule \u00fcbergeben wurden.<\/p>\n<p>Die letzten Monate in diesem Projekt haben mir sehr viel Spa\u00df gemacht &#8211; es war sch\u00f6n zu sehen, wie sehr sich die Kinder auch dank der tollen Unterst\u00fctzung durch die Klassenlehrerinnen f\u00fcr die Bienen und die Imkerei interessiert haben!<\/p>\n<p>Vielleicht gibt es im n\u00e4chsten Jahr eine Fortsetzung &#8211; wenn ja &#8211; werde ich hier nat\u00fcrlich auch dar\u00fcber berichten!<\/p>\n","protected":false},"excerpt":{"rendered":"<p>Die Polizeibienen waren in diesem ersten Jahr gleich besonders flei\u00dfig: \u00dcber 80kg Honig wurden eingetragen und konnten f\u00fcr die gute Sache verkauft werden.\u00a0So kamen am Ende 800 Euro zusammen, die dann durch den Polizeipr\u00e4sidenten, Herrn Karl-Heinz Weber an den F\u00f6rderverein der Mainzer Goethe-Grundschule \u00fcbergeben wurden. Die letzten Monate in diesem &#8230;<\/p>\n","protected":false},"author":1,"featured_media":0,"comment_status":"open","ping_status":"closed","sticky":false,"template":"","format":"standard","meta":{"_jetpack_memberships_contains_paid_content":false,"footnotes":""},"categories":[29],"tags":[36],"class_list":["post-372","post","type-post","status-publish","format-standard","hentry","category-polizeibienen","tag-polizeibienen","column","twocol"],"jetpack_sharing_enabled":true,"jetpack_featured_media_url":"","jetpack_shortlink":"https:\/\/wp.me\/p5t9Ps-60","_links":{"self":[{"href":"https:\/\/rheinhessen-imker.de\/index.php?rest_route=\/wp\/v2\/posts\/372","targetHints":{"allow":["GET"]}}],"collection":[{"href":"https:\/\/rheinhessen-imker.de\/index.php?rest_route=\/wp\/v2\/posts"}],"about":[{"href":"https:\/\/rheinhessen-imker.de\/index.php?rest_route=\/wp\/v2\/types\/post"}],"author":[{"embeddable":true,"href":"https:\/\/rheinhessen-imker.de\/index.php?rest_route=\/wp\/v2\/users\/1"}],"replies":[{"embeddable":true,"href":"https:\/\/rheinhessen-imker.de\/index.php?rest_route=%2Fwp%2Fv2%2Fcomments&post=372"}],"version-history":[{"count":8,"href":"https:\/\/rheinhessen-imker.de\/index.php?rest_route=\/wp\/v2\/posts\/372\/revisions"}],"predecessor-version":[{"id":581,"href":"https:\/\/rheinhessen-imker.de\/index.php?rest_route=\/wp\/v2\/posts\/372\/revisions\/581"}],"wp:attachment":[{"href":"https:\/\/rheinhessen-imker.de\/index.php?rest_route=%2Fwp%2Fv2%2Fmedia&parent=372"}],"wp:term":[{"taxonomy":"category","embeddable":true,"href":"https:\/\/rheinhessen-imker.de\/index.php?rest_route=%2Fwp%2Fv2%2Fcategories&post=372"},{"taxonomy":"post_tag","embeddable":true,"href":"https:\/\/rheinhessen-imker.de\/index.php?rest_route=%2Fwp%2Fv2%2Ftags&post=372"}],"curies":[{"name":"wp","href":"https:\/\/api.w.org\/{rel}","templated":true}]}}