{"id":580,"date":"2015-01-25T16:33:55","date_gmt":"2015-01-25T15:33:55","guid":{"rendered":"http:\/\/rheinhessen-imker.de\/?p=580"},"modified":"2015-02-27T21:52:30","modified_gmt":"2015-02-27T20:52:30","slug":"drohnenbruetiges-volk-mit-weiselrichtigem-ableger-vereinigen","status":"publish","type":"post","link":"https:\/\/rheinhessen-imker.de\/?p=580","title":{"rendered":"Drohnenbr\u00fctiges Volk mit weiselrichtigem Ableger vereinigen"},"content":{"rendered":"<figure id=\"attachment_268\" aria-describedby=\"caption-attachment-268\" style=\"width: 150px\" class=\"wp-caption alignleft\"><a href=\"https:\/\/rheinhessen-imker.de\/wp-content\/uploads\/2014\/08\/Bienen_2014-07-27_19-45-38.jpg\" rel=\"attachment wp-att-268\"><img loading=\"lazy\" decoding=\"async\" data-attachment-id=\"268\" data-permalink=\"https:\/\/rheinhessen-imker.de\/?attachment_id=268\" data-orig-file=\"https:\/\/rheinhessen-imker.de\/wp-content\/uploads\/2014\/08\/Bienen_2014-07-27_19-45-38-e1422202298566.jpg\" data-orig-size=\"800,534\" data-comments-opened=\"1\" data-image-meta=\"{&quot;aperture&quot;:&quot;0&quot;,&quot;credit&quot;:&quot;&quot;,&quot;camera&quot;:&quot;&quot;,&quot;caption&quot;:&quot;&quot;,&quot;created_timestamp&quot;:&quot;0&quot;,&quot;copyright&quot;:&quot;Michael Grueger&quot;,&quot;focal_length&quot;:&quot;0&quot;,&quot;iso&quot;:&quot;0&quot;,&quot;shutter_speed&quot;:&quot;0&quot;,&quot;title&quot;:&quot;&quot;}\" data-image-title=\"Bienen_2014-07-27_19-45-38\" data-image-description=\"\" data-image-caption=\"&lt;p&gt;Unregelm\u00e4\u00dfiges Brutnest des drohnenbr\u00fctigen Volkes.&lt;\/p&gt;\n\" data-medium-file=\"https:\/\/rheinhessen-imker.de\/wp-content\/uploads\/2014\/08\/Bienen_2014-07-27_19-45-38-300x200.jpg\" data-large-file=\"https:\/\/rheinhessen-imker.de\/wp-content\/uploads\/2014\/08\/Bienen_2014-07-27_19-45-38-e1422202298566.jpg\" class=\"wp-image-268 size-thumbnail\" src=\"https:\/\/rheinhessen-imker.de\/wp-content\/uploads\/2014\/08\/Bienen_2014-07-27_19-45-38-150x100.jpg\" alt=\"Unregelm\u00e4\u00dfiges Brutnest.\" width=\"150\" height=\"100\" \/><\/a><figcaption id=\"caption-attachment-268\" class=\"wp-caption-text\">Unregelm\u00e4\u00dfiges Brutnest.<\/figcaption><\/figure>\n<p>Im Sommer 2014 war ein Ableger aufgefallen, der sich nicht richtig zu entwickeln schien. Stifte waren zu sehen, es waren zT mehrere in einer Zelle, wobei das h\u00e4ufiger bei ganz jungen K\u00f6niginnen auftritt.\u00a0 Ich hatte hier bereits eine K\u00f6nigin gesehen, so dass wir erstmal das ganze noch beobachteten. Doch nach weiteren 2 Wochen war klar, dass die K\u00f6nigin vom Begattungsflug wohl nicht zur\u00fcckgekommen war. Sie war nicht aufzufinden, und das Brutnest wirkte sehr unregelm\u00e4\u00dfig und &#8222;holperig&#8220;.<\/p>\n<p>Eine Arbeiterin hatte wohl angefangen Eier zu legen, die sich, da sie unbefruchtet waren, nur zu Drohnen entwickeln konnten. Das Volk war aber der Meinung, sie h\u00e4tten eine K\u00f6nigin, so dass ein einfaches Zusetzen einer begatteten K\u00f6nigin nur geringe Erfolgschancen h\u00e4tte. Die legende Arbeiterin zu finden ist nahezu unm\u00f6glich, da sie sich optisch quasi nicht von den anderen Bienen unterscheidet.<\/p>\n<p>Da sie aber einen etwas gr\u00f6\u00dferen Hinterleib entwickelt, kann sie nicht mehr gut fliegen. Dies kann man sich zunutze machen, um die Bienen mit einem weiselrichtigen Volk zu vereinen, ohne dessen K\u00f6nigin zu gef\u00e4hrden. Wie immer gibt es in der Imkerei unterschiedliche Methoden, ich bin wie folgt vorgegangen:<\/p>\n<figure id=\"attachment_271\" aria-describedby=\"caption-attachment-271\" style=\"width: 150px\" class=\"wp-caption alignright\"><a href=\"https:\/\/rheinhessen-imker.de\/wp-content\/uploads\/2014\/08\/Bienen_2014-07-27_20-07-43.jpg\" rel=\"attachment wp-att-271\"><img loading=\"lazy\" decoding=\"async\" data-attachment-id=\"271\" data-permalink=\"https:\/\/rheinhessen-imker.de\/?attachment_id=271\" data-orig-file=\"https:\/\/rheinhessen-imker.de\/wp-content\/uploads\/2014\/08\/Bienen_2014-07-27_20-07-43.jpg\" data-orig-size=\"1024,683\" data-comments-opened=\"1\" data-image-meta=\"{&quot;aperture&quot;:&quot;0&quot;,&quot;credit&quot;:&quot;&quot;,&quot;camera&quot;:&quot;&quot;,&quot;caption&quot;:&quot;&quot;,&quot;created_timestamp&quot;:&quot;0&quot;,&quot;copyright&quot;:&quot;Michael Grueger&quot;,&quot;focal_length&quot;:&quot;0&quot;,&quot;iso&quot;:&quot;0&quot;,&quot;shutter_speed&quot;:&quot;0&quot;,&quot;title&quot;:&quot;&quot;}\" data-image-title=\"Bienen_2014-07-27_20-07-43\" data-image-description=\"\" data-image-caption=\"&lt;p&gt;Umh\u00e4ngen der Waben mit der &#8222;neuen&#8220; K\u00f6nigin in die gro\u00dfere Beute rechts.&lt;\/p&gt;\n\" data-medium-file=\"https:\/\/rheinhessen-imker.de\/wp-content\/uploads\/2014\/08\/Bienen_2014-07-27_20-07-43-300x200.jpg\" data-large-file=\"https:\/\/rheinhessen-imker.de\/wp-content\/uploads\/2014\/08\/Bienen_2014-07-27_20-07-43.jpg\" class=\"wp-image-271 size-thumbnail\" src=\"https:\/\/rheinhessen-imker.de\/wp-content\/uploads\/2014\/08\/Bienen_2014-07-27_20-07-43-150x100.jpg\" alt=\"Umh\u00e4ngen der Waben mit der &quot;neuen&quot; K\u00f6nigin in die gro\u00dfere Beute rechts.\" width=\"150\" height=\"100\" srcset=\"https:\/\/rheinhessen-imker.de\/wp-content\/uploads\/2014\/08\/Bienen_2014-07-27_20-07-43-150x100.jpg 150w, https:\/\/rheinhessen-imker.de\/wp-content\/uploads\/2014\/08\/Bienen_2014-07-27_20-07-43-300x200.jpg 300w, https:\/\/rheinhessen-imker.de\/wp-content\/uploads\/2014\/08\/Bienen_2014-07-27_20-07-43-624x416.jpg 624w, https:\/\/rheinhessen-imker.de\/wp-content\/uploads\/2014\/08\/Bienen_2014-07-27_20-07-43.jpg 1024w\" sizes=\"auto, (max-width: 150px) 100vw, 150px\" \/><\/a><figcaption id=\"caption-attachment-271\" class=\"wp-caption-text\">Umh\u00e4ngen der Waben mit der &#8222;neuen&#8220; K\u00f6nigin in die gro\u00dfere Beute rechts.<\/figcaption><\/figure>\n<p>Das drohnenbr\u00fctige Volk (dV) stand zuf\u00e4llig genau neben einem weiteren Ableger, mit dem ich es vereinigen wollte. Ich habe also eine neue Zarge vorbereitet die ich anstelle des dV auf dessen bienenfreien Boden gesetzt habe. Die Zarge mit dem dV habe ich ca 12m entfernt erstmal auf den Boden gestellt. Dann habe ich die Waben aus dem Ableger in die neue Zarge geh\u00e4ngt. Den Boden habe ich dann in die Mitte zwischen die beiden Standorte ger\u00fcckt, so dass die r\u00fcckkehrenden Bienen aus beiden V\u00f6lkern sich hier einfinden konnten.<\/p>\n<figure id=\"attachment_273\" aria-describedby=\"caption-attachment-273\" style=\"width: 150px\" class=\"wp-caption alignleft\"><a href=\"https:\/\/rheinhessen-imker.de\/wp-content\/uploads\/2014\/08\/Bienen_2014-07-27_20-15-14.jpg\" rel=\"attachment wp-att-273\"><img loading=\"lazy\" decoding=\"async\" data-attachment-id=\"273\" data-permalink=\"https:\/\/rheinhessen-imker.de\/?attachment_id=273\" data-orig-file=\"https:\/\/rheinhessen-imker.de\/wp-content\/uploads\/2014\/08\/Bienen_2014-07-27_20-15-14.jpg\" data-orig-size=\"1024,683\" data-comments-opened=\"1\" data-image-meta=\"{&quot;aperture&quot;:&quot;0&quot;,&quot;credit&quot;:&quot;&quot;,&quot;camera&quot;:&quot;&quot;,&quot;caption&quot;:&quot;&quot;,&quot;created_timestamp&quot;:&quot;0&quot;,&quot;copyright&quot;:&quot;Michael Grueger&quot;,&quot;focal_length&quot;:&quot;0&quot;,&quot;iso&quot;:&quot;0&quot;,&quot;shutter_speed&quot;:&quot;0&quot;,&quot;title&quot;:&quot;&quot;}\" data-image-title=\"Bienen_2014-07-27_20-15-14\" data-image-description=\"\" data-image-caption=\"&lt;p&gt;Absto\u00dfen der Bienen auf den Boden, weiter als 10m vom alten Standort entfernt.&lt;\/p&gt;\n\" data-medium-file=\"https:\/\/rheinhessen-imker.de\/wp-content\/uploads\/2014\/08\/Bienen_2014-07-27_20-15-14-300x200.jpg\" data-large-file=\"https:\/\/rheinhessen-imker.de\/wp-content\/uploads\/2014\/08\/Bienen_2014-07-27_20-15-14.jpg\" class=\"wp-image-273 size-thumbnail\" src=\"https:\/\/rheinhessen-imker.de\/wp-content\/uploads\/2014\/08\/Bienen_2014-07-27_20-15-14-150x100.jpg\" alt=\"Absto\u00dfen der Bienen auf den Boden.\" width=\"150\" height=\"100\" srcset=\"https:\/\/rheinhessen-imker.de\/wp-content\/uploads\/2014\/08\/Bienen_2014-07-27_20-15-14-150x100.jpg 150w, https:\/\/rheinhessen-imker.de\/wp-content\/uploads\/2014\/08\/Bienen_2014-07-27_20-15-14-300x200.jpg 300w, https:\/\/rheinhessen-imker.de\/wp-content\/uploads\/2014\/08\/Bienen_2014-07-27_20-15-14-624x416.jpg 624w, https:\/\/rheinhessen-imker.de\/wp-content\/uploads\/2014\/08\/Bienen_2014-07-27_20-15-14.jpg 1024w\" sizes=\"auto, (max-width: 150px) 100vw, 150px\" \/><\/a><figcaption id=\"caption-attachment-273\" class=\"wp-caption-text\">Absto\u00dfen der Bienen auf den Boden.<\/figcaption><\/figure>\n<p>Dann habe ich die Waben des dV in der Entfernung von 12m einzeln auf den Boden abgefegt. Die Flugbienen sind einfach direkt wieder zu Ihrem &#8222;Zuhause&#8220; geflogen, dies stand ja nun 2m weiter, sie sammelten sich dort erstmal vor dem Flugloch, aber es schien gut zu klappen, nach ca 20 min war die Front der Beute wieder leer.<\/p>\n<p>Nach kurzer Zeit waren auch an der &#8222;Absto\u00dfstelle&#8220; nur noch sehr wenige Bienen auf dem Boden zu finden. Unter Ihnen muss auch die flugunf\u00e4hige legende Arbeiterin gewesen sein.<\/p>\n<p>Ich habe das vereinigte Volk dann mit guten Waben aus dem dV erg\u00e4nzt, Futterwaben und Leerwaben vom Rand. Alle Drohnenbrutwaben wurden nicht eingeh\u00e4ngt sondern hinterher eingeschmolzen.<\/p>\n<p>Dann habe ich den Deckel wieder verschlossen und das zusammengef\u00fchrte Volk eine Woche in Ruhe gelassen. Bei der n\u00e4chsten Kontrolle sah ich ein sch\u00f6nes Brutbild, die gezeichnete K\u00f6nigin war da und das Volk wirkte zufrieden.<\/p>\n<figure id=\"attachment_274\" aria-describedby=\"caption-attachment-274\" style=\"width: 150px\" class=\"wp-caption alignleft\"><a href=\"https:\/\/rheinhessen-imker.de\/wp-content\/uploads\/2014\/08\/Bienen_2014-07-27_20-27-14.jpg\" rel=\"attachment wp-att-274\"><img loading=\"lazy\" decoding=\"async\" data-attachment-id=\"274\" data-permalink=\"https:\/\/rheinhessen-imker.de\/?attachment_id=274\" data-orig-file=\"https:\/\/rheinhessen-imker.de\/wp-content\/uploads\/2014\/08\/Bienen_2014-07-27_20-27-14.jpg\" data-orig-size=\"1024,683\" data-comments-opened=\"1\" data-image-meta=\"{&quot;aperture&quot;:&quot;0&quot;,&quot;credit&quot;:&quot;&quot;,&quot;camera&quot;:&quot;&quot;,&quot;caption&quot;:&quot;&quot;,&quot;created_timestamp&quot;:&quot;0&quot;,&quot;copyright&quot;:&quot;Michael Grueger&quot;,&quot;focal_length&quot;:&quot;0&quot;,&quot;iso&quot;:&quot;0&quot;,&quot;shutter_speed&quot;:&quot;0&quot;,&quot;title&quot;:&quot;&quot;}\" data-image-title=\"Bienen_2014-07-27_20-27-14\" data-image-description=\"\" data-image-caption=\"&lt;p&gt;Die r\u00fcckkehrenden Bienen sammeln sich vor dem Flugloch.&lt;\/p&gt;\n\" data-medium-file=\"https:\/\/rheinhessen-imker.de\/wp-content\/uploads\/2014\/08\/Bienen_2014-07-27_20-27-14-300x200.jpg\" data-large-file=\"https:\/\/rheinhessen-imker.de\/wp-content\/uploads\/2014\/08\/Bienen_2014-07-27_20-27-14.jpg\" class=\"wp-image-274 size-thumbnail\" src=\"https:\/\/rheinhessen-imker.de\/wp-content\/uploads\/2014\/08\/Bienen_2014-07-27_20-27-14-150x100.jpg\" alt=\"Die r\u00fcckkehrenden Bienen sammeln sich vor dem Flugloch.\" width=\"150\" height=\"100\" srcset=\"https:\/\/rheinhessen-imker.de\/wp-content\/uploads\/2014\/08\/Bienen_2014-07-27_20-27-14-150x100.jpg 150w, https:\/\/rheinhessen-imker.de\/wp-content\/uploads\/2014\/08\/Bienen_2014-07-27_20-27-14-300x200.jpg 300w, https:\/\/rheinhessen-imker.de\/wp-content\/uploads\/2014\/08\/Bienen_2014-07-27_20-27-14-624x416.jpg 624w, https:\/\/rheinhessen-imker.de\/wp-content\/uploads\/2014\/08\/Bienen_2014-07-27_20-27-14.jpg 1024w\" sizes=\"auto, (max-width: 150px) 100vw, 150px\" \/><\/a><figcaption id=\"caption-attachment-274\" class=\"wp-caption-text\">Die r\u00fcckkehrenden Bienen sammeln sich vor dem Flugloch.<\/figcaption><\/figure>\n<figure id=\"attachment_275\" aria-describedby=\"caption-attachment-275\" style=\"width: 150px\" class=\"wp-caption alignleft\"><a href=\"https:\/\/rheinhessen-imker.de\/wp-content\/uploads\/2014\/08\/Bienen_2014-07-27_20-39-09.jpg\" rel=\"attachment wp-att-275\"><img loading=\"lazy\" decoding=\"async\" data-attachment-id=\"275\" data-permalink=\"https:\/\/rheinhessen-imker.de\/?attachment_id=275\" data-orig-file=\"https:\/\/rheinhessen-imker.de\/wp-content\/uploads\/2014\/08\/Bienen_2014-07-27_20-39-09.jpg\" data-orig-size=\"1024,683\" data-comments-opened=\"1\" data-image-meta=\"{&quot;aperture&quot;:&quot;0&quot;,&quot;credit&quot;:&quot;&quot;,&quot;camera&quot;:&quot;&quot;,&quot;caption&quot;:&quot;&quot;,&quot;created_timestamp&quot;:&quot;0&quot;,&quot;copyright&quot;:&quot;Michael Grueger&quot;,&quot;focal_length&quot;:&quot;0&quot;,&quot;iso&quot;:&quot;0&quot;,&quot;shutter_speed&quot;:&quot;0&quot;,&quot;title&quot;:&quot;&quot;}\" data-image-title=\"Bienen_2014-07-27_20-39-09\" data-image-description=\"\" data-image-caption=\"&lt;p&gt;Sch\u00f6ne Stimmung.&lt;\/p&gt;\n\" data-medium-file=\"https:\/\/rheinhessen-imker.de\/wp-content\/uploads\/2014\/08\/Bienen_2014-07-27_20-39-09-300x200.jpg\" data-large-file=\"https:\/\/rheinhessen-imker.de\/wp-content\/uploads\/2014\/08\/Bienen_2014-07-27_20-39-09.jpg\" class=\"wp-image-275 size-thumbnail\" src=\"https:\/\/rheinhessen-imker.de\/wp-content\/uploads\/2014\/08\/Bienen_2014-07-27_20-39-09-150x100.jpg\" alt=\"Sch\u00f6ne Stimmung.\" width=\"150\" height=\"100\" srcset=\"https:\/\/rheinhessen-imker.de\/wp-content\/uploads\/2014\/08\/Bienen_2014-07-27_20-39-09-150x100.jpg 150w, https:\/\/rheinhessen-imker.de\/wp-content\/uploads\/2014\/08\/Bienen_2014-07-27_20-39-09-300x200.jpg 300w, https:\/\/rheinhessen-imker.de\/wp-content\/uploads\/2014\/08\/Bienen_2014-07-27_20-39-09-624x416.jpg 624w, https:\/\/rheinhessen-imker.de\/wp-content\/uploads\/2014\/08\/Bienen_2014-07-27_20-39-09.jpg 1024w\" sizes=\"auto, (max-width: 150px) 100vw, 150px\" \/><\/a><figcaption id=\"caption-attachment-275\" class=\"wp-caption-text\">Sch\u00f6ne Stimmung.<\/figcaption><\/figure>\n","protected":false},"excerpt":{"rendered":"<p>Im Sommer 2014 war ein Ableger aufgefallen, der sich nicht richtig zu entwickeln schien. Stifte waren zu sehen, es waren zT mehrere in einer Zelle, wobei das h\u00e4ufiger bei ganz jungen K\u00f6niginnen auftritt.\u00a0 Ich hatte hier bereits eine K\u00f6nigin gesehen, so dass wir erstmal das ganze noch beobachteten. Doch nach &#8230;<\/p>\n","protected":false},"author":2,"featured_media":268,"comment_status":"open","ping_status":"closed","sticky":false,"template":"","format":"standard","meta":{"_jetpack_memberships_contains_paid_content":false,"footnotes":""},"categories":[7],"tags":[],"class_list":["post-580","post","type-post","status-publish","format-standard","has-post-thumbnail","hentry","category-allgemein","column","twocol","has-thumbnail"],"jetpack_sharing_enabled":true,"jetpack_featured_media_url":"https:\/\/rheinhessen-imker.de\/wp-content\/uploads\/2014\/08\/Bienen_2014-07-27_19-45-38-e1422202298566.jpg","jetpack_shortlink":"https:\/\/wp.me\/p5t9Ps-9m","_links":{"self":[{"href":"https:\/\/rheinhessen-imker.de\/index.php?rest_route=\/wp\/v2\/posts\/580","targetHints":{"allow":["GET"]}}],"collection":[{"href":"https:\/\/rheinhessen-imker.de\/index.php?rest_route=\/wp\/v2\/posts"}],"about":[{"href":"https:\/\/rheinhessen-imker.de\/index.php?rest_route=\/wp\/v2\/types\/post"}],"author":[{"embeddable":true,"href":"https:\/\/rheinhessen-imker.de\/index.php?rest_route=\/wp\/v2\/users\/2"}],"replies":[{"embeddable":true,"href":"https:\/\/rheinhessen-imker.de\/index.php?rest_route=%2Fwp%2Fv2%2Fcomments&post=580"}],"version-history":[{"count":13,"href":"https:\/\/rheinhessen-imker.de\/index.php?rest_route=\/wp\/v2\/posts\/580\/revisions"}],"predecessor-version":[{"id":598,"href":"https:\/\/rheinhessen-imker.de\/index.php?rest_route=\/wp\/v2\/posts\/580\/revisions\/598"}],"wp:featuredmedia":[{"embeddable":true,"href":"https:\/\/rheinhessen-imker.de\/index.php?rest_route=\/wp\/v2\/media\/268"}],"wp:attachment":[{"href":"https:\/\/rheinhessen-imker.de\/index.php?rest_route=%2Fwp%2Fv2%2Fmedia&parent=580"}],"wp:term":[{"taxonomy":"category","embeddable":true,"href":"https:\/\/rheinhessen-imker.de\/index.php?rest_route=%2Fwp%2Fv2%2Fcategories&post=580"},{"taxonomy":"post_tag","embeddable":true,"href":"https:\/\/rheinhessen-imker.de\/index.php?rest_route=%2Fwp%2Fv2%2Ftags&post=580"}],"curies":[{"name":"wp","href":"https:\/\/api.w.org\/{rel}","templated":true}]}}