{"id":704,"date":"2015-04-11T20:07:44","date_gmt":"2015-04-11T19:07:44","guid":{"rendered":"http:\/\/rheinhessen-imker.de\/?p=704"},"modified":"2015-04-11T20:07:44","modified_gmt":"2015-04-11T19:07:44","slug":"honigraeume-aufgesetzt","status":"publish","type":"post","link":"https:\/\/rheinhessen-imker.de\/?p=704","title":{"rendered":"Honigr\u00e4ume aufgesetzt"},"content":{"rendered":"<p>P\u00fcnktlich mit dem mit Beginn der Kirschbl\u00fcte in Rheinhessen, haben wir heute die Honigr\u00e4ume bei den meisten V\u00f6lkern aufgesetzt.<\/p>\n<p>Lediglich unsere beiden Zuchtv\u00f6lker, die einzargig \u00fcberwintert wurden, sind &#8222;nur&#8220; um einen zweiten Brutraum erweitert worden.<\/p>\n<p>Die neue Saison ist also nun endg\u00fcltig in vollen Gange. Wir freuen uns auf die kommenden Monate und werden hier \u00fcber unsere Fortschritte berichten.<\/p>\n\n","protected":false},"excerpt":{"rendered":"<p>P\u00fcnktlich mit dem mit Beginn der Kirschbl\u00fcte in Rheinhessen, haben wir heute die Honigr\u00e4ume bei den meisten V\u00f6lkern aufgesetzt. Lediglich unsere beiden Zuchtv\u00f6lker, die einzargig \u00fcberwintert wurden, sind &#8222;nur&#8220; um einen zweiten Brutraum erweitert worden. Die neue Saison ist also nun endg\u00fcltig in vollen Gange. Wir freuen uns auf die &#8230;<\/p>\n","protected":false},"author":1,"featured_media":0,"comment_status":"open","ping_status":"closed","sticky":false,"template":"","format":"standard","meta":{"_jetpack_memberships_contains_paid_content":false,"footnotes":""},"categories":[7,3],"tags":[],"class_list":["post-704","post","type-post","status-publish","format-standard","hentry","category-allgemein","category-bienenhaltung","column","twocol"],"jetpack_sharing_enabled":true,"jetpack_featured_media_url":"","jetpack_shortlink":"https:\/\/wp.me\/p5t9Ps-bm","_links":{"self":[{"href":"https:\/\/rheinhessen-imker.de\/index.php?rest_route=\/wp\/v2\/posts\/704","targetHints":{"allow":["GET"]}}],"collection":[{"href":"https:\/\/rheinhessen-imker.de\/index.php?rest_route=\/wp\/v2\/posts"}],"about":[{"href":"https:\/\/rheinhessen-imker.de\/index.php?rest_route=\/wp\/v2\/types\/post"}],"author":[{"embeddable":true,"href":"https:\/\/rheinhessen-imker.de\/index.php?rest_route=\/wp\/v2\/users\/1"}],"replies":[{"embeddable":true,"href":"https:\/\/rheinhessen-imker.de\/index.php?rest_route=%2Fwp%2Fv2%2Fcomments&post=704"}],"version-history":[{"count":3,"href":"https:\/\/rheinhessen-imker.de\/index.php?rest_route=\/wp\/v2\/posts\/704\/revisions"}],"predecessor-version":[{"id":707,"href":"https:\/\/rheinhessen-imker.de\/index.php?rest_route=\/wp\/v2\/posts\/704\/revisions\/707"}],"wp:attachment":[{"href":"https:\/\/rheinhessen-imker.de\/index.php?rest_route=%2Fwp%2Fv2%2Fmedia&parent=704"}],"wp:term":[{"taxonomy":"category","embeddable":true,"href":"https:\/\/rheinhessen-imker.de\/index.php?rest_route=%2Fwp%2Fv2%2Fcategories&post=704"},{"taxonomy":"post_tag","embeddable":true,"href":"https:\/\/rheinhessen-imker.de\/index.php?rest_route=%2Fwp%2Fv2%2Ftags&post=704"}],"curies":[{"name":"wp","href":"https:\/\/api.w.org\/{rel}","templated":true}]}}