{"id":843,"date":"2015-05-06T22:20:24","date_gmt":"2015-05-06T21:20:24","guid":{"rendered":"http:\/\/rheinhessen-imker.de\/?p=843"},"modified":"2015-06-08T21:02:35","modified_gmt":"2015-06-08T20:02:35","slug":"voelkervermehrung-in-vier-schritten-teil-2-weiselzellen-brechen-umlarven","status":"publish","type":"post","link":"https:\/\/rheinhessen-imker.de\/?p=843","title":{"rendered":"V\u00f6lkervermehrung in vier Schritten &#8211; Teil 2 (Weiselzellen brechen &#038; Umlarven)"},"content":{"rendered":"<p>Genau 9 Tage nach der Bildung des <a href=\"https:\/\/rheinhessen-imker.de\/?p=727\">Sammelbrutablegers<\/a>\u00a0war es Zeit, diesen\u00a0zu einem Pflegevolk zu machen. Hierf\u00fcr stand das &#8222;Brechen der Weiselzellen&#8220; und das &#8222;Umlarven&#8220; auf dem Programm.<\/p>\n<p><a href=\"https:\/\/rheinhessen-imker.de\/wp-content\/uploads\/2015\/05\/Bienen_2015-05-03_15-15-00.jpg\"><img loading=\"lazy\" decoding=\"async\" data-attachment-id=\"831\" data-permalink=\"https:\/\/rheinhessen-imker.de\/?attachment_id=831\" data-orig-file=\"https:\/\/rheinhessen-imker.de\/wp-content\/uploads\/2015\/05\/Bienen_2015-05-03_15-15-00.jpg\" data-orig-size=\"1000,667\" data-comments-opened=\"1\" data-image-meta=\"{&quot;aperture&quot;:&quot;0&quot;,&quot;credit&quot;:&quot;&quot;,&quot;camera&quot;:&quot;&quot;,&quot;caption&quot;:&quot;&quot;,&quot;created_timestamp&quot;:&quot;0&quot;,&quot;copyright&quot;:&quot;Michael Gr\\u00fcger&quot;,&quot;focal_length&quot;:&quot;0&quot;,&quot;iso&quot;:&quot;0&quot;,&quot;shutter_speed&quot;:&quot;0&quot;,&quot;title&quot;:&quot;&quot;,&quot;orientation&quot;:&quot;1&quot;}\" data-image-title=\"Bienen_2015-05-03_15-15-00\" data-image-description=\"\" data-image-caption=\"&lt;p&gt;Junge und j\u00fcngste Larven&lt;\/p&gt;\n\" data-medium-file=\"https:\/\/rheinhessen-imker.de\/wp-content\/uploads\/2015\/05\/Bienen_2015-05-03_15-15-00-300x200.jpg\" data-large-file=\"https:\/\/rheinhessen-imker.de\/wp-content\/uploads\/2015\/05\/Bienen_2015-05-03_15-15-00.jpg\" class=\"alignleft size-thumbnail wp-image-831\" src=\"https:\/\/rheinhessen-imker.de\/wp-content\/uploads\/2015\/05\/Bienen_2015-05-03_15-15-00-150x100.jpg\" alt=\"Bienen_2015-05-03_15-15-00\" width=\"150\" height=\"100\" srcset=\"https:\/\/rheinhessen-imker.de\/wp-content\/uploads\/2015\/05\/Bienen_2015-05-03_15-15-00-150x100.jpg 150w, https:\/\/rheinhessen-imker.de\/wp-content\/uploads\/2015\/05\/Bienen_2015-05-03_15-15-00-300x200.jpg 300w, https:\/\/rheinhessen-imker.de\/wp-content\/uploads\/2015\/05\/Bienen_2015-05-03_15-15-00-700x467.jpg 700w, https:\/\/rheinhessen-imker.de\/wp-content\/uploads\/2015\/05\/Bienen_2015-05-03_15-15-00.jpg 1000w\" sizes=\"auto, (max-width: 150px) 100vw, 150px\" \/><\/a>Wir begannen an unserem Bienenstand\u00a0in Heidesheim, wo wir aus unseren beiden Zuchtv\u00f6lkern zun\u00e4chst je ein\u00a0R\u00e4hmchen mit m\u00f6glichst junger Brut entnahmen, die Bienen abfegten und das so bienenfrei gewordene R\u00e4hmchen direkt zu unserer &#8222;Umlarvstation&#8220; brachten.<\/p>\n<p>Diese bestand ganz profan aus einem Tisch und einem Stuhl, sowie einem Umlarvl\u00f6ffel, dem Zuchtrahmen, sowie einer Taschenlampe zum Ausleuchten\u00a0der Arbeitsfl\u00e4che.<\/p>\n<p><a href=\"https:\/\/rheinhessen-imker.de\/wp-content\/uploads\/2015\/05\/Bienen_2015-05-03_15-20-03.jpg\"><img loading=\"lazy\" decoding=\"async\" data-attachment-id=\"833\" data-permalink=\"https:\/\/rheinhessen-imker.de\/?attachment_id=833\" data-orig-file=\"https:\/\/rheinhessen-imker.de\/wp-content\/uploads\/2015\/05\/Bienen_2015-05-03_15-20-03.jpg\" data-orig-size=\"1000,667\" data-comments-opened=\"1\" data-image-meta=\"{&quot;aperture&quot;:&quot;0&quot;,&quot;credit&quot;:&quot;&quot;,&quot;camera&quot;:&quot;&quot;,&quot;caption&quot;:&quot;&quot;,&quot;created_timestamp&quot;:&quot;0&quot;,&quot;copyright&quot;:&quot;Michael Gr\\u00fcger&quot;,&quot;focal_length&quot;:&quot;0&quot;,&quot;iso&quot;:&quot;0&quot;,&quot;shutter_speed&quot;:&quot;0&quot;,&quot;title&quot;:&quot;&quot;,&quot;orientation&quot;:&quot;1&quot;}\" data-image-title=\"Bienen_2015-05-03_15-20-03\" data-image-description=\"\" data-image-caption=\"&lt;p&gt;Eine zwei bis drei Tage alte Larve &#8211; schon etwas zu gro\u00df&lt;\/p&gt;\n\" data-medium-file=\"https:\/\/rheinhessen-imker.de\/wp-content\/uploads\/2015\/05\/Bienen_2015-05-03_15-20-03-300x200.jpg\" data-large-file=\"https:\/\/rheinhessen-imker.de\/wp-content\/uploads\/2015\/05\/Bienen_2015-05-03_15-20-03.jpg\" class=\"alignleft size-thumbnail wp-image-833\" src=\"https:\/\/rheinhessen-imker.de\/wp-content\/uploads\/2015\/05\/Bienen_2015-05-03_15-20-03-150x100.jpg\" alt=\"Bienen_2015-05-03_15-20-03\" width=\"150\" height=\"100\" srcset=\"https:\/\/rheinhessen-imker.de\/wp-content\/uploads\/2015\/05\/Bienen_2015-05-03_15-20-03-150x100.jpg 150w, https:\/\/rheinhessen-imker.de\/wp-content\/uploads\/2015\/05\/Bienen_2015-05-03_15-20-03-300x200.jpg 300w, https:\/\/rheinhessen-imker.de\/wp-content\/uploads\/2015\/05\/Bienen_2015-05-03_15-20-03-700x467.jpg 700w, https:\/\/rheinhessen-imker.de\/wp-content\/uploads\/2015\/05\/Bienen_2015-05-03_15-20-03.jpg 1000w\" sizes=\"auto, (max-width: 150px) 100vw, 150px\" \/><\/a><a href=\"https:\/\/rheinhessen-imker.de\/wp-content\/uploads\/2015\/05\/Bienen_2015-05-03_15-18-07.jpg\"><img loading=\"lazy\" decoding=\"async\" data-attachment-id=\"832\" data-permalink=\"https:\/\/rheinhessen-imker.de\/?attachment_id=832\" data-orig-file=\"https:\/\/rheinhessen-imker.de\/wp-content\/uploads\/2015\/05\/Bienen_2015-05-03_15-18-07.jpg\" data-orig-size=\"1000,667\" data-comments-opened=\"1\" data-image-meta=\"{&quot;aperture&quot;:&quot;0&quot;,&quot;credit&quot;:&quot;&quot;,&quot;camera&quot;:&quot;&quot;,&quot;caption&quot;:&quot;&quot;,&quot;created_timestamp&quot;:&quot;0&quot;,&quot;copyright&quot;:&quot;Michael Gr\\u00fcger&quot;,&quot;focal_length&quot;:&quot;0&quot;,&quot;iso&quot;:&quot;0&quot;,&quot;shutter_speed&quot;:&quot;0&quot;,&quot;title&quot;:&quot;&quot;,&quot;orientation&quot;:&quot;1&quot;}\" data-image-title=\"Bienen_2015-05-03_15-18-07\" data-image-description=\"\" data-image-caption=\"&lt;p&gt;Einsetzen in die Weiseln\u00e4pfchen&lt;\/p&gt;\n\" data-medium-file=\"https:\/\/rheinhessen-imker.de\/wp-content\/uploads\/2015\/05\/Bienen_2015-05-03_15-18-07-300x200.jpg\" data-large-file=\"https:\/\/rheinhessen-imker.de\/wp-content\/uploads\/2015\/05\/Bienen_2015-05-03_15-18-07.jpg\" class=\"alignright size-thumbnail wp-image-832\" src=\"https:\/\/rheinhessen-imker.de\/wp-content\/uploads\/2015\/05\/Bienen_2015-05-03_15-18-07-150x100.jpg\" alt=\"Bienen_2015-05-03_15-18-07\" width=\"150\" height=\"100\" srcset=\"https:\/\/rheinhessen-imker.de\/wp-content\/uploads\/2015\/05\/Bienen_2015-05-03_15-18-07-150x100.jpg 150w, https:\/\/rheinhessen-imker.de\/wp-content\/uploads\/2015\/05\/Bienen_2015-05-03_15-18-07-300x200.jpg 300w, https:\/\/rheinhessen-imker.de\/wp-content\/uploads\/2015\/05\/Bienen_2015-05-03_15-18-07-700x467.jpg 700w, https:\/\/rheinhessen-imker.de\/wp-content\/uploads\/2015\/05\/Bienen_2015-05-03_15-18-07.jpg 1000w\" sizes=\"auto, (max-width: 150px) 100vw, 150px\" \/><\/a>Das Umlarven selbst ging so recht einfach und z\u00fcgig von statten. Wichtig ist, m\u00f6glichst junge Larven zu entnehmen und in die Weiseln\u00e4pfchen des Zuchtrahmens umzusetzen, ohne sie hierbei zu verletzten. Empfohlen wird zum Teil auch, den Umlarvl\u00f6ffel nach jeden Umsetzen abzulecken, um so zu verhindern, dass im Fall der Verletzung einer Larve deren &#8222;Blut&#8220; (richtig w\u00e4re &#8222;Lymphe&#8220;) auf die n\u00e4chste Larve \u00fcbertragen wird. Denn als verletzt erkannte Larven werden in der Regel durch ein Bienenvolk nicht angenommen und gepflegt. Um die Annahmequote noch weiter zu verbessern, hatten wir den Zuchtrahmen vorab mit Zuckerwasser bespr\u00fcht und einige Stunden in einem Bienenvolk eingeh\u00e4ngt. Durch das Ablecken des Zuckerwassers durch die Bienen bekommen die Weiseln\u00e4pfchen einen bienentypischen Geruch und werden im Pflegevolk besser angenommen.<\/p>\n<p>F\u00fcr den Transport zu dem Bienenstand in Schwabenheim, wickelten wir den &#8222;belarvten&#8220; Zuchtrahmen nun noch in ein Handtuch, um die &#8222;Prinzessinnen&#8220;\u00a0vor dem Ausk\u00fchlen zu sch\u00fctzen.<\/p>\n<p>Am zweiten Bienenstand angekommen fiel uns direkt unser <a href=\"https:\/\/rheinhessen-imker.de\/?p=727\">Sammlebrutableger<\/a> auf: Viel Flugbetrieb!\u00a0Dieser erste Eindruck best\u00e4tigte sich beim Blick in den Ableger &#8211; er war sehr stark, fast am \u00fcberquellen und somit bereit den Zuchtrahmen aufzunehmen.<\/p>\n<p><a href=\"https:\/\/rheinhessen-imker.de\/wp-content\/uploads\/2015\/05\/Bienen_2015-05-03_17-43-34.jpg\"><img loading=\"lazy\" decoding=\"async\" data-attachment-id=\"838\" data-permalink=\"https:\/\/rheinhessen-imker.de\/?attachment_id=838\" data-orig-file=\"https:\/\/rheinhessen-imker.de\/wp-content\/uploads\/2015\/05\/Bienen_2015-05-03_17-43-34.jpg\" data-orig-size=\"1000,750\" data-comments-opened=\"1\" data-image-meta=\"{&quot;aperture&quot;:&quot;0&quot;,&quot;credit&quot;:&quot;&quot;,&quot;camera&quot;:&quot;&quot;,&quot;caption&quot;:&quot;&quot;,&quot;created_timestamp&quot;:&quot;0&quot;,&quot;copyright&quot;:&quot;Michael Gr\\u00fcger&quot;,&quot;focal_length&quot;:&quot;0&quot;,&quot;iso&quot;:&quot;0&quot;,&quot;shutter_speed&quot;:&quot;0&quot;,&quot;title&quot;:&quot;&quot;,&quot;orientation&quot;:&quot;1&quot;}\" data-image-title=\"Bienen_2015-05-03_17-43-34\" data-image-description=\"\" data-image-caption=\"&lt;p&gt;Kontrolle der Waben auf Weiselzellen&lt;\/p&gt;\n\" data-medium-file=\"https:\/\/rheinhessen-imker.de\/wp-content\/uploads\/2015\/05\/Bienen_2015-05-03_17-43-34-300x225.jpg\" data-large-file=\"https:\/\/rheinhessen-imker.de\/wp-content\/uploads\/2015\/05\/Bienen_2015-05-03_17-43-34.jpg\" class=\"alignleft size-thumbnail wp-image-838\" src=\"https:\/\/rheinhessen-imker.de\/wp-content\/uploads\/2015\/05\/Bienen_2015-05-03_17-43-34-150x113.jpg\" alt=\"Bienen_2015-05-03_17-43-34\" width=\"150\" height=\"113\" srcset=\"https:\/\/rheinhessen-imker.de\/wp-content\/uploads\/2015\/05\/Bienen_2015-05-03_17-43-34-150x113.jpg 150w, https:\/\/rheinhessen-imker.de\/wp-content\/uploads\/2015\/05\/Bienen_2015-05-03_17-43-34-300x225.jpg 300w, https:\/\/rheinhessen-imker.de\/wp-content\/uploads\/2015\/05\/Bienen_2015-05-03_17-43-34-700x525.jpg 700w, https:\/\/rheinhessen-imker.de\/wp-content\/uploads\/2015\/05\/Bienen_2015-05-03_17-43-34.jpg 1000w\" sizes=\"auto, (max-width: 150px) 100vw, 150px\" \/><\/a>Hierf\u00fcr nahmen wir zun\u00e4chst die Zarge vom Unterboden, stellten sie beiseite und ersetzen sie durch eine Zarge voller R\u00e4hmchen mit neuen Mittelw\u00e4nden. So hat das Pflegevolk auch Platz Nektar einzutragen. Auf diese Zarge stellten wir eine Leerzarge, in die wir nun die Bienen von den einzelnen R\u00e4hmchen des Sammelbrutablegers abschlugen.\u00a0 Die so weitgehend bienenfrei gewordenen R\u00e4hmchen lie\u00dfen sich nun sehr leicht auf Weiselzellen durchsuchen, die s\u00e4mtlich herausgebrochen wurden.<\/p>\n<p>Nach der Kontrolle der Waben wurden diese in die Leerzarge eingeh\u00e4ngt. Aus der Mitte wurde ein R\u00e4hmchen in den unteren Raum geh\u00e4ngt. Anschlie\u00dfend kam unser Zuchtrahmen in die entstandene L\u00fccke mitten zwischen die vielen Bienen.<\/p>\n<p>Der n\u00e4chste Schritt ist das &#8222;Verschulen&#8220; der Weiselzellen, also das Aufsetzen von Schutzk\u00e4figen auf die Zellen.<\/p>\n<p>Nat\u00fcrlich konnten wir es nicht abwarten und haben nachgeschaut:\u00a0Heute, vier Tage sp\u00e4ter, sieht es gut aus. 80-90% der Larven wurden angenommen; die Bienen haben damit begonnen Weiselzellen um sie herum zu bauen.<\/p>\n<p>Nachtrag 16.05.:<\/p>\n<p>Obwohl es so gut aussah, ist keine K\u00f6nigin geschl\u00fcpft. Ein Gro\u00dfteil der Weiselzellen wurde zwar angepflegt, doch als wir verschulen wollten, war alles &#8222;zur\u00fcckgebaut&#8220;, bzw. mit Wabenwerk verbaut. Wir haben keine K\u00f6nigin im Volk gefunden, die eine Erkl\u00e4rung w\u00e4re.<\/p>\n<p>Wir versuchen es n\u00e4chste oder \u00fcbern\u00e4chste Woche erneut.<\/p>\n<div class=\"tiled-gallery type-rectangular tiled-gallery-unresized\" data-original-width=\"660\" data-carousel-extra='{&quot;blog_id&quot;:1,&quot;permalink&quot;:&quot;https:\\\/\\\/rheinhessen-imker.de\\\/?p=843&quot;,&quot;likes_blog_id&quot;:80830978}' itemscope itemtype=\"http:\/\/schema.org\/ImageGallery\" > <div class=\"gallery-row\" style=\"width: 660px; height: 318px;\" data-original-width=\"660\" data-original-height=\"318\" > <div class=\"gallery-group images-1\" style=\"width: 423px; height: 318px;\" data-original-width=\"423\" data-original-height=\"318\" > <div class=\"tiled-gallery-item tiled-gallery-item-large\" itemprop=\"associatedMedia\" itemscope itemtype=\"http:\/\/schema.org\/ImageObject\"> <a href=\"https:\/\/rheinhessen-imker.de\/?attachment_id=835\" border=\"0\" itemprop=\"url\"> <meta itemprop=\"width\" content=\"419\"> <meta itemprop=\"height\" content=\"314\"> <img decoding=\"async\" class=\"\" data-attachment-id=\"835\" data-orig-file=\"https:\/\/rheinhessen-imker.de\/wp-content\/uploads\/2015\/05\/Bienen_2015-05-03_16-36-59.jpg\" data-orig-size=\"1000,750\" data-comments-opened=\"1\" data-image-meta=\"{&quot;aperture&quot;:&quot;0&quot;,&quot;credit&quot;:&quot;&quot;,&quot;camera&quot;:&quot;&quot;,&quot;caption&quot;:&quot;&quot;,&quot;created_timestamp&quot;:&quot;0&quot;,&quot;copyright&quot;:&quot;Michael Gr\\u00fcger&quot;,&quot;focal_length&quot;:&quot;0&quot;,&quot;iso&quot;:&quot;0&quot;,&quot;shutter_speed&quot;:&quot;0&quot;,&quot;title&quot;:&quot;&quot;,&quot;orientation&quot;:&quot;1&quot;}\" data-image-title=\"Bienen_2015-05-03_16-36-59\" data-image-description=\"\" data-medium-file=\"https:\/\/rheinhessen-imker.de\/wp-content\/uploads\/2015\/05\/Bienen_2015-05-03_16-36-59-300x225.jpg\" data-large-file=\"https:\/\/rheinhessen-imker.de\/wp-content\/uploads\/2015\/05\/Bienen_2015-05-03_16-36-59.jpg\" src=\"https:\/\/i0.wp.com\/rheinhessen-imker.de\/wp-content\/uploads\/2015\/05\/Bienen_2015-05-03_16-36-59.jpg?w=419&#038;h=314&#038;ssl=1\" srcset=\"https:\/\/rheinhessen-imker.de\/wp-content\/uploads\/2015\/05\/Bienen_2015-05-03_16-36-59.jpg 1000w, https:\/\/rheinhessen-imker.de\/wp-content\/uploads\/2015\/05\/Bienen_2015-05-03_16-36-59-150x113.jpg 150w, https:\/\/rheinhessen-imker.de\/wp-content\/uploads\/2015\/05\/Bienen_2015-05-03_16-36-59-300x225.jpg 300w, https:\/\/rheinhessen-imker.de\/wp-content\/uploads\/2015\/05\/Bienen_2015-05-03_16-36-59-700x525.jpg 700w\" width=\"419\" height=\"314\" loading=\"lazy\" data-original-width=\"419\" data-original-height=\"314\" itemprop=\"http:\/\/schema.org\/image\" title=\"Bienen_2015-05-03_16-36-59\" alt=\"Auf unserem Bienenstand\" style=\"width: 419px; height: 314px;\" \/> <\/a> <div class=\"tiled-gallery-caption\" itemprop=\"caption description\"> Auf unserem Bienenstand <\/div> <\/div> <\/div> <!-- close group --> <div class=\"gallery-group images-2\" style=\"width: 237px; height: 318px;\" data-original-width=\"237\" data-original-height=\"318\" > <div class=\"tiled-gallery-item tiled-gallery-item-small\" itemprop=\"associatedMedia\" itemscope itemtype=\"http:\/\/schema.org\/ImageObject\"> <a href=\"https:\/\/rheinhessen-imker.de\/?attachment_id=831\" border=\"0\" itemprop=\"url\"> <meta itemprop=\"width\" content=\"233\"> <meta itemprop=\"height\" content=\"155\"> <img decoding=\"async\" class=\"\" data-attachment-id=\"831\" data-orig-file=\"https:\/\/rheinhessen-imker.de\/wp-content\/uploads\/2015\/05\/Bienen_2015-05-03_15-15-00.jpg\" data-orig-size=\"1000,667\" data-comments-opened=\"1\" data-image-meta=\"{&quot;aperture&quot;:&quot;0&quot;,&quot;credit&quot;:&quot;&quot;,&quot;camera&quot;:&quot;&quot;,&quot;caption&quot;:&quot;&quot;,&quot;created_timestamp&quot;:&quot;0&quot;,&quot;copyright&quot;:&quot;Michael Gr\\u00fcger&quot;,&quot;focal_length&quot;:&quot;0&quot;,&quot;iso&quot;:&quot;0&quot;,&quot;shutter_speed&quot;:&quot;0&quot;,&quot;title&quot;:&quot;&quot;,&quot;orientation&quot;:&quot;1&quot;}\" data-image-title=\"Bienen_2015-05-03_15-15-00\" data-image-description=\"\" data-medium-file=\"https:\/\/rheinhessen-imker.de\/wp-content\/uploads\/2015\/05\/Bienen_2015-05-03_15-15-00-300x200.jpg\" data-large-file=\"https:\/\/rheinhessen-imker.de\/wp-content\/uploads\/2015\/05\/Bienen_2015-05-03_15-15-00.jpg\" src=\"https:\/\/i0.wp.com\/rheinhessen-imker.de\/wp-content\/uploads\/2015\/05\/Bienen_2015-05-03_15-15-00.jpg?w=233&#038;h=155&#038;ssl=1\" srcset=\"https:\/\/rheinhessen-imker.de\/wp-content\/uploads\/2015\/05\/Bienen_2015-05-03_15-15-00.jpg 1000w, https:\/\/rheinhessen-imker.de\/wp-content\/uploads\/2015\/05\/Bienen_2015-05-03_15-15-00-150x100.jpg 150w, https:\/\/rheinhessen-imker.de\/wp-content\/uploads\/2015\/05\/Bienen_2015-05-03_15-15-00-300x200.jpg 300w, https:\/\/rheinhessen-imker.de\/wp-content\/uploads\/2015\/05\/Bienen_2015-05-03_15-15-00-700x467.jpg 700w\" width=\"233\" height=\"155\" loading=\"lazy\" data-original-width=\"233\" data-original-height=\"155\" itemprop=\"http:\/\/schema.org\/image\" title=\"Bienen_2015-05-03_15-15-00\" alt=\"Junge und j\u00fcngste Larven\" style=\"width: 233px; height: 155px;\" \/> <\/a> <div class=\"tiled-gallery-caption\" itemprop=\"caption description\"> Junge und j\u00fcngste Larven <\/div> <\/div> <div class=\"tiled-gallery-item tiled-gallery-item-small\" itemprop=\"associatedMedia\" itemscope itemtype=\"http:\/\/schema.org\/ImageObject\"> <a href=\"https:\/\/rheinhessen-imker.de\/?attachment_id=834\" border=\"0\" itemprop=\"url\"> <meta itemprop=\"width\" content=\"233\"> <meta itemprop=\"height\" content=\"155\"> <img decoding=\"async\" class=\"\" data-attachment-id=\"834\" data-orig-file=\"https:\/\/rheinhessen-imker.de\/wp-content\/uploads\/2015\/05\/Bienen_2015-05-03_15-27-45.jpg\" data-orig-size=\"1000,667\" data-comments-opened=\"1\" data-image-meta=\"{&quot;aperture&quot;:&quot;0&quot;,&quot;credit&quot;:&quot;&quot;,&quot;camera&quot;:&quot;&quot;,&quot;caption&quot;:&quot;&quot;,&quot;created_timestamp&quot;:&quot;0&quot;,&quot;copyright&quot;:&quot;Michael Gr\\u00fcger&quot;,&quot;focal_length&quot;:&quot;0&quot;,&quot;iso&quot;:&quot;0&quot;,&quot;shutter_speed&quot;:&quot;0&quot;,&quot;title&quot;:&quot;&quot;,&quot;orientation&quot;:&quot;1&quot;}\" data-image-title=\"Bienen_2015-05-03_15-27-45\" data-image-description=\"\" data-medium-file=\"https:\/\/rheinhessen-imker.de\/wp-content\/uploads\/2015\/05\/Bienen_2015-05-03_15-27-45-300x200.jpg\" data-large-file=\"https:\/\/rheinhessen-imker.de\/wp-content\/uploads\/2015\/05\/Bienen_2015-05-03_15-27-45.jpg\" src=\"https:\/\/i0.wp.com\/rheinhessen-imker.de\/wp-content\/uploads\/2015\/05\/Bienen_2015-05-03_15-27-45.jpg?w=233&#038;h=155&#038;ssl=1\" srcset=\"https:\/\/rheinhessen-imker.de\/wp-content\/uploads\/2015\/05\/Bienen_2015-05-03_15-27-45.jpg 1000w, https:\/\/rheinhessen-imker.de\/wp-content\/uploads\/2015\/05\/Bienen_2015-05-03_15-27-45-150x100.jpg 150w, https:\/\/rheinhessen-imker.de\/wp-content\/uploads\/2015\/05\/Bienen_2015-05-03_15-27-45-300x200.jpg 300w, https:\/\/rheinhessen-imker.de\/wp-content\/uploads\/2015\/05\/Bienen_2015-05-03_15-27-45-700x467.jpg 700w\" width=\"233\" height=\"155\" loading=\"lazy\" data-original-width=\"233\" data-original-height=\"155\" itemprop=\"http:\/\/schema.org\/image\" title=\"Bienen_2015-05-03_15-27-45\" alt=\"Bei der Arbeit - hochkonzentriert\" style=\"width: 233px; height: 155px;\" \/> <\/a> <div class=\"tiled-gallery-caption\" itemprop=\"caption description\"> Bei der Arbeit &#8211; hochkonzentriert <\/div> <\/div> <\/div> <!-- close group --> <\/div> <!-- close row --> <div class=\"gallery-row\" style=\"width: 660px; height: 318px;\" data-original-width=\"660\" data-original-height=\"318\" > <div class=\"gallery-group images-2\" style=\"width: 237px; height: 318px;\" data-original-width=\"237\" data-original-height=\"318\" > <div class=\"tiled-gallery-item tiled-gallery-item-small\" itemprop=\"associatedMedia\" itemscope itemtype=\"http:\/\/schema.org\/ImageObject\"> <a href=\"https:\/\/rheinhessen-imker.de\/?attachment_id=833\" border=\"0\" itemprop=\"url\"> <meta itemprop=\"width\" content=\"233\"> <meta itemprop=\"height\" content=\"155\"> <img decoding=\"async\" class=\"\" data-attachment-id=\"833\" data-orig-file=\"https:\/\/rheinhessen-imker.de\/wp-content\/uploads\/2015\/05\/Bienen_2015-05-03_15-20-03.jpg\" data-orig-size=\"1000,667\" data-comments-opened=\"1\" data-image-meta=\"{&quot;aperture&quot;:&quot;0&quot;,&quot;credit&quot;:&quot;&quot;,&quot;camera&quot;:&quot;&quot;,&quot;caption&quot;:&quot;&quot;,&quot;created_timestamp&quot;:&quot;0&quot;,&quot;copyright&quot;:&quot;Michael Gr\\u00fcger&quot;,&quot;focal_length&quot;:&quot;0&quot;,&quot;iso&quot;:&quot;0&quot;,&quot;shutter_speed&quot;:&quot;0&quot;,&quot;title&quot;:&quot;&quot;,&quot;orientation&quot;:&quot;1&quot;}\" data-image-title=\"Bienen_2015-05-03_15-20-03\" data-image-description=\"\" data-medium-file=\"https:\/\/rheinhessen-imker.de\/wp-content\/uploads\/2015\/05\/Bienen_2015-05-03_15-20-03-300x200.jpg\" data-large-file=\"https:\/\/rheinhessen-imker.de\/wp-content\/uploads\/2015\/05\/Bienen_2015-05-03_15-20-03.jpg\" src=\"https:\/\/i0.wp.com\/rheinhessen-imker.de\/wp-content\/uploads\/2015\/05\/Bienen_2015-05-03_15-20-03.jpg?w=233&#038;h=155&#038;ssl=1\" srcset=\"https:\/\/rheinhessen-imker.de\/wp-content\/uploads\/2015\/05\/Bienen_2015-05-03_15-20-03.jpg 1000w, https:\/\/rheinhessen-imker.de\/wp-content\/uploads\/2015\/05\/Bienen_2015-05-03_15-20-03-150x100.jpg 150w, https:\/\/rheinhessen-imker.de\/wp-content\/uploads\/2015\/05\/Bienen_2015-05-03_15-20-03-300x200.jpg 300w, https:\/\/rheinhessen-imker.de\/wp-content\/uploads\/2015\/05\/Bienen_2015-05-03_15-20-03-700x467.jpg 700w\" width=\"233\" height=\"155\" loading=\"lazy\" data-original-width=\"233\" data-original-height=\"155\" itemprop=\"http:\/\/schema.org\/image\" title=\"Bienen_2015-05-03_15-20-03\" alt=\"Eine zwei bis drei Tage alte Larve - schon etwas zu gro\u00df\" style=\"width: 233px; height: 155px;\" \/> <\/a> <div class=\"tiled-gallery-caption\" itemprop=\"caption description\"> Eine zwei bis drei Tage alte Larve &#8211; schon etwas zu gro\u00df <\/div> <\/div> <div class=\"tiled-gallery-item tiled-gallery-item-small\" itemprop=\"associatedMedia\" itemscope itemtype=\"http:\/\/schema.org\/ImageObject\"> <a href=\"https:\/\/rheinhessen-imker.de\/?attachment_id=832\" border=\"0\" itemprop=\"url\"> <meta itemprop=\"width\" content=\"233\"> <meta itemprop=\"height\" content=\"155\"> <img decoding=\"async\" class=\"\" data-attachment-id=\"832\" data-orig-file=\"https:\/\/rheinhessen-imker.de\/wp-content\/uploads\/2015\/05\/Bienen_2015-05-03_15-18-07.jpg\" data-orig-size=\"1000,667\" data-comments-opened=\"1\" data-image-meta=\"{&quot;aperture&quot;:&quot;0&quot;,&quot;credit&quot;:&quot;&quot;,&quot;camera&quot;:&quot;&quot;,&quot;caption&quot;:&quot;&quot;,&quot;created_timestamp&quot;:&quot;0&quot;,&quot;copyright&quot;:&quot;Michael Gr\\u00fcger&quot;,&quot;focal_length&quot;:&quot;0&quot;,&quot;iso&quot;:&quot;0&quot;,&quot;shutter_speed&quot;:&quot;0&quot;,&quot;title&quot;:&quot;&quot;,&quot;orientation&quot;:&quot;1&quot;}\" data-image-title=\"Bienen_2015-05-03_15-18-07\" data-image-description=\"\" data-medium-file=\"https:\/\/rheinhessen-imker.de\/wp-content\/uploads\/2015\/05\/Bienen_2015-05-03_15-18-07-300x200.jpg\" data-large-file=\"https:\/\/rheinhessen-imker.de\/wp-content\/uploads\/2015\/05\/Bienen_2015-05-03_15-18-07.jpg\" src=\"https:\/\/i0.wp.com\/rheinhessen-imker.de\/wp-content\/uploads\/2015\/05\/Bienen_2015-05-03_15-18-07.jpg?w=233&#038;h=155&#038;ssl=1\" srcset=\"https:\/\/rheinhessen-imker.de\/wp-content\/uploads\/2015\/05\/Bienen_2015-05-03_15-18-07.jpg 1000w, https:\/\/rheinhessen-imker.de\/wp-content\/uploads\/2015\/05\/Bienen_2015-05-03_15-18-07-150x100.jpg 150w, https:\/\/rheinhessen-imker.de\/wp-content\/uploads\/2015\/05\/Bienen_2015-05-03_15-18-07-300x200.jpg 300w, https:\/\/rheinhessen-imker.de\/wp-content\/uploads\/2015\/05\/Bienen_2015-05-03_15-18-07-700x467.jpg 700w\" width=\"233\" height=\"155\" loading=\"lazy\" data-original-width=\"233\" data-original-height=\"155\" itemprop=\"http:\/\/schema.org\/image\" title=\"Bienen_2015-05-03_15-18-07\" alt=\"Einsetzen in die Weiseln\u00e4pfchen\" style=\"width: 233px; height: 155px;\" \/> <\/a> <div class=\"tiled-gallery-caption\" itemprop=\"caption description\"> Einsetzen in die Weiseln\u00e4pfchen <\/div> <\/div> <\/div> <!-- close group --> <div class=\"gallery-group images-1\" style=\"width: 423px; height: 318px;\" data-original-width=\"423\" data-original-height=\"318\" > <div class=\"tiled-gallery-item tiled-gallery-item-large\" itemprop=\"associatedMedia\" itemscope itemtype=\"http:\/\/schema.org\/ImageObject\"> <a href=\"https:\/\/rheinhessen-imker.de\/?attachment_id=836\" border=\"0\" itemprop=\"url\"> <meta itemprop=\"width\" content=\"419\"> <meta itemprop=\"height\" content=\"314\"> <img decoding=\"async\" class=\"\" data-attachment-id=\"836\" data-orig-file=\"https:\/\/rheinhessen-imker.de\/wp-content\/uploads\/2015\/05\/Bienen_2015-05-03_17-39-56.jpg\" data-orig-size=\"1000,750\" data-comments-opened=\"1\" data-image-meta=\"{&quot;aperture&quot;:&quot;0&quot;,&quot;credit&quot;:&quot;&quot;,&quot;camera&quot;:&quot;&quot;,&quot;caption&quot;:&quot;&quot;,&quot;created_timestamp&quot;:&quot;0&quot;,&quot;copyright&quot;:&quot;Michael Gr\\u00fcger&quot;,&quot;focal_length&quot;:&quot;0&quot;,&quot;iso&quot;:&quot;0&quot;,&quot;shutter_speed&quot;:&quot;0&quot;,&quot;title&quot;:&quot;&quot;,&quot;orientation&quot;:&quot;1&quot;}\" data-image-title=\"Bienen_2015-05-03_17-39-56\" data-image-description=\"\" data-medium-file=\"https:\/\/rheinhessen-imker.de\/wp-content\/uploads\/2015\/05\/Bienen_2015-05-03_17-39-56-300x225.jpg\" data-large-file=\"https:\/\/rheinhessen-imker.de\/wp-content\/uploads\/2015\/05\/Bienen_2015-05-03_17-39-56.jpg\" src=\"https:\/\/i0.wp.com\/rheinhessen-imker.de\/wp-content\/uploads\/2015\/05\/Bienen_2015-05-03_17-39-56.jpg?w=419&#038;h=314&#038;ssl=1\" srcset=\"https:\/\/rheinhessen-imker.de\/wp-content\/uploads\/2015\/05\/Bienen_2015-05-03_17-39-56.jpg 1000w, https:\/\/rheinhessen-imker.de\/wp-content\/uploads\/2015\/05\/Bienen_2015-05-03_17-39-56-150x113.jpg 150w, https:\/\/rheinhessen-imker.de\/wp-content\/uploads\/2015\/05\/Bienen_2015-05-03_17-39-56-300x225.jpg 300w, https:\/\/rheinhessen-imker.de\/wp-content\/uploads\/2015\/05\/Bienen_2015-05-03_17-39-56-700x525.jpg 700w\" width=\"419\" height=\"314\" loading=\"lazy\" data-original-width=\"419\" data-original-height=\"314\" itemprop=\"http:\/\/schema.org\/image\" title=\"Bienen_2015-05-03_17-39-56\" alt=\"Aufsetzen der Zarge mit Mittelw\u00e4nden, die volle Zarge steht rechts auf dem Deckel.\" style=\"width: 419px; height: 314px;\" \/> <\/a> <div class=\"tiled-gallery-caption\" itemprop=\"caption description\"> Aufsetzen der Zarge mit Mittelw\u00e4nden, die volle Zarge steht rechts auf dem Deckel. <\/div> <\/div> <\/div> <!-- close group --> <\/div> <!-- close row --> <div class=\"gallery-row\" style=\"width: 660px; height: 166px;\" data-original-width=\"660\" data-original-height=\"166\" > <div class=\"gallery-group images-1\" style=\"width: 220px; height: 166px;\" data-original-width=\"220\" data-original-height=\"166\" > <div class=\"tiled-gallery-item tiled-gallery-item-small\" itemprop=\"associatedMedia\" itemscope itemtype=\"http:\/\/schema.org\/ImageObject\"> <a href=\"https:\/\/rheinhessen-imker.de\/?attachment_id=839\" border=\"0\" itemprop=\"url\"> <meta itemprop=\"width\" content=\"216\"> <meta itemprop=\"height\" content=\"162\"> <img decoding=\"async\" class=\"\" data-attachment-id=\"839\" data-orig-file=\"https:\/\/rheinhessen-imker.de\/wp-content\/uploads\/2015\/05\/Bienen_2015-05-03_17-45-50.jpg\" data-orig-size=\"1000,750\" data-comments-opened=\"1\" data-image-meta=\"{&quot;aperture&quot;:&quot;0&quot;,&quot;credit&quot;:&quot;&quot;,&quot;camera&quot;:&quot;&quot;,&quot;caption&quot;:&quot;&quot;,&quot;created_timestamp&quot;:&quot;0&quot;,&quot;copyright&quot;:&quot;Michael Gr\\u00fcger&quot;,&quot;focal_length&quot;:&quot;0&quot;,&quot;iso&quot;:&quot;0&quot;,&quot;shutter_speed&quot;:&quot;0&quot;,&quot;title&quot;:&quot;&quot;,&quot;orientation&quot;:&quot;1&quot;}\" data-image-title=\"Bienen_2015-05-03_17-45-50\" data-image-description=\"\" data-medium-file=\"https:\/\/rheinhessen-imker.de\/wp-content\/uploads\/2015\/05\/Bienen_2015-05-03_17-45-50-300x225.jpg\" data-large-file=\"https:\/\/rheinhessen-imker.de\/wp-content\/uploads\/2015\/05\/Bienen_2015-05-03_17-45-50.jpg\" src=\"https:\/\/i0.wp.com\/rheinhessen-imker.de\/wp-content\/uploads\/2015\/05\/Bienen_2015-05-03_17-45-50.jpg?w=216&#038;h=162&#038;ssl=1\" srcset=\"https:\/\/rheinhessen-imker.de\/wp-content\/uploads\/2015\/05\/Bienen_2015-05-03_17-45-50.jpg 1000w, https:\/\/rheinhessen-imker.de\/wp-content\/uploads\/2015\/05\/Bienen_2015-05-03_17-45-50-150x113.jpg 150w, https:\/\/rheinhessen-imker.de\/wp-content\/uploads\/2015\/05\/Bienen_2015-05-03_17-45-50-300x225.jpg 300w, https:\/\/rheinhessen-imker.de\/wp-content\/uploads\/2015\/05\/Bienen_2015-05-03_17-45-50-700x525.jpg 700w\" width=\"216\" height=\"162\" loading=\"lazy\" data-original-width=\"216\" data-original-height=\"162\" itemprop=\"http:\/\/schema.org\/image\" title=\"Bienen_2015-05-03_17-45-50\" alt=\"Abschlagen der Bienen in die Leerzarge\" style=\"width: 216px; height: 162px;\" \/> <\/a> <div class=\"tiled-gallery-caption\" itemprop=\"caption description\"> Abschlagen der Bienen in die Leerzarge <\/div> <\/div> <\/div> <!-- close group --> <div class=\"gallery-group images-1\" style=\"width: 220px; height: 166px;\" data-original-width=\"220\" data-original-height=\"166\" > <div class=\"tiled-gallery-item tiled-gallery-item-small\" itemprop=\"associatedMedia\" itemscope itemtype=\"http:\/\/schema.org\/ImageObject\"> <a href=\"https:\/\/rheinhessen-imker.de\/?attachment_id=838\" border=\"0\" itemprop=\"url\"> <meta itemprop=\"width\" content=\"216\"> <meta itemprop=\"height\" content=\"162\"> <img decoding=\"async\" class=\"\" data-attachment-id=\"838\" data-orig-file=\"https:\/\/rheinhessen-imker.de\/wp-content\/uploads\/2015\/05\/Bienen_2015-05-03_17-43-34.jpg\" data-orig-size=\"1000,750\" data-comments-opened=\"1\" data-image-meta=\"{&quot;aperture&quot;:&quot;0&quot;,&quot;credit&quot;:&quot;&quot;,&quot;camera&quot;:&quot;&quot;,&quot;caption&quot;:&quot;&quot;,&quot;created_timestamp&quot;:&quot;0&quot;,&quot;copyright&quot;:&quot;Michael Gr\\u00fcger&quot;,&quot;focal_length&quot;:&quot;0&quot;,&quot;iso&quot;:&quot;0&quot;,&quot;shutter_speed&quot;:&quot;0&quot;,&quot;title&quot;:&quot;&quot;,&quot;orientation&quot;:&quot;1&quot;}\" data-image-title=\"Bienen_2015-05-03_17-43-34\" data-image-description=\"\" data-medium-file=\"https:\/\/rheinhessen-imker.de\/wp-content\/uploads\/2015\/05\/Bienen_2015-05-03_17-43-34-300x225.jpg\" data-large-file=\"https:\/\/rheinhessen-imker.de\/wp-content\/uploads\/2015\/05\/Bienen_2015-05-03_17-43-34.jpg\" src=\"https:\/\/i0.wp.com\/rheinhessen-imker.de\/wp-content\/uploads\/2015\/05\/Bienen_2015-05-03_17-43-34.jpg?w=216&#038;h=162&#038;ssl=1\" srcset=\"https:\/\/rheinhessen-imker.de\/wp-content\/uploads\/2015\/05\/Bienen_2015-05-03_17-43-34.jpg 1000w, https:\/\/rheinhessen-imker.de\/wp-content\/uploads\/2015\/05\/Bienen_2015-05-03_17-43-34-150x113.jpg 150w, https:\/\/rheinhessen-imker.de\/wp-content\/uploads\/2015\/05\/Bienen_2015-05-03_17-43-34-300x225.jpg 300w, https:\/\/rheinhessen-imker.de\/wp-content\/uploads\/2015\/05\/Bienen_2015-05-03_17-43-34-700x525.jpg 700w\" width=\"216\" height=\"162\" loading=\"lazy\" data-original-width=\"216\" data-original-height=\"162\" itemprop=\"http:\/\/schema.org\/image\" title=\"Bienen_2015-05-03_17-43-34\" alt=\"Kontrolle der Waben auf Weiselzellen\" style=\"width: 216px; height: 162px;\" \/> <\/a> <div class=\"tiled-gallery-caption\" itemprop=\"caption description\"> Kontrolle der Waben auf Weiselzellen <\/div> <\/div> <\/div> <!-- close group --> <div class=\"gallery-group images-1\" style=\"width: 220px; height: 166px;\" data-original-width=\"220\" data-original-height=\"166\" > <div class=\"tiled-gallery-item tiled-gallery-item-small\" itemprop=\"associatedMedia\" itemscope itemtype=\"http:\/\/schema.org\/ImageObject\"> <a href=\"https:\/\/rheinhessen-imker.de\/?attachment_id=840\" border=\"0\" itemprop=\"url\"> <meta itemprop=\"width\" content=\"216\"> <meta itemprop=\"height\" content=\"162\"> <img decoding=\"async\" class=\"\" data-attachment-id=\"840\" data-orig-file=\"https:\/\/rheinhessen-imker.de\/wp-content\/uploads\/2015\/05\/Bienen_2015-05-03_17-55-47.jpg\" data-orig-size=\"1000,750\" data-comments-opened=\"1\" data-image-meta=\"{&quot;aperture&quot;:&quot;0&quot;,&quot;credit&quot;:&quot;&quot;,&quot;camera&quot;:&quot;&quot;,&quot;caption&quot;:&quot;&quot;,&quot;created_timestamp&quot;:&quot;0&quot;,&quot;copyright&quot;:&quot;Michael Gr\\u00fcger&quot;,&quot;focal_length&quot;:&quot;0&quot;,&quot;iso&quot;:&quot;0&quot;,&quot;shutter_speed&quot;:&quot;0&quot;,&quot;title&quot;:&quot;&quot;,&quot;orientation&quot;:&quot;1&quot;}\" data-image-title=\"Bienen_2015-05-03_17-55-47\" data-image-description=\"\" data-medium-file=\"https:\/\/rheinhessen-imker.de\/wp-content\/uploads\/2015\/05\/Bienen_2015-05-03_17-55-47-300x225.jpg\" data-large-file=\"https:\/\/rheinhessen-imker.de\/wp-content\/uploads\/2015\/05\/Bienen_2015-05-03_17-55-47.jpg\" src=\"https:\/\/i0.wp.com\/rheinhessen-imker.de\/wp-content\/uploads\/2015\/05\/Bienen_2015-05-03_17-55-47.jpg?w=216&#038;h=162&#038;ssl=1\" srcset=\"https:\/\/rheinhessen-imker.de\/wp-content\/uploads\/2015\/05\/Bienen_2015-05-03_17-55-47.jpg 1000w, https:\/\/rheinhessen-imker.de\/wp-content\/uploads\/2015\/05\/Bienen_2015-05-03_17-55-47-150x113.jpg 150w, https:\/\/rheinhessen-imker.de\/wp-content\/uploads\/2015\/05\/Bienen_2015-05-03_17-55-47-300x225.jpg 300w, https:\/\/rheinhessen-imker.de\/wp-content\/uploads\/2015\/05\/Bienen_2015-05-03_17-55-47-700x525.jpg 700w\" width=\"216\" height=\"162\" loading=\"lazy\" data-original-width=\"216\" data-original-height=\"162\" itemprop=\"http:\/\/schema.org\/image\" title=\"Bienen_2015-05-03_17-55-47\" alt=\"Einsetzen des Zuchtrahmens\" style=\"width: 216px; height: 162px;\" \/> <\/a> <div class=\"tiled-gallery-caption\" itemprop=\"caption description\"> Einsetzen des Zuchtrahmens <\/div> <\/div> <\/div> <!-- close group --> <\/div> <!-- close row --> <\/div>\n","protected":false},"excerpt":{"rendered":"<p>Genau 9 Tage nach der Bildung des Sammelbrutablegers\u00a0war es Zeit, diesen\u00a0zu einem Pflegevolk zu machen. Hierf\u00fcr stand das &#8222;Brechen der Weiselzellen&#8220; und das &#8222;Umlarven&#8220; auf dem Programm. Wir begannen an unserem Bienenstand\u00a0in Heidesheim, wo wir aus unseren beiden Zuchtv\u00f6lkern zun\u00e4chst je ein\u00a0R\u00e4hmchen mit m\u00f6glichst junger Brut entnahmen, die Bienen abfegten &#8230;<\/p>\n","protected":false},"author":1,"featured_media":833,"comment_status":"open","ping_status":"closed","sticky":false,"template":"","format":"standard","meta":{"_jetpack_memberships_contains_paid_content":false,"footnotes":""},"categories":[7,3],"tags":[],"class_list":["post-843","post","type-post","status-publish","format-standard","has-post-thumbnail","hentry","category-allgemein","category-bienenhaltung","column","twocol","has-thumbnail"],"jetpack_sharing_enabled":true,"jetpack_featured_media_url":"https:\/\/rheinhessen-imker.de\/wp-content\/uploads\/2015\/05\/Bienen_2015-05-03_15-20-03.jpg","jetpack_shortlink":"https:\/\/wp.me\/p5t9Ps-dB","_links":{"self":[{"href":"https:\/\/rheinhessen-imker.de\/index.php?rest_route=\/wp\/v2\/posts\/843","targetHints":{"allow":["GET"]}}],"collection":[{"href":"https:\/\/rheinhessen-imker.de\/index.php?rest_route=\/wp\/v2\/posts"}],"about":[{"href":"https:\/\/rheinhessen-imker.de\/index.php?rest_route=\/wp\/v2\/types\/post"}],"author":[{"embeddable":true,"href":"https:\/\/rheinhessen-imker.de\/index.php?rest_route=\/wp\/v2\/users\/1"}],"replies":[{"embeddable":true,"href":"https:\/\/rheinhessen-imker.de\/index.php?rest_route=%2Fwp%2Fv2%2Fcomments&post=843"}],"version-history":[{"count":18,"href":"https:\/\/rheinhessen-imker.de\/index.php?rest_route=\/wp\/v2\/posts\/843\/revisions"}],"predecessor-version":[{"id":887,"href":"https:\/\/rheinhessen-imker.de\/index.php?rest_route=\/wp\/v2\/posts\/843\/revisions\/887"}],"wp:featuredmedia":[{"embeddable":true,"href":"https:\/\/rheinhessen-imker.de\/index.php?rest_route=\/wp\/v2\/media\/833"}],"wp:attachment":[{"href":"https:\/\/rheinhessen-imker.de\/index.php?rest_route=%2Fwp%2Fv2%2Fmedia&parent=843"}],"wp:term":[{"taxonomy":"category","embeddable":true,"href":"https:\/\/rheinhessen-imker.de\/index.php?rest_route=%2Fwp%2Fv2%2Fcategories&post=843"},{"taxonomy":"post_tag","embeddable":true,"href":"https:\/\/rheinhessen-imker.de\/index.php?rest_route=%2Fwp%2Fv2%2Ftags&post=843"}],"curies":[{"name":"wp","href":"https:\/\/api.w.org\/{rel}","templated":true}]}}