{"id":938,"date":"2015-06-08T21:01:15","date_gmt":"2015-06-08T20:01:15","guid":{"rendered":"http:\/\/rheinhessen-imker.de\/?p=938"},"modified":"2015-06-14T22:57:43","modified_gmt":"2015-06-14T21:57:43","slug":"voelkervermehrung-in-vier-schritten-teil-3-koeniginnenzellen-verschulen","status":"publish","type":"post","link":"https:\/\/rheinhessen-imker.de\/?p=938","title":{"rendered":"V\u00f6lkervermehrung in vier Schritten \u2013 Teil 3 (K\u00f6niginnenzellen verschulen)"},"content":{"rendered":"<p>Nachdem der erste Anlauf zur V\u00f6lkervermehrung in vier Schritten irgendwo zwischen zweitem und drittem Schritt gescheitet war, haben wir vor 15\u00a0Tagen einen zweiten Anlauf unternommen und einen neuen <a href=\"https:\/\/rheinhessen-imker.de\/?p=727\">Sammelbrutableger<\/a> gebildet.<\/p>\n<p>Nach genau neun\u00a0Tagen wurden dann die Weiselzellen im <a href=\"https:\/\/rheinhessen-imker.de\/?p=843\">Sammelbrutableger herausgebrochen<\/a> und aus unserem Zuchtvolk j\u00fcngste Larven\u00a0umgeweiselt.<\/p>\n<p>Heute, nach weiteren sechs Tagen, hat sich dann gezeigt, dass die meisten Larven (20 von 26) angenommen und angepflegt waren. So\u00a0war es an der Zeit die kleinen Prinzessinnen zu verschulen, also mit kleinen K\u00e4figen vor Ihren Schwestern zu sch\u00fctzen. Hierf\u00fcr wurde der Zuchtrahmen zun\u00e4chst ganz vorsichtig aus dem Volk genommen. Es galt m\u00f6glichst jede Ersch\u00fctterung zu vermeiden, um die Entwicklung der jungen K\u00f6niginnen nicht zu st\u00f6ren.<\/p>\n<p>Zur weiteren Versorgung der Weiselzellen wurden in die Schlupfk\u00e4fige\u00a0je 3-4 Bienen gegeben. Anschlie\u00dfend wurden die K\u00e4fige vorsichtig auf die Weiselnapfhalter gesteckt. Nur in vier F\u00e4llen war die Weiselzelle schon mit so viel Wachs umbaut, dass sie vorher ein wenig freigeschnitten werden mussten. Hierf\u00fcr empfiehlt sich \u00fcbrigens ein Messer mit erw\u00e4rmter Klinge. Das geht durch den Wachs &#8211; ersch\u00fctterungsfrei &#8211; &#8222;wie durch Butter&#8220;.<\/p>\n<p>Nun warten wir noch weitere sechs\u00a0Tage auf das Schl\u00fcpfen der jungen K\u00f6niginnen und den letzten Schritt der V\u00f6lkervermehrung in vier Schritten, der Bildung von Begattungseinheiten.<\/p>\n<div class=\"tiled-gallery type-rectangular tiled-gallery-unresized\" data-original-width=\"660\" data-carousel-extra='{&quot;blog_id&quot;:1,&quot;permalink&quot;:&quot;https:\\\/\\\/rheinhessen-imker.de\\\/?p=938&quot;,&quot;likes_blog_id&quot;:80830978}' itemscope itemtype=\"http:\/\/schema.org\/ImageGallery\" > <div class=\"gallery-row\" style=\"width: 660px; height: 335px;\" data-original-width=\"660\" data-original-height=\"335\" > <div class=\"gallery-group images-1\" style=\"width: 445px; height: 335px;\" data-original-width=\"445\" data-original-height=\"335\" > <div class=\"tiled-gallery-item tiled-gallery-item-large\" itemprop=\"associatedMedia\" itemscope itemtype=\"http:\/\/schema.org\/ImageObject\"> <a href=\"https:\/\/rheinhessen-imker.de\/?attachment_id=935\" border=\"0\" itemprop=\"url\"> <meta itemprop=\"width\" content=\"441\"> <meta itemprop=\"height\" content=\"331\"> <img decoding=\"async\" class=\"\" data-attachment-id=\"935\" data-orig-file=\"https:\/\/rheinhessen-imker.de\/wp-content\/uploads\/2015\/06\/Bienen_2015-06-08_17-13-24.jpg\" data-orig-size=\"1000,750\" data-comments-opened=\"1\" data-image-meta=\"{&quot;aperture&quot;:&quot;2.2&quot;,&quot;credit&quot;:&quot;Michael Gr\\u00fcger&quot;,&quot;camera&quot;:&quot;&quot;,&quot;caption&quot;:&quot;&quot;,&quot;created_timestamp&quot;:&quot;1433783604&quot;,&quot;copyright&quot;:&quot;Michael Gr\\u00fcger&quot;,&quot;focal_length&quot;:&quot;4.15&quot;,&quot;iso&quot;:&quot;32&quot;,&quot;shutter_speed&quot;:&quot;0.00033333333333333&quot;,&quot;title&quot;:&quot;&quot;,&quot;orientation&quot;:&quot;1&quot;}\" data-image-title=\"Bienen_2015-06-08_17-13-24\" data-image-description=\"\" data-medium-file=\"https:\/\/rheinhessen-imker.de\/wp-content\/uploads\/2015\/06\/Bienen_2015-06-08_17-13-24-300x225.jpg\" data-large-file=\"https:\/\/rheinhessen-imker.de\/wp-content\/uploads\/2015\/06\/Bienen_2015-06-08_17-13-24.jpg\" src=\"https:\/\/i0.wp.com\/rheinhessen-imker.de\/wp-content\/uploads\/2015\/06\/Bienen_2015-06-08_17-13-24.jpg?w=441&#038;h=331&#038;ssl=1\" srcset=\"https:\/\/rheinhessen-imker.de\/wp-content\/uploads\/2015\/06\/Bienen_2015-06-08_17-13-24.jpg 1000w, https:\/\/rheinhessen-imker.de\/wp-content\/uploads\/2015\/06\/Bienen_2015-06-08_17-13-24-150x113.jpg 150w, https:\/\/rheinhessen-imker.de\/wp-content\/uploads\/2015\/06\/Bienen_2015-06-08_17-13-24-300x225.jpg 300w, https:\/\/rheinhessen-imker.de\/wp-content\/uploads\/2015\/06\/Bienen_2015-06-08_17-13-24-700x525.jpg 700w\" width=\"441\" height=\"331\" loading=\"lazy\" data-original-width=\"441\" data-original-height=\"331\" itemprop=\"http:\/\/schema.org\/image\" title=\"Bienen_2015-06-08_17-13-24\" alt=\"Zuchtrahmen mit angepflegten Weiselzellen.\" style=\"width: 441px; height: 331px;\" \/> <\/a> <div class=\"tiled-gallery-caption\" itemprop=\"caption description\"> Zuchtrahmen mit angepflegten Weiselzellen. <\/div> <\/div> <\/div> <!-- close group --> <div class=\"gallery-group images-2\" style=\"width: 215px; height: 335px;\" data-original-width=\"215\" data-original-height=\"335\" > <div class=\"tiled-gallery-item tiled-gallery-item-small\" itemprop=\"associatedMedia\" itemscope itemtype=\"http:\/\/schema.org\/ImageObject\"> <a href=\"https:\/\/rheinhessen-imker.de\/?attachment_id=936\" border=\"0\" itemprop=\"url\"> <meta itemprop=\"width\" content=\"211\"> <meta itemprop=\"height\" content=\"158\"> <img decoding=\"async\" class=\"\" data-attachment-id=\"936\" data-orig-file=\"https:\/\/rheinhessen-imker.de\/wp-content\/uploads\/2015\/06\/Bienen_2015-06-08_17-26-19.jpg\" data-orig-size=\"1000,750\" data-comments-opened=\"1\" data-image-meta=\"{&quot;aperture&quot;:&quot;2.2&quot;,&quot;credit&quot;:&quot;Michael Gr\\u00fcger&quot;,&quot;camera&quot;:&quot;&quot;,&quot;caption&quot;:&quot;&quot;,&quot;created_timestamp&quot;:&quot;1433784379&quot;,&quot;copyright&quot;:&quot;Michael Gr\\u00fcger&quot;,&quot;focal_length&quot;:&quot;4.15&quot;,&quot;iso&quot;:&quot;32&quot;,&quot;shutter_speed&quot;:&quot;0.0015625&quot;,&quot;title&quot;:&quot;&quot;,&quot;orientation&quot;:&quot;1&quot;}\" data-image-title=\"Bienen_2015-06-08_17-26-19\" data-image-description=\"\" data-medium-file=\"https:\/\/rheinhessen-imker.de\/wp-content\/uploads\/2015\/06\/Bienen_2015-06-08_17-26-19-300x225.jpg\" data-large-file=\"https:\/\/rheinhessen-imker.de\/wp-content\/uploads\/2015\/06\/Bienen_2015-06-08_17-26-19.jpg\" src=\"https:\/\/i0.wp.com\/rheinhessen-imker.de\/wp-content\/uploads\/2015\/06\/Bienen_2015-06-08_17-26-19.jpg?w=211&#038;h=158&#038;ssl=1\" srcset=\"https:\/\/rheinhessen-imker.de\/wp-content\/uploads\/2015\/06\/Bienen_2015-06-08_17-26-19.jpg 1000w, https:\/\/rheinhessen-imker.de\/wp-content\/uploads\/2015\/06\/Bienen_2015-06-08_17-26-19-150x113.jpg 150w, https:\/\/rheinhessen-imker.de\/wp-content\/uploads\/2015\/06\/Bienen_2015-06-08_17-26-19-300x225.jpg 300w, https:\/\/rheinhessen-imker.de\/wp-content\/uploads\/2015\/06\/Bienen_2015-06-08_17-26-19-700x525.jpg 700w\" width=\"211\" height=\"158\" loading=\"lazy\" data-original-width=\"211\" data-original-height=\"158\" itemprop=\"http:\/\/schema.org\/image\" title=\"Bienen_2015-06-08_17-26-19\" alt=\"Verschulen der Weiselzellen.\" style=\"width: 211px; height: 158px;\" \/> <\/a> <div class=\"tiled-gallery-caption\" itemprop=\"caption description\"> Verschulen der Weiselzellen. <\/div> <\/div> <div class=\"tiled-gallery-item tiled-gallery-item-small\" itemprop=\"associatedMedia\" itemscope itemtype=\"http:\/\/schema.org\/ImageObject\"> <a href=\"https:\/\/rheinhessen-imker.de\/?attachment_id=937\" border=\"0\" itemprop=\"url\"> <meta itemprop=\"width\" content=\"211\"> <meta itemprop=\"height\" content=\"169\"> <img decoding=\"async\" class=\"\" data-attachment-id=\"937\" data-orig-file=\"https:\/\/rheinhessen-imker.de\/wp-content\/uploads\/2015\/06\/Bienen_2015-06-08_17-30-23.jpg\" data-orig-size=\"1000,800\" data-comments-opened=\"1\" data-image-meta=\"{&quot;aperture&quot;:&quot;2.2&quot;,&quot;credit&quot;:&quot;Michael Gr\\u00fcger&quot;,&quot;camera&quot;:&quot;&quot;,&quot;caption&quot;:&quot;&quot;,&quot;created_timestamp&quot;:&quot;1433784623&quot;,&quot;copyright&quot;:&quot;Michael Gr\\u00fcger&quot;,&quot;focal_length&quot;:&quot;4.15&quot;,&quot;iso&quot;:&quot;32&quot;,&quot;shutter_speed&quot;:&quot;0.0013888888888889&quot;,&quot;title&quot;:&quot;&quot;,&quot;orientation&quot;:&quot;1&quot;}\" data-image-title=\"Bienen_2015-06-08_17-30-23\" data-image-description=\"\" data-medium-file=\"https:\/\/rheinhessen-imker.de\/wp-content\/uploads\/2015\/06\/Bienen_2015-06-08_17-30-23-300x240.jpg\" data-large-file=\"https:\/\/rheinhessen-imker.de\/wp-content\/uploads\/2015\/06\/Bienen_2015-06-08_17-30-23.jpg\" src=\"https:\/\/i0.wp.com\/rheinhessen-imker.de\/wp-content\/uploads\/2015\/06\/Bienen_2015-06-08_17-30-23.jpg?w=211&#038;h=169&#038;ssl=1\" srcset=\"https:\/\/rheinhessen-imker.de\/wp-content\/uploads\/2015\/06\/Bienen_2015-06-08_17-30-23.jpg 1000w, https:\/\/rheinhessen-imker.de\/wp-content\/uploads\/2015\/06\/Bienen_2015-06-08_17-30-23-150x120.jpg 150w, https:\/\/rheinhessen-imker.de\/wp-content\/uploads\/2015\/06\/Bienen_2015-06-08_17-30-23-300x240.jpg 300w, https:\/\/rheinhessen-imker.de\/wp-content\/uploads\/2015\/06\/Bienen_2015-06-08_17-30-23-700x560.jpg 700w\" width=\"211\" height=\"169\" loading=\"lazy\" data-original-width=\"211\" data-original-height=\"169\" itemprop=\"http:\/\/schema.org\/image\" title=\"Bienen_2015-06-08_17-30-23\" alt=\"Und nun zur\u00fcck in das Pflegevolk.\" style=\"width: 211px; height: 169px;\" \/> <\/a> <div class=\"tiled-gallery-caption\" itemprop=\"caption description\"> Und nun zur\u00fcck in das Pflegevolk. <\/div> <\/div> <\/div> <!-- close group --> <\/div> <!-- close row --> <\/div>\n","protected":false},"excerpt":{"rendered":"<p>Nachdem der erste Anlauf zur V\u00f6lkervermehrung in vier Schritten irgendwo zwischen zweitem und drittem Schritt gescheitet war, haben wir vor 15\u00a0Tagen einen zweiten Anlauf unternommen und einen neuen Sammelbrutableger gebildet. Nach genau neun\u00a0Tagen wurden dann die Weiselzellen im Sammelbrutableger herausgebrochen und aus unserem Zuchtvolk j\u00fcngste Larven\u00a0umgeweiselt. Heute, nach weiteren sechs &#8230;<\/p>\n","protected":false},"author":1,"featured_media":935,"comment_status":"open","ping_status":"closed","sticky":false,"template":"","format":"standard","meta":{"_jetpack_memberships_contains_paid_content":false,"footnotes":""},"categories":[7,3],"tags":[],"class_list":["post-938","post","type-post","status-publish","format-standard","has-post-thumbnail","hentry","category-allgemein","category-bienenhaltung","column","twocol","has-thumbnail"],"jetpack_sharing_enabled":true,"jetpack_featured_media_url":"https:\/\/rheinhessen-imker.de\/wp-content\/uploads\/2015\/06\/Bienen_2015-06-08_17-13-24.jpg","jetpack_shortlink":"https:\/\/wp.me\/p5t9Ps-f8","_links":{"self":[{"href":"https:\/\/rheinhessen-imker.de\/index.php?rest_route=\/wp\/v2\/posts\/938","targetHints":{"allow":["GET"]}}],"collection":[{"href":"https:\/\/rheinhessen-imker.de\/index.php?rest_route=\/wp\/v2\/posts"}],"about":[{"href":"https:\/\/rheinhessen-imker.de\/index.php?rest_route=\/wp\/v2\/types\/post"}],"author":[{"embeddable":true,"href":"https:\/\/rheinhessen-imker.de\/index.php?rest_route=\/wp\/v2\/users\/1"}],"replies":[{"embeddable":true,"href":"https:\/\/rheinhessen-imker.de\/index.php?rest_route=%2Fwp%2Fv2%2Fcomments&post=938"}],"version-history":[{"count":7,"href":"https:\/\/rheinhessen-imker.de\/index.php?rest_route=\/wp\/v2\/posts\/938\/revisions"}],"predecessor-version":[{"id":947,"href":"https:\/\/rheinhessen-imker.de\/index.php?rest_route=\/wp\/v2\/posts\/938\/revisions\/947"}],"wp:featuredmedia":[{"embeddable":true,"href":"https:\/\/rheinhessen-imker.de\/index.php?rest_route=\/wp\/v2\/media\/935"}],"wp:attachment":[{"href":"https:\/\/rheinhessen-imker.de\/index.php?rest_route=%2Fwp%2Fv2%2Fmedia&parent=938"}],"wp:term":[{"taxonomy":"category","embeddable":true,"href":"https:\/\/rheinhessen-imker.de\/index.php?rest_route=%2Fwp%2Fv2%2Fcategories&post=938"},{"taxonomy":"post_tag","embeddable":true,"href":"https:\/\/rheinhessen-imker.de\/index.php?rest_route=%2Fwp%2Fv2%2Ftags&post=938"}],"curies":[{"name":"wp","href":"https:\/\/api.w.org\/{rel}","templated":true}]}}