{"id":976,"date":"2015-07-01T22:35:49","date_gmt":"2015-07-01T21:35:49","guid":{"rendered":"http:\/\/rheinhessen-imker.de\/?p=976"},"modified":"2015-07-01T22:47:59","modified_gmt":"2015-07-01T21:47:59","slug":"voelkervermehrung-in-vier-schritten-teil-4-begattungseinheiten-bilden","status":"publish","type":"post","link":"https:\/\/rheinhessen-imker.de\/?p=976","title":{"rendered":"V\u00f6lkervermehrung in vier Schritten \u2013 Teil 4 (Begattungseinheiten bilden)"},"content":{"rendered":"<p>Heute nun der etwas ausf\u00fchrlichere Bericht zum letzten Schritt der V\u00f6lkervermehrung.<\/p>\n<p>Aus allen angepflegten und <a href=\"https:\/\/rheinhessen-imker.de\/?p=938\">gek\u00e4figten Weiselzellen<\/a> (20 von 26) ist eine K\u00f6nigin geschl\u00fcpft. Die Aufgabe war es nun, einen Teil der K\u00f6niginnen versandfertig zu machen und die \u00dcbrigen in Begattungsableger umzusiedeln.<\/p>\n<p>Zehn K\u00f6niginnen waren nach Norddeutschland versprochen. Dazu wurden 10 Versandk\u00e4fige mit einem sehr festen Futterteig* bef\u00fcllt. Anschlie\u00dfend wurden jeweils 7-10 Begleitbienen aus dem Sammelbrutableger in die Versandk\u00e4fige bugsiert, um die Versorgung der K\u00f6niginnen w\u00e4hrend der Reise zu gew\u00e4hrleisten. Wenn man, so wie Anna, die Bienen nicht einzeln mit der Hand fangen kann\/will, ist es eine gute M\u00f6glichkeit den K\u00e4fig\u00a0langsam\u00a0\u00fcber sie zu st\u00fclpen und an einer Kante dann den K\u00e4fig vorsichtig zu schlie\u00dfen. Mit den so vorbereiteten Versandk\u00e4figen und 10 K\u00f6niginnen in den Schlupfk\u00e4figen ist Anna nach drinnen gegangen, um die K\u00f6niginnen dort in die Versandk\u00e4fige einlaufen zu lassen. Der Vorteil am geschlossenen Raum ist, dass eine K\u00f6nigin, sollte sie denn abfliegen, leicht am Fenster wieder gefangen werden kann.<\/p>\n<p>Die gew\u00e4hlten Versandk\u00e4fige lassen sich \u00fcber ein Stecksystem fest miteinander verbinden, so dass auch im Umschlag die Form stabil bleibt und die K\u00f6niginnen immer ausreichend Abstand zueinander haben.\u00a0Gleich nach dem Einzug der K\u00f6niginnen in die Versandk\u00e4fige haben wir sie in dem vorbereiteten Umschlag (mit Luftl\u00f6chern) zur Post gebracht. Sie sind gesund und vital an ihrem Bestimmungsort angekommen, wurde uns berichtet.<\/p>\n<div class=\"tiled-gallery type-rectangular tiled-gallery-unresized\" data-original-width=\"660\" data-carousel-extra='{&quot;blog_id&quot;:1,&quot;permalink&quot;:&quot;https:\\\/\\\/rheinhessen-imker.de\\\/?p=976&quot;,&quot;likes_blog_id&quot;:80830978}' itemscope itemtype=\"http:\/\/schema.org\/ImageGallery\" > <div class=\"gallery-row\" style=\"width: 660px; height: 331px;\" data-original-width=\"660\" data-original-height=\"331\" > <div class=\"gallery-group images-1\" style=\"width: 440px; height: 331px;\" data-original-width=\"440\" data-original-height=\"331\" > <div class=\"tiled-gallery-item tiled-gallery-item-large\" itemprop=\"associatedMedia\" itemscope itemtype=\"http:\/\/schema.org\/ImageObject\"> <a href=\"https:\/\/rheinhessen-imker.de\/?attachment_id=979\" border=\"0\" itemprop=\"url\"> <meta itemprop=\"width\" content=\"436\"> <meta itemprop=\"height\" content=\"327\"> <img decoding=\"async\" class=\"\" data-attachment-id=\"979\" data-orig-file=\"https:\/\/rheinhessen-imker.de\/wp-content\/uploads\/2015\/07\/Bienen_2015-06-16_14-55-41.jpg\" data-orig-size=\"1000,750\" data-comments-opened=\"1\" data-image-meta=\"{&quot;aperture&quot;:&quot;2.2&quot;,&quot;credit&quot;:&quot;Michael Gr\\u00fcger&quot;,&quot;camera&quot;:&quot;&quot;,&quot;caption&quot;:&quot;&quot;,&quot;created_timestamp&quot;:&quot;1434466541&quot;,&quot;copyright&quot;:&quot;Michael Gr\\u00fcger&quot;,&quot;focal_length&quot;:&quot;4.15&quot;,&quot;iso&quot;:&quot;32&quot;,&quot;shutter_speed&quot;:&quot;0.00076923076923077&quot;,&quot;title&quot;:&quot;&quot;,&quot;orientation&quot;:&quot;1&quot;}\" data-image-title=\"Bienen_2015-06-16_14-55-41\" data-image-description=\"\" data-medium-file=\"https:\/\/rheinhessen-imker.de\/wp-content\/uploads\/2015\/07\/Bienen_2015-06-16_14-55-41-300x225.jpg\" data-large-file=\"https:\/\/rheinhessen-imker.de\/wp-content\/uploads\/2015\/07\/Bienen_2015-06-16_14-55-41.jpg\" src=\"https:\/\/i0.wp.com\/rheinhessen-imker.de\/wp-content\/uploads\/2015\/07\/Bienen_2015-06-16_14-55-41.jpg?w=436&#038;h=327&#038;ssl=1\" srcset=\"https:\/\/rheinhessen-imker.de\/wp-content\/uploads\/2015\/07\/Bienen_2015-06-16_14-55-41.jpg 1000w, https:\/\/rheinhessen-imker.de\/wp-content\/uploads\/2015\/07\/Bienen_2015-06-16_14-55-41-150x113.jpg 150w, https:\/\/rheinhessen-imker.de\/wp-content\/uploads\/2015\/07\/Bienen_2015-06-16_14-55-41-300x225.jpg 300w, https:\/\/rheinhessen-imker.de\/wp-content\/uploads\/2015\/07\/Bienen_2015-06-16_14-55-41-700x525.jpg 700w\" width=\"436\" height=\"327\" loading=\"lazy\" data-original-width=\"436\" data-original-height=\"327\" itemprop=\"http:\/\/schema.org\/image\" title=\"Bienen_2015-06-16_14-55-41\" alt=\"Einfangen der Begleitbienen\" style=\"width: 436px; height: 327px;\" \/> <\/a> <div class=\"tiled-gallery-caption\" itemprop=\"caption description\"> Einfangen der Begleitbienen <\/div> <\/div> <\/div> <!-- close group --> <div class=\"gallery-group images-2\" style=\"width: 220px; height: 331px;\" data-original-width=\"220\" data-original-height=\"331\" > <div class=\"tiled-gallery-item tiled-gallery-item-small\" itemprop=\"associatedMedia\" itemscope itemtype=\"http:\/\/schema.org\/ImageObject\"> <a href=\"https:\/\/rheinhessen-imker.de\/?attachment_id=978\" border=\"0\" itemprop=\"url\"> <meta itemprop=\"width\" content=\"216\"> <meta itemprop=\"height\" content=\"162\"> <img decoding=\"async\" class=\"\" data-attachment-id=\"978\" data-orig-file=\"https:\/\/rheinhessen-imker.de\/wp-content\/uploads\/2015\/07\/Bienen_2015-06-16_14-55-04.jpg\" data-orig-size=\"1000,750\" data-comments-opened=\"1\" data-image-meta=\"{&quot;aperture&quot;:&quot;2.2&quot;,&quot;credit&quot;:&quot;Michael Gr\\u00fcger&quot;,&quot;camera&quot;:&quot;&quot;,&quot;caption&quot;:&quot;&quot;,&quot;created_timestamp&quot;:&quot;1434466504&quot;,&quot;copyright&quot;:&quot;Michael Gr\\u00fcger&quot;,&quot;focal_length&quot;:&quot;4.15&quot;,&quot;iso&quot;:&quot;32&quot;,&quot;shutter_speed&quot;:&quot;0.0013698630136986&quot;,&quot;title&quot;:&quot;&quot;,&quot;orientation&quot;:&quot;1&quot;}\" data-image-title=\"Bienen_2015-06-16_14-55-04\" data-image-description=\"\" data-medium-file=\"https:\/\/rheinhessen-imker.de\/wp-content\/uploads\/2015\/07\/Bienen_2015-06-16_14-55-04-300x225.jpg\" data-large-file=\"https:\/\/rheinhessen-imker.de\/wp-content\/uploads\/2015\/07\/Bienen_2015-06-16_14-55-04.jpg\" src=\"https:\/\/i0.wp.com\/rheinhessen-imker.de\/wp-content\/uploads\/2015\/07\/Bienen_2015-06-16_14-55-04.jpg?w=216&#038;h=162&#038;ssl=1\" srcset=\"https:\/\/rheinhessen-imker.de\/wp-content\/uploads\/2015\/07\/Bienen_2015-06-16_14-55-04.jpg 1000w, https:\/\/rheinhessen-imker.de\/wp-content\/uploads\/2015\/07\/Bienen_2015-06-16_14-55-04-150x113.jpg 150w, https:\/\/rheinhessen-imker.de\/wp-content\/uploads\/2015\/07\/Bienen_2015-06-16_14-55-04-300x225.jpg 300w, https:\/\/rheinhessen-imker.de\/wp-content\/uploads\/2015\/07\/Bienen_2015-06-16_14-55-04-700x525.jpg 700w\" width=\"216\" height=\"162\" loading=\"lazy\" data-original-width=\"216\" data-original-height=\"162\" itemprop=\"http:\/\/schema.org\/image\" title=\"Bienen_2015-06-16_14-55-04\" alt=\"Schlie\u00dfen des K\u00e4figs mit den Begleitbienen\" style=\"width: 216px; height: 162px;\" \/> <\/a> <div class=\"tiled-gallery-caption\" itemprop=\"caption description\"> Schlie\u00dfen des K\u00e4figs mit den Begleitbienen <\/div> <\/div> <div class=\"tiled-gallery-item tiled-gallery-item-small\" itemprop=\"associatedMedia\" itemscope itemtype=\"http:\/\/schema.org\/ImageObject\"> <a href=\"https:\/\/rheinhessen-imker.de\/?attachment_id=983\" border=\"0\" itemprop=\"url\"> <meta itemprop=\"width\" content=\"216\"> <meta itemprop=\"height\" content=\"161\"> <img decoding=\"async\" class=\"\" data-attachment-id=\"983\" data-orig-file=\"https:\/\/rheinhessen-imker.de\/wp-content\/uploads\/2015\/07\/Bienen_2015-06-16_15-33-47.jpg\" data-orig-size=\"1000,750\" data-comments-opened=\"1\" data-image-meta=\"{&quot;aperture&quot;:&quot;2.2&quot;,&quot;credit&quot;:&quot;Michael Gr\\u00fcger&quot;,&quot;camera&quot;:&quot;&quot;,&quot;caption&quot;:&quot;&quot;,&quot;created_timestamp&quot;:&quot;1434468827&quot;,&quot;copyright&quot;:&quot;Michael Gr\\u00fcger&quot;,&quot;focal_length&quot;:&quot;4.15&quot;,&quot;iso&quot;:&quot;32&quot;,&quot;shutter_speed&quot;:&quot;0.0010526315789474&quot;,&quot;title&quot;:&quot;&quot;,&quot;orientation&quot;:&quot;1&quot;}\" data-image-title=\"Bienen_2015-06-16_15-33-47\" data-image-description=\"\" data-medium-file=\"https:\/\/rheinhessen-imker.de\/wp-content\/uploads\/2015\/07\/Bienen_2015-06-16_15-33-47-300x225.jpg\" data-large-file=\"https:\/\/rheinhessen-imker.de\/wp-content\/uploads\/2015\/07\/Bienen_2015-06-16_15-33-47.jpg\" src=\"https:\/\/i0.wp.com\/rheinhessen-imker.de\/wp-content\/uploads\/2015\/07\/Bienen_2015-06-16_15-33-47.jpg?w=216&#038;h=161&#038;ssl=1\" srcset=\"https:\/\/rheinhessen-imker.de\/wp-content\/uploads\/2015\/07\/Bienen_2015-06-16_15-33-47.jpg 1000w, https:\/\/rheinhessen-imker.de\/wp-content\/uploads\/2015\/07\/Bienen_2015-06-16_15-33-47-150x113.jpg 150w, https:\/\/rheinhessen-imker.de\/wp-content\/uploads\/2015\/07\/Bienen_2015-06-16_15-33-47-300x225.jpg 300w, https:\/\/rheinhessen-imker.de\/wp-content\/uploads\/2015\/07\/Bienen_2015-06-16_15-33-47-700x525.jpg 700w\" width=\"216\" height=\"161\" loading=\"lazy\" data-original-width=\"216\" data-original-height=\"161\" itemprop=\"http:\/\/schema.org\/image\" title=\"Bienen_2015-06-16_15-33-47\" alt=\"Einlaufen lassen der K\u00f6nigin in den Versandk\u00e4fig\" style=\"width: 216px; height: 161px;\" \/> <\/a> <div class=\"tiled-gallery-caption\" itemprop=\"caption description\"> Einlaufen lassen der K\u00f6nigin in den Versandk\u00e4fig <\/div> <\/div> <\/div> <!-- close group --> <\/div> <!-- close row --> <div class=\"gallery-row\" style=\"width: 660px; height: 496px;\" data-original-width=\"660\" data-original-height=\"496\" > <div class=\"gallery-group images-1\" style=\"width: 660px; height: 496px;\" data-original-width=\"660\" data-original-height=\"496\" > <div class=\"tiled-gallery-item tiled-gallery-item-large\" itemprop=\"associatedMedia\" itemscope itemtype=\"http:\/\/schema.org\/ImageObject\"> <a href=\"https:\/\/rheinhessen-imker.de\/?attachment_id=984\" border=\"0\" itemprop=\"url\"> <meta itemprop=\"width\" content=\"656\"> <meta itemprop=\"height\" content=\"492\"> <img decoding=\"async\" class=\"\" data-attachment-id=\"984\" data-orig-file=\"https:\/\/rheinhessen-imker.de\/wp-content\/uploads\/2015\/07\/Bienen_2015-06-16_16-14-23.jpg\" data-orig-size=\"1000,750\" data-comments-opened=\"1\" data-image-meta=\"{&quot;aperture&quot;:&quot;2.2&quot;,&quot;credit&quot;:&quot;Michael Gr\\u00fcger&quot;,&quot;camera&quot;:&quot;&quot;,&quot;caption&quot;:&quot;&quot;,&quot;created_timestamp&quot;:&quot;1434471263&quot;,&quot;copyright&quot;:&quot;Michael Gr\\u00fcger&quot;,&quot;focal_length&quot;:&quot;4.15&quot;,&quot;iso&quot;:&quot;50&quot;,&quot;shutter_speed&quot;:&quot;0.033333333333333&quot;,&quot;title&quot;:&quot;&quot;,&quot;orientation&quot;:&quot;1&quot;}\" data-image-title=\"Bienen_2015-06-16_16-14-23\" data-image-description=\"\" data-medium-file=\"https:\/\/rheinhessen-imker.de\/wp-content\/uploads\/2015\/07\/Bienen_2015-06-16_16-14-23-300x225.jpg\" data-large-file=\"https:\/\/rheinhessen-imker.de\/wp-content\/uploads\/2015\/07\/Bienen_2015-06-16_16-14-23.jpg\" src=\"https:\/\/i0.wp.com\/rheinhessen-imker.de\/wp-content\/uploads\/2015\/07\/Bienen_2015-06-16_16-14-23.jpg?w=656&#038;h=492&#038;ssl=1\" srcset=\"https:\/\/rheinhessen-imker.de\/wp-content\/uploads\/2015\/07\/Bienen_2015-06-16_16-14-23.jpg 1000w, https:\/\/rheinhessen-imker.de\/wp-content\/uploads\/2015\/07\/Bienen_2015-06-16_16-14-23-150x113.jpg 150w, https:\/\/rheinhessen-imker.de\/wp-content\/uploads\/2015\/07\/Bienen_2015-06-16_16-14-23-300x225.jpg 300w, https:\/\/rheinhessen-imker.de\/wp-content\/uploads\/2015\/07\/Bienen_2015-06-16_16-14-23-700x525.jpg 700w\" width=\"656\" height=\"492\" loading=\"lazy\" data-original-width=\"656\" data-original-height=\"492\" itemprop=\"http:\/\/schema.org\/image\" title=\"Bienen_2015-06-16_16-14-23\" alt=\"Die versandfertige Einheit.\" style=\"width: 656px; height: 492px;\" \/> <\/a> <div class=\"tiled-gallery-caption\" itemprop=\"caption description\"> Die versandfertige Einheit. <\/div> <\/div> <\/div> <!-- close group --> <\/div> <!-- close row --> <\/div>\n<p>Die verbliebenen\u00a010 K\u00f6niginnen wurden in Begattungsableger aufgeteilt. Wir hatten 3er-Ablegerb\u00f6den (mit Zargen und Trennschieden) und Apidea-K\u00e4stchen zur Verf\u00fcgung.<\/p>\n<p>Die 3er-Abteile wurden jeweils mit einer Futterwabe\u00a0und einer Mittelwand ausgestattet. In die Apidea-K\u00e4stchen wurde in den daf\u00fcr vorgesehenen Bereich Futterteig gegeben.<\/p>\n<p>Die Bienen aus dem <a href=\"https:\/\/rheinhessen-imker.de\/?p=727\">Sammelbrutableger<\/a>\u00a0haben wir auf die Begattungsableger verteilt. Jede Wabe wurde einzeln entnommen, mit Milchs\u00e4ure gegen die Varroa-Milbe behandelt und die Bienen anschlie\u00dfend in die neuen Abteile zu den vorbereiteten Waben geh\u00e4ngt, bzw. in die Apidea-K\u00e4stchen abgefegt.<\/p>\n<p>Zum Schluss haben wir\u00a0in jeden Ableger eine K\u00f6nigin einlaufen lassen. Die Apidea-K\u00e4stchen haben hierf\u00fcr eine n\u00fctzliche passgenaue \u00d6ffnung.<\/p>\n<div class=\"tiled-gallery type-rectangular tiled-gallery-unresized\" data-original-width=\"660\" data-carousel-extra='{&quot;blog_id&quot;:1,&quot;permalink&quot;:&quot;https:\\\/\\\/rheinhessen-imker.de\\\/?p=976&quot;,&quot;likes_blog_id&quot;:80830978}' itemscope itemtype=\"http:\/\/schema.org\/ImageGallery\" > <div class=\"gallery-row\" style=\"width: 660px; height: 331px;\" data-original-width=\"660\" data-original-height=\"331\" > <div class=\"gallery-group images-1\" style=\"width: 440px; height: 331px;\" data-original-width=\"440\" data-original-height=\"331\" > <div class=\"tiled-gallery-item tiled-gallery-item-large\" itemprop=\"associatedMedia\" itemscope itemtype=\"http:\/\/schema.org\/ImageObject\"> <a href=\"https:\/\/rheinhessen-imker.de\/?attachment_id=987\" border=\"0\" itemprop=\"url\"> <meta itemprop=\"width\" content=\"436\"> <meta itemprop=\"height\" content=\"327\"> <img decoding=\"async\" class=\"\" data-attachment-id=\"987\" data-orig-file=\"https:\/\/rheinhessen-imker.de\/wp-content\/uploads\/2015\/07\/Bienen_2015-06-16_17-17-09.jpg\" data-orig-size=\"1000,750\" data-comments-opened=\"1\" data-image-meta=\"{&quot;aperture&quot;:&quot;2.2&quot;,&quot;credit&quot;:&quot;Michael Gr\\u00fcger&quot;,&quot;camera&quot;:&quot;&quot;,&quot;caption&quot;:&quot;&quot;,&quot;created_timestamp&quot;:&quot;1434475029&quot;,&quot;copyright&quot;:&quot;Michael Gr\\u00fcger&quot;,&quot;focal_length&quot;:&quot;4.15&quot;,&quot;iso&quot;:&quot;32&quot;,&quot;shutter_speed&quot;:&quot;0.001&quot;,&quot;title&quot;:&quot;&quot;,&quot;orientation&quot;:&quot;1&quot;}\" data-image-title=\"Bienen_2015-06-16_17-17-09\" data-image-description=\"\" data-medium-file=\"https:\/\/rheinhessen-imker.de\/wp-content\/uploads\/2015\/07\/Bienen_2015-06-16_17-17-09-300x225.jpg\" data-large-file=\"https:\/\/rheinhessen-imker.de\/wp-content\/uploads\/2015\/07\/Bienen_2015-06-16_17-17-09.jpg\" src=\"https:\/\/i0.wp.com\/rheinhessen-imker.de\/wp-content\/uploads\/2015\/07\/Bienen_2015-06-16_17-17-09.jpg?w=436&#038;h=327&#038;ssl=1\" srcset=\"https:\/\/rheinhessen-imker.de\/wp-content\/uploads\/2015\/07\/Bienen_2015-06-16_17-17-09.jpg 1000w, https:\/\/rheinhessen-imker.de\/wp-content\/uploads\/2015\/07\/Bienen_2015-06-16_17-17-09-150x113.jpg 150w, https:\/\/rheinhessen-imker.de\/wp-content\/uploads\/2015\/07\/Bienen_2015-06-16_17-17-09-300x225.jpg 300w, https:\/\/rheinhessen-imker.de\/wp-content\/uploads\/2015\/07\/Bienen_2015-06-16_17-17-09-700x525.jpg 700w\" width=\"436\" height=\"327\" loading=\"lazy\" data-original-width=\"436\" data-original-height=\"327\" itemprop=\"http:\/\/schema.org\/image\" title=\"Bienen_2015-06-16_17-17-09\" alt=\"Einh\u00e4ngen der Waben.\" style=\"width: 436px; height: 327px;\" \/> <\/a> <div class=\"tiled-gallery-caption\" itemprop=\"caption description\"> Einh\u00e4ngen der Waben. <\/div> <\/div> <\/div> <!-- close group --> <div class=\"gallery-group images-2\" style=\"width: 220px; height: 331px;\" data-original-width=\"220\" data-original-height=\"331\" > <div class=\"tiled-gallery-item tiled-gallery-item-small\" itemprop=\"associatedMedia\" itemscope itemtype=\"http:\/\/schema.org\/ImageObject\"> <a href=\"https:\/\/rheinhessen-imker.de\/?attachment_id=986\" border=\"0\" itemprop=\"url\"> <meta itemprop=\"width\" content=\"216\"> <meta itemprop=\"height\" content=\"162\"> <img decoding=\"async\" class=\"\" data-attachment-id=\"986\" data-orig-file=\"https:\/\/rheinhessen-imker.de\/wp-content\/uploads\/2015\/07\/Bienen_2015-06-16_17-17-02.jpg\" data-orig-size=\"1000,750\" data-comments-opened=\"1\" data-image-meta=\"{&quot;aperture&quot;:&quot;2.2&quot;,&quot;credit&quot;:&quot;Michael Gr\\u00fcger&quot;,&quot;camera&quot;:&quot;&quot;,&quot;caption&quot;:&quot;&quot;,&quot;created_timestamp&quot;:&quot;1434475022&quot;,&quot;copyright&quot;:&quot;Michael Gr\\u00fcger&quot;,&quot;focal_length&quot;:&quot;4.15&quot;,&quot;iso&quot;:&quot;32&quot;,&quot;shutter_speed&quot;:&quot;0.001&quot;,&quot;title&quot;:&quot;&quot;,&quot;orientation&quot;:&quot;1&quot;}\" data-image-title=\"Bienen_2015-06-16_17-17-02\" data-image-description=\"\" data-medium-file=\"https:\/\/rheinhessen-imker.de\/wp-content\/uploads\/2015\/07\/Bienen_2015-06-16_17-17-02-300x225.jpg\" data-large-file=\"https:\/\/rheinhessen-imker.de\/wp-content\/uploads\/2015\/07\/Bienen_2015-06-16_17-17-02.jpg\" src=\"https:\/\/i0.wp.com\/rheinhessen-imker.de\/wp-content\/uploads\/2015\/07\/Bienen_2015-06-16_17-17-02.jpg?w=216&#038;h=162&#038;ssl=1\" srcset=\"https:\/\/rheinhessen-imker.de\/wp-content\/uploads\/2015\/07\/Bienen_2015-06-16_17-17-02.jpg 1000w, https:\/\/rheinhessen-imker.de\/wp-content\/uploads\/2015\/07\/Bienen_2015-06-16_17-17-02-150x113.jpg 150w, https:\/\/rheinhessen-imker.de\/wp-content\/uploads\/2015\/07\/Bienen_2015-06-16_17-17-02-300x225.jpg 300w, https:\/\/rheinhessen-imker.de\/wp-content\/uploads\/2015\/07\/Bienen_2015-06-16_17-17-02-700x525.jpg 700w\" width=\"216\" height=\"162\" loading=\"lazy\" data-original-width=\"216\" data-original-height=\"162\" itemprop=\"http:\/\/schema.org\/image\" title=\"Bienen_2015-06-16_17-17-02\" alt=\"Bespr\u00fchen mit Milchs\u00e4ure\" style=\"width: 216px; height: 162px;\" \/> <\/a> <div class=\"tiled-gallery-caption\" itemprop=\"caption description\"> Bespr\u00fchen mit Milchs\u00e4ure <\/div> <\/div> <div class=\"tiled-gallery-item tiled-gallery-item-small\" itemprop=\"associatedMedia\" itemscope itemtype=\"http:\/\/schema.org\/ImageObject\"> <a href=\"https:\/\/rheinhessen-imker.de\/?attachment_id=985\" border=\"0\" itemprop=\"url\"> <meta itemprop=\"width\" content=\"216\"> <meta itemprop=\"height\" content=\"161\"> <img decoding=\"async\" class=\"\" data-attachment-id=\"985\" data-orig-file=\"https:\/\/rheinhessen-imker.de\/wp-content\/uploads\/2015\/07\/Bienen_2015-06-16_17-14-09.jpg\" data-orig-size=\"1000,750\" data-comments-opened=\"1\" data-image-meta=\"{&quot;aperture&quot;:&quot;2.2&quot;,&quot;credit&quot;:&quot;Michael Gr\\u00fcger&quot;,&quot;camera&quot;:&quot;&quot;,&quot;caption&quot;:&quot;&quot;,&quot;created_timestamp&quot;:&quot;1434474849&quot;,&quot;copyright&quot;:&quot;Michael Gr\\u00fcger&quot;,&quot;focal_length&quot;:&quot;4.15&quot;,&quot;iso&quot;:&quot;32&quot;,&quot;shutter_speed&quot;:&quot;0.0018518518518519&quot;,&quot;title&quot;:&quot;&quot;,&quot;orientation&quot;:&quot;1&quot;}\" data-image-title=\"Bienen_2015-06-16_17-14-09\" data-image-description=\"\" data-medium-file=\"https:\/\/rheinhessen-imker.de\/wp-content\/uploads\/2015\/07\/Bienen_2015-06-16_17-14-09-300x225.jpg\" data-large-file=\"https:\/\/rheinhessen-imker.de\/wp-content\/uploads\/2015\/07\/Bienen_2015-06-16_17-14-09.jpg\" src=\"https:\/\/i0.wp.com\/rheinhessen-imker.de\/wp-content\/uploads\/2015\/07\/Bienen_2015-06-16_17-14-09.jpg?w=216&#038;h=161&#038;ssl=1\" srcset=\"https:\/\/rheinhessen-imker.de\/wp-content\/uploads\/2015\/07\/Bienen_2015-06-16_17-14-09.jpg 1000w, https:\/\/rheinhessen-imker.de\/wp-content\/uploads\/2015\/07\/Bienen_2015-06-16_17-14-09-150x113.jpg 150w, https:\/\/rheinhessen-imker.de\/wp-content\/uploads\/2015\/07\/Bienen_2015-06-16_17-14-09-300x225.jpg 300w, https:\/\/rheinhessen-imker.de\/wp-content\/uploads\/2015\/07\/Bienen_2015-06-16_17-14-09-700x525.jpg 700w\" width=\"216\" height=\"161\" loading=\"lazy\" data-original-width=\"216\" data-original-height=\"161\" itemprop=\"http:\/\/schema.org\/image\" title=\"Bienen_2015-06-16_17-14-09\" alt=\"Einfegen der Bienen in die Apidea-K\u00e4sten\" style=\"width: 216px; height: 161px;\" \/> <\/a> <div class=\"tiled-gallery-caption\" itemprop=\"caption description\"> Einfegen der Bienen in die Apidea-K\u00e4sten <\/div> <\/div> <\/div> <!-- close group --> <\/div> <!-- close row --> <div class=\"gallery-row\" style=\"width: 660px; height: 249px;\" data-original-width=\"660\" data-original-height=\"249\" > <div class=\"gallery-group images-1\" style=\"width: 330px; height: 249px;\" data-original-width=\"330\" data-original-height=\"249\" > <div class=\"tiled-gallery-item tiled-gallery-item-large\" itemprop=\"associatedMedia\" itemscope itemtype=\"http:\/\/schema.org\/ImageObject\"> <a href=\"https:\/\/rheinhessen-imker.de\/?attachment_id=990\" border=\"0\" itemprop=\"url\"> <meta itemprop=\"width\" content=\"326\"> <meta itemprop=\"height\" content=\"245\"> <img decoding=\"async\" class=\"\" data-attachment-id=\"990\" data-orig-file=\"https:\/\/rheinhessen-imker.de\/wp-content\/uploads\/2015\/07\/Bienen_2015-06-16_18-20-53.jpg\" data-orig-size=\"1000,750\" data-comments-opened=\"1\" data-image-meta=\"{&quot;aperture&quot;:&quot;2.2&quot;,&quot;credit&quot;:&quot;Michael Gr\\u00fcger&quot;,&quot;camera&quot;:&quot;&quot;,&quot;caption&quot;:&quot;&quot;,&quot;created_timestamp&quot;:&quot;1434478853&quot;,&quot;copyright&quot;:&quot;Michael Gr\\u00fcger&quot;,&quot;focal_length&quot;:&quot;4.15&quot;,&quot;iso&quot;:&quot;32&quot;,&quot;shutter_speed&quot;:&quot;0.0055555555555556&quot;,&quot;title&quot;:&quot;&quot;,&quot;orientation&quot;:&quot;1&quot;}\" data-image-title=\"Bienen_2015-06-16_18-20-53\" data-image-description=\"\" data-medium-file=\"https:\/\/rheinhessen-imker.de\/wp-content\/uploads\/2015\/07\/Bienen_2015-06-16_18-20-53-300x225.jpg\" data-large-file=\"https:\/\/rheinhessen-imker.de\/wp-content\/uploads\/2015\/07\/Bienen_2015-06-16_18-20-53.jpg\" src=\"https:\/\/i0.wp.com\/rheinhessen-imker.de\/wp-content\/uploads\/2015\/07\/Bienen_2015-06-16_18-20-53.jpg?w=326&#038;h=245&#038;ssl=1\" srcset=\"https:\/\/rheinhessen-imker.de\/wp-content\/uploads\/2015\/07\/Bienen_2015-06-16_18-20-53.jpg 1000w, https:\/\/rheinhessen-imker.de\/wp-content\/uploads\/2015\/07\/Bienen_2015-06-16_18-20-53-150x113.jpg 150w, https:\/\/rheinhessen-imker.de\/wp-content\/uploads\/2015\/07\/Bienen_2015-06-16_18-20-53-300x225.jpg 300w, https:\/\/rheinhessen-imker.de\/wp-content\/uploads\/2015\/07\/Bienen_2015-06-16_18-20-53-700x525.jpg 700w\" width=\"326\" height=\"245\" loading=\"lazy\" data-original-width=\"326\" data-original-height=\"245\" itemprop=\"http:\/\/schema.org\/image\" title=\"Bienen_2015-06-16_18-20-53\" alt=\"Einlaufen lassen der K\u00f6nigin\" style=\"width: 326px; height: 245px;\" \/> <\/a> <div class=\"tiled-gallery-caption\" itemprop=\"caption description\"> Einlaufen lassen der K\u00f6nigin <\/div> <\/div> <\/div> <!-- close group --> <div class=\"gallery-group images-1\" style=\"width: 330px; height: 249px;\" data-original-width=\"330\" data-original-height=\"249\" > <div class=\"tiled-gallery-item tiled-gallery-item-large\" itemprop=\"associatedMedia\" itemscope itemtype=\"http:\/\/schema.org\/ImageObject\"> <a href=\"https:\/\/rheinhessen-imker.de\/?attachment_id=988\" border=\"0\" itemprop=\"url\"> <meta itemprop=\"width\" content=\"326\"> <meta itemprop=\"height\" content=\"245\"> <img decoding=\"async\" class=\"\" data-attachment-id=\"988\" data-orig-file=\"https:\/\/rheinhessen-imker.de\/wp-content\/uploads\/2015\/07\/Bienen_2015-06-16_18-20-28.jpg\" data-orig-size=\"1000,750\" data-comments-opened=\"1\" data-image-meta=\"{&quot;aperture&quot;:&quot;2.2&quot;,&quot;credit&quot;:&quot;Michael Gr\\u00fcger&quot;,&quot;camera&quot;:&quot;&quot;,&quot;caption&quot;:&quot;&quot;,&quot;created_timestamp&quot;:&quot;1434478828&quot;,&quot;copyright&quot;:&quot;Michael Gr\\u00fcger&quot;,&quot;focal_length&quot;:&quot;4.15&quot;,&quot;iso&quot;:&quot;32&quot;,&quot;shutter_speed&quot;:&quot;0.0027027027027027&quot;,&quot;title&quot;:&quot;&quot;,&quot;orientation&quot;:&quot;1&quot;}\" data-image-title=\"Bienen_2015-06-16_18-20-28\" data-image-description=\"\" data-medium-file=\"https:\/\/rheinhessen-imker.de\/wp-content\/uploads\/2015\/07\/Bienen_2015-06-16_18-20-28-300x225.jpg\" data-large-file=\"https:\/\/rheinhessen-imker.de\/wp-content\/uploads\/2015\/07\/Bienen_2015-06-16_18-20-28.jpg\" src=\"https:\/\/i0.wp.com\/rheinhessen-imker.de\/wp-content\/uploads\/2015\/07\/Bienen_2015-06-16_18-20-28.jpg?w=326&#038;h=245&#038;ssl=1\" srcset=\"https:\/\/rheinhessen-imker.de\/wp-content\/uploads\/2015\/07\/Bienen_2015-06-16_18-20-28.jpg 1000w, https:\/\/rheinhessen-imker.de\/wp-content\/uploads\/2015\/07\/Bienen_2015-06-16_18-20-28-150x113.jpg 150w, https:\/\/rheinhessen-imker.de\/wp-content\/uploads\/2015\/07\/Bienen_2015-06-16_18-20-28-300x225.jpg 300w, https:\/\/rheinhessen-imker.de\/wp-content\/uploads\/2015\/07\/Bienen_2015-06-16_18-20-28-700x525.jpg 700w\" width=\"326\" height=\"245\" loading=\"lazy\" data-original-width=\"326\" data-original-height=\"245\" itemprop=\"http:\/\/schema.org\/image\" title=\"Bienen_2015-06-16_18-20-28\" alt=\"Fertiges Apidea-K\u00e4stchen\" style=\"width: 326px; height: 245px;\" \/> <\/a> <div class=\"tiled-gallery-caption\" itemprop=\"caption description\"> Fertiges Apidea-K\u00e4stchen <\/div> <\/div> <\/div> <!-- close group --> <\/div> <!-- close row --> <\/div>\n<p>Zu guter Letzt wurden\u00a0alle Begattungseinheiten eingepackt und an einen anderen Bienenstand verbracht.<\/p>\n<p>Nach knapp zwei Wochen sind\u00a09 (von 10) begattete K\u00f6niginnen in den Ablegern, die auch schon Stifte legten.<\/p>\n<p>* Hierf\u00fcr wurde ein handels\u00fcblicher Futterteig mit Puderzucker verknetet bis er an der Hand nicht mehr klebrig war. So soll verhindert werden, dass der Teig bei W\u00e4rme fl\u00fcssig wird und im Versandk\u00e4fig die Bienen verklebt.<\/p>\n","protected":false},"excerpt":{"rendered":"<p>Heute nun der etwas ausf\u00fchrlichere Bericht zum letzten Schritt der V\u00f6lkervermehrung. Aus allen angepflegten und gek\u00e4figten Weiselzellen (20 von 26) ist eine K\u00f6nigin geschl\u00fcpft. Die Aufgabe war es nun, einen Teil der K\u00f6niginnen versandfertig zu machen und die \u00dcbrigen in Begattungsableger umzusiedeln. Zehn K\u00f6niginnen waren nach Norddeutschland versprochen. Dazu wurden &#8230;<\/p>\n","protected":false},"author":1,"featured_media":987,"comment_status":"open","ping_status":"closed","sticky":false,"template":"","format":"standard","meta":{"_jetpack_memberships_contains_paid_content":false,"footnotes":""},"categories":[7,3],"tags":[],"class_list":["post-976","post","type-post","status-publish","format-standard","has-post-thumbnail","hentry","category-allgemein","category-bienenhaltung","column","twocol","has-thumbnail"],"jetpack_sharing_enabled":true,"jetpack_featured_media_url":"https:\/\/rheinhessen-imker.de\/wp-content\/uploads\/2015\/07\/Bienen_2015-06-16_17-17-09.jpg","jetpack_shortlink":"https:\/\/wp.me\/p5t9Ps-fK","_links":{"self":[{"href":"https:\/\/rheinhessen-imker.de\/index.php?rest_route=\/wp\/v2\/posts\/976","targetHints":{"allow":["GET"]}}],"collection":[{"href":"https:\/\/rheinhessen-imker.de\/index.php?rest_route=\/wp\/v2\/posts"}],"about":[{"href":"https:\/\/rheinhessen-imker.de\/index.php?rest_route=\/wp\/v2\/types\/post"}],"author":[{"embeddable":true,"href":"https:\/\/rheinhessen-imker.de\/index.php?rest_route=\/wp\/v2\/users\/1"}],"replies":[{"embeddable":true,"href":"https:\/\/rheinhessen-imker.de\/index.php?rest_route=%2Fwp%2Fv2%2Fcomments&post=976"}],"version-history":[{"count":6,"href":"https:\/\/rheinhessen-imker.de\/index.php?rest_route=\/wp\/v2\/posts\/976\/revisions"}],"predecessor-version":[{"id":1000,"href":"https:\/\/rheinhessen-imker.de\/index.php?rest_route=\/wp\/v2\/posts\/976\/revisions\/1000"}],"wp:featuredmedia":[{"embeddable":true,"href":"https:\/\/rheinhessen-imker.de\/index.php?rest_route=\/wp\/v2\/media\/987"}],"wp:attachment":[{"href":"https:\/\/rheinhessen-imker.de\/index.php?rest_route=%2Fwp%2Fv2%2Fmedia&parent=976"}],"wp:term":[{"taxonomy":"category","embeddable":true,"href":"https:\/\/rheinhessen-imker.de\/index.php?rest_route=%2Fwp%2Fv2%2Fcategories&post=976"},{"taxonomy":"post_tag","embeddable":true,"href":"https:\/\/rheinhessen-imker.de\/index.php?rest_route=%2Fwp%2Fv2%2Ftags&post=976"}],"curies":[{"name":"wp","href":"https:\/\/api.w.org\/{rel}","templated":true}]}}